{"id":9102,"date":"2017-10-19T13:42:51","date_gmt":"2017-10-19T13:42:51","guid":{"rendered":"https:\/\/www.mercatflor.cat\/sin-categoria-fr\/2017\/10\/31-doctubre-mercat-extraordinari-2\/"},"modified":"2017-10-19T13:55:07","modified_gmt":"2017-10-19T13:55:07","slug":"31-doctubre-mercat-extraordinari","status":"publish","type":"post","link":"https:\/\/www.mercatflor.cat\/fr\/sin-categoria-fr\/2017\/10\/31-doctubre-mercat-extraordinari\/","title":{"rendered":"31 octobre: March\u00e9 Extraordinaire"},"content":{"rendered":"<p>Afin d&rsquo;offrir un bon service \u00e0 nos clients pour le Jour de la Toussaint, il a \u00e9t\u00e9 pr\u00e9vu la r\u00e9alisation d&rsquo;un <strong>MARCH\u00c9 EXTRAORDINAIRE<\/strong> le Mardi<strong> 31 OCTOBRE<\/strong> prochain, dans lequel le service de Vente Directe sera ouvert <strong>le matin de 9h \u00e0 13h<\/strong>.<\/p>\n","protected":false},"excerpt":{"rendered":"<p>Afin d&rsquo;offrir un bon service \u00e0 nos clients pour le Jour de la Toussaint, il a \u00e9t\u00e9 pr\u00e9vu la r\u00e9alisation d&rsquo;un MARCH\u00c9 EXTRAORDINAIRE le Mardi 31 OCTOBRE prochain, dans lequel le service de Vente Directe sera ouvert le matin de 9h \u00e0 13h.<\/p>\n","protected":false},"author":2,"featured_media":9100,"comment_status":"closed","ping_status":"closed","sticky":false,"template":"","format":"standard","meta":{"footnotes":""},"categories":[104,3],"tags":[],"class_list":["post-9102","post","type-post","status-publish","format-standard","has-post-thumbnail","hentry","category-nouvelles","category-sin-categoria-fr"],"aioseo_notices":[],"aioseo_head":"\n\t\t<!-- All in One SEO 5.0.0.1 - aioseo.com -->\n\t<meta name=\"description\" content=\"Afin d&#039;offrir un bon service \u00e0 nos clients pour le Jour de la Toussaint, il a \u00e9t\u00e9 pr\u00e9vu la r\u00e9alisation d&#039;un MARCH\u00c9 EXTRAORDINAIRE le Mardi 31 OCTOBRE prochain, dans lequel le service de Vente Directe sera ouvert le matin de 9h \u00e0 13h.\" \/>\n\t<meta name=\"robots\" content=\"max-image-preview:large\" \/>\n\t<meta name=\"author\" content=\"Agn\u00e8s Cespedes\"\/>\n\t<link rel=\"canonical\" href=\"https:\/\/www.mercatflor.cat\/fr\/sin-categoria-fr\/2017\/10\/31-doctubre-mercat-extraordinari\/\" \/>\n\t<meta name=\"generator\" content=\"All in One SEO (AIOSEO) 5.0.0.1\" \/>\n\t\t<meta property=\"og:locale\" content=\"fr_FR\" \/>\n\t\t<meta property=\"og:site_name\" content=\"Mercat de Flor i Planta Ornamental |\" \/>\n\t\t<meta property=\"og:type\" content=\"article\" \/>\n\t\t<meta property=\"og:title\" content=\"31 octobre: March\u00e9 Extraordinaire | Mercat de Flor i Planta Ornamental\" \/>\n\t\t<meta property=\"og:description\" content=\"Afin d&#039;offrir un bon service \u00e0 nos clients pour le Jour de la Toussaint, il a \u00e9t\u00e9 pr\u00e9vu la r\u00e9alisation d&#039;un MARCH\u00c9 EXTRAORDINAIRE le Mardi 31 OCTOBRE prochain, dans lequel le service de Vente Directe sera ouvert le matin de 9h \u00e0 13h.\" \/>\n\t\t<meta property=\"og:url\" content=\"https:\/\/www.mercatflor.cat\/fr\/sin-categoria-fr\/2017\/10\/31-doctubre-mercat-extraordinari\/\" \/>\n\t\t<meta property=\"article:published_time\" content=\"2017-10-19T13:42:51+00:00\" \/>\n\t\t<meta property=\"article:modified_time\" content=\"2017-10-19T13:55:07+00:00\" \/>\n\t\t<meta name=\"twitter:card\" content=\"summary\" \/>\n\t\t<meta name=\"twitter:title\" content=\"31 octobre: March\u00e9 Extraordinaire | Mercat de Flor i Planta Ornamental\" \/>\n\t\t<meta name=\"twitter:description\" content=\"Afin d&#039;offrir un bon service \u00e0 nos clients pour le Jour de la Toussaint, il a \u00e9t\u00e9 pr\u00e9vu la r\u00e9alisation d&#039;un MARCH\u00c9 EXTRAORDINAIRE le Mardi 31 OCTOBRE prochain, dans lequel le service de Vente Directe sera ouvert le matin de 9h \u00e0 13h.\" \/>\n\t\t<script type=\"application\/ld+json\" class=\"aioseo-schema\">\n\t\t\t{\"@context\":\"https:\\\/\\\/schema.org\",\"@graph\":[{\"@type\":\"Article\",\"@id\":\"https:\\\/\\\/www.mercatflor.cat\\\/fr\\\/sin-categoria-fr\\\/2017\\\/10\\\/31-doctubre-mercat-extraordinari\\\/#article\",\"name\":\"31 octobre: March\\u00e9 Extraordinaire | Mercat de Flor i Planta Ornamental\",\"headline\":\"31 octobre: March\\u00e9 Extraordinaire\",\"author\":{\"@id\":\"https:\\\/\\\/www.mercatflor.cat\\\/fr\\\/author\\\/promocio\\\/#author\"},\"publisher\":{\"@id\":\"https:\\\/\\\/www.mercatflor.cat\\\/fr\\\/#organization\"},\"image\":{\"@type\":\"ImageObject\",\"url\":\"https:\\\/\\\/www.mercatflor.cat\\\/wp-content\\\/uploads\\\/2017\\\/10\\\/31octubre-Web-FR.jpg\",\"width\":349,\"height\":262},\"datePublished\":\"2017-10-19T13:42:51+00:00\",\"dateModified\":\"2017-10-19T13:55:07+00:00\",\"inLanguage\":\"fr-FR\",\"mainEntityOfPage\":{\"@id\":\"https:\\\/\\\/www.mercatflor.cat\\\/fr\\\/sin-categoria-fr\\\/2017\\\/10\\\/31-doctubre-mercat-extraordinari\\\/#webpage\"},\"isPartOf\":{\"@id\":\"https:\\\/\\\/www.mercatflor.cat\\\/fr\\\/sin-categoria-fr\\\/2017\\\/10\\\/31-doctubre-mercat-extraordinari\\\/#webpage\"},\"articleSection\":\"Nouvelles, Sin categor\\u00eda @fr\"},{\"@type\":\"BreadcrumbList\",\"@id\":\"https:\\\/\\\/www.mercatflor.cat\\\/fr\\\/sin-categoria-fr\\\/2017\\\/10\\\/31-doctubre-mercat-extraordinari\\\/#breadcrumblist\",\"itemListElement\":[{\"@type\":\"ListItem\",\"@id\":\"https:\\\/\\\/www.mercatflor.cat\\\/fr\\\/#listItem\",\"position\":1,\"name\":\"Home\",\"item\":\"https:\\\/\\\/www.mercatflor.cat\\\/fr\\\/\",\"nextItem\":{\"@type\":\"ListItem\",\"@id\":\"https:\\\/\\\/www.mercatflor.cat\\\/fr\\\/category\\\/sin-categoria-fr\\\/#listItem\",\"name\":\"Sin categor\\u00eda @fr\"}},{\"@type\":\"ListItem\",\"@id\":\"https:\\\/\\\/www.mercatflor.cat\\\/fr\\\/category\\\/sin-categoria-fr\\\/#listItem\",\"position\":2,\"name\":\"Sin categor\\u00eda @fr\",\"item\":\"https:\\\/\\\/www.mercatflor.cat\\\/fr\\\/category\\\/sin-categoria-fr\\\/\",\"nextItem\":{\"@type\":\"ListItem\",\"@id\":\"https:\\\/\\\/www.mercatflor.cat\\\/fr\\\/sin-categoria-fr\\\/2017\\\/10\\\/31-doctubre-mercat-extraordinari\\\/#listItem\",\"name\":\"31 octobre: March\\u00e9 Extraordinaire\"},\"previousItem\":{\"@type\":\"ListItem\",\"@id\":\"https:\\\/\\\/www.mercatflor.cat\\\/fr\\\/#listItem\",\"name\":\"Home\"}},{\"@type\":\"ListItem\",\"@id\":\"https:\\\/\\\/www.mercatflor.cat\\\/fr\\\/sin-categoria-fr\\\/2017\\\/10\\\/31-doctubre-mercat-extraordinari\\\/#listItem\",\"position\":3,\"name\":\"31 octobre: March\\u00e9 Extraordinaire\",\"previousItem\":{\"@type\":\"ListItem\",\"@id\":\"https:\\\/\\\/www.mercatflor.cat\\\/fr\\\/category\\\/sin-categoria-fr\\\/#listItem\",\"name\":\"Sin categor\\u00eda @fr\"}}]},{\"@type\":\"Organization\",\"@id\":\"https:\\\/\\\/www.mercatflor.cat\\\/fr\\\/#organization\",\"name\":\"Mercat de Flor i Planta Ornamental\",\"url\":\"https:\\\/\\\/www.mercatflor.cat\\\/fr\\\/\"},{\"@type\":\"Person\",\"@id\":\"https:\\\/\\\/www.mercatflor.cat\\\/fr\\\/author\\\/promocio\\\/#author\",\"url\":\"https:\\\/\\\/www.mercatflor.cat\\\/fr\\\/author\\\/promocio\\\/\",\"name\":\"Agn\\u00e8s Cespedes\",\"image\":{\"@type\":\"ImageObject\",\"@id\":\"https:\\\/\\\/www.mercatflor.cat\\\/fr\\\/sin-categoria-fr\\\/2017\\\/10\\\/31-doctubre-mercat-extraordinari\\\/#authorImage\",\"url\":\"https:\\\/\\\/secure.gravatar.com\\\/avatar\\\/bcf16198e7ce572c825d1d9be24adef449a41d47a5cc2fad5a45e8cb5f882c7d?s=96&d=mm&r=g\",\"width\":96,\"height\":96,\"caption\":\"Agn\\u00e8s Cespedes\"}},{\"@type\":\"WebPage\",\"@id\":\"https:\\\/\\\/www.mercatflor.cat\\\/fr\\\/sin-categoria-fr\\\/2017\\\/10\\\/31-doctubre-mercat-extraordinari\\\/#webpage\",\"url\":\"https:\\\/\\\/www.mercatflor.cat\\\/fr\\\/sin-categoria-fr\\\/2017\\\/10\\\/31-doctubre-mercat-extraordinari\\\/\",\"name\":\"31 octobre: March\\u00e9 Extraordinaire | Mercat de Flor i Planta Ornamental\",\"description\":\"Afin d'offrir un bon service \\u00e0 nos clients pour le Jour de la Toussaint, il a \\u00e9t\\u00e9 pr\\u00e9vu la r\\u00e9alisation d'un MARCH\\u00c9 EXTRAORDINAIRE le Mardi 31 OCTOBRE prochain, dans lequel le service de Vente Directe sera ouvert le matin de 9h \\u00e0 13h.\",\"inLanguage\":\"fr-FR\",\"isPartOf\":{\"@id\":\"https:\\\/\\\/www.mercatflor.cat\\\/fr\\\/#website\"},\"breadcrumb\":{\"@id\":\"https:\\\/\\\/www.mercatflor.cat\\\/fr\\\/sin-categoria-fr\\\/2017\\\/10\\\/31-doctubre-mercat-extraordinari\\\/#breadcrumblist\"},\"author\":{\"@id\":\"https:\\\/\\\/www.mercatflor.cat\\\/fr\\\/author\\\/promocio\\\/#author\"},\"creator\":{\"@id\":\"https:\\\/\\\/www.mercatflor.cat\\\/fr\\\/author\\\/promocio\\\/#author\"},\"image\":{\"@type\":\"ImageObject\",\"url\":\"https:\\\/\\\/www.mercatflor.cat\\\/wp-content\\\/uploads\\\/2017\\\/10\\\/31octubre-Web-FR.jpg\",\"@id\":\"https:\\\/\\\/www.mercatflor.cat\\\/fr\\\/sin-categoria-fr\\\/2017\\\/10\\\/31-doctubre-mercat-extraordinari\\\/#mainImage\",\"width\":349,\"height\":262},\"primaryImageOfPage\":{\"@id\":\"https:\\\/\\\/www.mercatflor.cat\\\/fr\\\/sin-categoria-fr\\\/2017\\\/10\\\/31-doctubre-mercat-extraordinari\\\/#mainImage\"},\"datePublished\":\"2017-10-19T13:42:51+00:00\",\"dateModified\":\"2017-10-19T13:55:07+00:00\"},{\"@type\":\"WebSite\",\"@id\":\"https:\\\/\\\/www.mercatflor.cat\\\/fr\\\/#website\",\"url\":\"https:\\\/\\\/www.mercatflor.cat\\\/fr\\\/\",\"name\":\"Mercat de Flor i Planta Ornamental\",\"inLanguage\":\"fr-FR\",\"publisher\":{\"@id\":\"https:\\\/\\\/www.mercatflor.cat\\\/fr\\\/#organization\"}}]}\n\t\t<\/script>\n\t\t<!-- All in One SEO -->\n\n","aioseo_head_json":{"title":"31 octobre: March\u00e9 Extraordinaire | Mercat de Flor i Planta Ornamental","description":"Afin d'offrir un bon service \u00e0 nos clients pour le Jour de la Toussaint, il a \u00e9t\u00e9 pr\u00e9vu la r\u00e9alisation d'un MARCH\u00c9 EXTRAORDINAIRE le Mardi 31 OCTOBRE prochain, dans lequel le service de Vente Directe sera ouvert le matin de 9h \u00e0 13h.","canonical_url":"https:\/\/www.mercatflor.cat\/fr\/sin-categoria-fr\/2017\/10\/31-doctubre-mercat-extraordinari\/","robots":"max-image-preview:large","keywords":"","webmasterTools":{"miscellaneous":""},"schema":{"@context":"https:\/\/schema.org","@graph":[{"@type":"Article","@id":"https:\/\/www.mercatflor.cat\/fr\/sin-categoria-fr\/2017\/10\/31-doctubre-mercat-extraordinari\/#article","name":"31 octobre: March\u00e9 Extraordinaire | Mercat de Flor i Planta Ornamental","headline":"31 octobre: March\u00e9 Extraordinaire","author":{"@id":"https:\/\/www.mercatflor.cat\/fr\/author\/promocio\/#author"},"publisher":{"@id":"https:\/\/www.mercatflor.cat\/fr\/#organization"},"image":{"@type":"ImageObject","url":"https:\/\/www.mercatflor.cat\/wp-content\/uploads\/2017\/10\/31octubre-Web-FR.jpg","width":349,"height":262},"datePublished":"2017-10-19T13:42:51+00:00","dateModified":"2017-10-19T13:55:07+00:00","inLanguage":"fr-FR","mainEntityOfPage":{"@id":"https:\/\/www.mercatflor.cat\/fr\/sin-categoria-fr\/2017\/10\/31-doctubre-mercat-extraordinari\/#webpage"},"isPartOf":{"@id":"https:\/\/www.mercatflor.cat\/fr\/sin-categoria-fr\/2017\/10\/31-doctubre-mercat-extraordinari\/#webpage"},"articleSection":"Nouvelles, Sin categor\u00eda @fr"},{"@type":"BreadcrumbList","@id":"https:\/\/www.mercatflor.cat\/fr\/sin-categoria-fr\/2017\/10\/31-doctubre-mercat-extraordinari\/#breadcrumblist","itemListElement":[{"@type":"ListItem","@id":"https:\/\/www.mercatflor.cat\/fr\/#listItem","position":1,"name":"Home","item":"https:\/\/www.mercatflor.cat\/fr\/","nextItem":{"@type":"ListItem","@id":"https:\/\/www.mercatflor.cat\/fr\/category\/sin-categoria-fr\/#listItem","name":"Sin categor\u00eda @fr"}},{"@type":"ListItem","@id":"https:\/\/www.mercatflor.cat\/fr\/category\/sin-categoria-fr\/#listItem","position":2,"name":"Sin categor\u00eda @fr","item":"https:\/\/www.mercatflor.cat\/fr\/category\/sin-categoria-fr\/","nextItem":{"@type":"ListItem","@id":"https:\/\/www.mercatflor.cat\/fr\/sin-categoria-fr\/2017\/10\/31-doctubre-mercat-extraordinari\/#listItem","name":"31 octobre: March\u00e9 Extraordinaire"},"previousItem":{"@type":"ListItem","@id":"https:\/\/www.mercatflor.cat\/fr\/#listItem","name":"Home"}},{"@type":"ListItem","@id":"https:\/\/www.mercatflor.cat\/fr\/sin-categoria-fr\/2017\/10\/31-doctubre-mercat-extraordinari\/#listItem","position":3,"name":"31 octobre: March\u00e9 Extraordinaire","previousItem":{"@type":"ListItem","@id":"https:\/\/www.mercatflor.cat\/fr\/category\/sin-categoria-fr\/#listItem","name":"Sin categor\u00eda @fr"}}]},{"@type":"Organization","@id":"https:\/\/www.mercatflor.cat\/fr\/#organization","name":"Mercat de Flor i Planta Ornamental","url":"https:\/\/www.mercatflor.cat\/fr\/"},{"@type":"Person","@id":"https:\/\/www.mercatflor.cat\/fr\/author\/promocio\/#author","url":"https:\/\/www.mercatflor.cat\/fr\/author\/promocio\/","name":"Agn\u00e8s Cespedes","image":{"@type":"ImageObject","@id":"https:\/\/www.mercatflor.cat\/fr\/sin-categoria-fr\/2017\/10\/31-doctubre-mercat-extraordinari\/#authorImage","url":"https:\/\/secure.gravatar.com\/avatar\/bcf16198e7ce572c825d1d9be24adef449a41d47a5cc2fad5a45e8cb5f882c7d?s=96&d=mm&r=g","width":96,"height":96,"caption":"Agn\u00e8s Cespedes"}},{"@type":"WebPage","@id":"https:\/\/www.mercatflor.cat\/fr\/sin-categoria-fr\/2017\/10\/31-doctubre-mercat-extraordinari\/#webpage","url":"https:\/\/www.mercatflor.cat\/fr\/sin-categoria-fr\/2017\/10\/31-doctubre-mercat-extraordinari\/","name":"31 octobre: March\u00e9 Extraordinaire | Mercat de Flor i Planta Ornamental","description":"Afin d'offrir un bon service \u00e0 nos clients pour le Jour de la Toussaint, il a \u00e9t\u00e9 pr\u00e9vu la r\u00e9alisation d'un MARCH\u00c9 EXTRAORDINAIRE le Mardi 31 OCTOBRE prochain, dans lequel le service de Vente Directe sera ouvert le matin de 9h \u00e0 13h.","inLanguage":"fr-FR","isPartOf":{"@id":"https:\/\/www.mercatflor.cat\/fr\/#website"},"breadcrumb":{"@id":"https:\/\/www.mercatflor.cat\/fr\/sin-categoria-fr\/2017\/10\/31-doctubre-mercat-extraordinari\/#breadcrumblist"},"author":{"@id":"https:\/\/www.mercatflor.cat\/fr\/author\/promocio\/#author"},"creator":{"@id":"https:\/\/www.mercatflor.cat\/fr\/author\/promocio\/#author"},"image":{"@type":"ImageObject","url":"https:\/\/www.mercatflor.cat\/wp-content\/uploads\/2017\/10\/31octubre-Web-FR.jpg","@id":"https:\/\/www.mercatflor.cat\/fr\/sin-categoria-fr\/2017\/10\/31-doctubre-mercat-extraordinari\/#mainImage","width":349,"height":262},"primaryImageOfPage":{"@id":"https:\/\/www.mercatflor.cat\/fr\/sin-categoria-fr\/2017\/10\/31-doctubre-mercat-extraordinari\/#mainImage"},"datePublished":"2017-10-19T13:42:51+00:00","dateModified":"2017-10-19T13:55:07+00:00"},{"@type":"WebSite","@id":"https:\/\/www.mercatflor.cat\/fr\/#website","url":"https:\/\/www.mercatflor.cat\/fr\/","name":"Mercat de Flor i Planta Ornamental","inLanguage":"fr-FR","publisher":{"@id":"https:\/\/www.mercatflor.cat\/fr\/#organization"}}]},"og:locale":"fr_FR","og:site_name":"Mercat de Flor i Planta Ornamental |","og:type":"article","og:title":"31 octobre: March\u00e9 Extraordinaire | Mercat de Flor i Planta Ornamental","og:description":"Afin d'offrir un bon service \u00e0 nos clients pour le Jour de la Toussaint, il a \u00e9t\u00e9 pr\u00e9vu la r\u00e9alisation d'un MARCH\u00c9 EXTRAORDINAIRE le Mardi 31 OCTOBRE prochain, dans lequel le service de Vente Directe sera ouvert le matin de 9h \u00e0 13h.","og:url":"https:\/\/www.mercatflor.cat\/fr\/sin-categoria-fr\/2017\/10\/31-doctubre-mercat-extraordinari\/","article:published_time":"2017-10-19T13:42:51+00:00","article:modified_time":"2017-10-19T13:55:07+00:00","twitter:card":"summary","twitter:title":"31 octobre: March\u00e9 Extraordinaire | Mercat de Flor i Planta Ornamental","twitter:description":"Afin d'offrir un bon service \u00e0 nos clients pour le Jour de la Toussaint, il a \u00e9t\u00e9 pr\u00e9vu la r\u00e9alisation d'un MARCH\u00c9 EXTRAORDINAIRE le Mardi 31 OCTOBRE prochain, dans lequel le service de Vente Directe sera ouvert le matin de 9h \u00e0 13h."},"aioseo_meta_data":{"post_id":"9102","title":null,"description":null,"keywords":null,"keyphrases":null,"canonical_url":null,"og_title":null,"og_description":null,"og_object_type":"default","og_image_type":"default","og_image_url":null,"og_image_width":null,"og_image_height":null,"og_image_custom_url":null,"og_image_custom_fields":null,"og_video":null,"og_custom_url":null,"og_article_section":null,"og_article_tags":null,"twitter_use_og":false,"twitter_card":"default","twitter_image_type":"default","twitter_image_url":null,"twitter_image_custom_url":null,"twitter_image_custom_fields":null,"twitter_title":null,"twitter_description":null,"schema":{"blockGraphs":[],"customGraphs":[],"default":{"data":{"Article":[],"Course":[],"Dataset":[],"FAQPage":[],"Movie":[],"Person":[],"Product":[],"ProductReview":[],"Car":[],"Recipe":[],"Service":[],"SoftwareApplication":[],"WebPage":[]},"graphName":"","isEnabled":true},"graphs":[]},"schema_type":null,"schema_type_options":null,"pillar_content":false,"robots_default":true,"robots_noindex":false,"robots_noarchive":false,"robots_nosnippet":false,"robots_nofollow":false,"robots_noimageindex":false,"robots_noodp":false,"robots_notranslate":false,"robots_max_snippet":null,"robots_max_videopreview":null,"robots_max_imagepreview":"large","priority":null,"frequency":null,"local_seo":null,"breadcrumb_settings":null,"limit_modified_date":false,"ai":null,"created":"2021-01-21 16:01:42","updated":"2025-10-03 01:00:41","primary_term":null,"seo_analyzer_scan_date":null,"focus_keyword":null,"additional_keywords":null,"truseo_locale":null},"aioseo_breadcrumb":"<div class=\"aioseo-breadcrumbs\"><span class=\"aioseo-breadcrumb\">\n\t\t\t<a href=\"https:\/\/www.mercatflor.cat\/fr\/\" title=\"Home\">Home<\/a>\n\t\t<\/span><span class=\"aioseo-breadcrumb-separator\">&raquo;<\/span><span class=\"aioseo-breadcrumb\">\n\t\t\t<a href=\"https:\/\/www.mercatflor.cat\/fr\/category\/sin-categoria-fr\/\" title=\"Sin categor\u00eda @fr\">Sin categor\u00eda @fr<\/a>\n\t\t<\/span><span class=\"aioseo-breadcrumb-separator\">&raquo;<\/span><span class=\"aioseo-breadcrumb\">\n\t\t\t31 octobre: March\u00e9 Extraordinaire\n\t\t<\/span><\/div>","aioseo_breadcrumb_json":[{"label":"Home","link":"https:\/\/www.mercatflor.cat\/fr\/"},{"label":"Sin categor\u00eda @fr","link":"https:\/\/www.mercatflor.cat\/fr\/category\/sin-categoria-fr\/"},{"label":"31 octobre: March\u00e9 Extraordinaire","link":"https:\/\/www.mercatflor.cat\/fr\/sin-categoria-fr\/2017\/10\/31-doctubre-mercat-extraordinari\/"}],"_links":{"self":[{"href":"https:\/\/www.mercatflor.cat\/fr\/wp-json\/wp\/v2\/posts\/9102","targetHints":{"allow":["GET"]}}],"collection":[{"href":"https:\/\/www.mercatflor.cat\/fr\/wp-json\/wp\/v2\/posts"}],"about":[{"href":"https:\/\/www.mercatflor.cat\/fr\/wp-json\/wp\/v2\/types\/post"}],"author":[{"embeddable":true,"href":"https:\/\/www.mercatflor.cat\/fr\/wp-json\/wp\/v2\/users\/2"}],"replies":[{"embeddable":true,"href":"https:\/\/www.mercatflor.cat\/fr\/wp-json\/wp\/v2\/comments?post=9102"}],"version-history":[{"count":2,"href":"https:\/\/www.mercatflor.cat\/fr\/wp-json\/wp\/v2\/posts\/9102\/revisions"}],"predecessor-version":[{"id":9107,"href":"https:\/\/www.mercatflor.cat\/fr\/wp-json\/wp\/v2\/posts\/9102\/revisions\/9107"}],"wp:featuredmedia":[{"embeddable":true,"href":"https:\/\/www.mercatflor.cat\/fr\/wp-json\/wp\/v2\/media\/9100"}],"wp:attachment":[{"href":"https:\/\/www.mercatflor.cat\/fr\/wp-json\/wp\/v2\/media?parent=9102"}],"wp:term":[{"taxonomy":"category","embeddable":true,"href":"https:\/\/www.mercatflor.cat\/fr\/wp-json\/wp\/v2\/categories?post=9102"},{"taxonomy":"post_tag","embeddable":true,"href":"https:\/\/www.mercatflor.cat\/fr\/wp-json\/wp\/v2\/tags?post=9102"}],"curies":[{"name":"wp","href":"https:\/\/api.w.org\/{rel}","templated":true}]}}