{"id":8705,"date":"2017-03-24T14:41:14","date_gmt":"2017-03-24T14:41:14","guid":{"rendered":"https:\/\/www.mercatflor.cat\/sin-categoria-fr\/2017\/03\/la-primavera-sha-apoderat-del-mercat-2\/"},"modified":"2017-03-24T15:47:31","modified_gmt":"2017-03-24T15:47:31","slug":"la-primavera-sha-apoderat-del-mercat","status":"publish","type":"post","link":"https:\/\/www.mercatflor.cat\/fr\/sin-categoria-fr\/2017\/03\/la-primavera-sha-apoderat-del-mercat\/","title":{"rendered":"Le printemps s&rsquo;est empar\u00e9 du Mercat"},"content":{"rendered":"<p>La salle de vente du Mercat de Flor i Planta Ornamental de Catalunya pr\u00e9sente d\u00e9j\u00e0 la grande offre de fleurs et de plantes propre de la station la plus fleurie de l&rsquo;ann\u00e9e. Le printemps a fait sa pr\u00e9sence dans tous ses coins, et depuis d\u00e9j\u00e0 quelques jours, des marguerites, des g\u00e9raniums, des p\u00e9tunias, dipladenias, osteospermums, bouganvilleas, des oeillets, et une grand assortiment de plantes aromatiques et vivaces s&rsquo;offre aux fleuristes et des jardiniers \u00e0 remplir d&rsquo;une couleur des jardins et des balcons, des rues et des places de la Catalogne et aussi le sud de la France.<\/p>\n<p>&nbsp;<\/p>\n<p>Cette ann\u00e9e la gamme a \u00e9t\u00e9 agrandie par rapport \u00e0 l&rsquo;ann\u00e9e pass\u00e9e et on peuve trouver de nouvelles vari\u00e9t\u00e9s, de nouvelles couleurs et pr\u00e9sentations dans des containers de couleur et de formats innovateurs.<br \/>\nVenez \u00e0 jeter votre d\u00e9volu sur le march\u00e9! Nous vous assurons que vous sortez avec la voiture pleine!<\/p>\n<p><a href=\"https:\/\/www.mercatflor.cat\/wp-content\/uploads\/2017\/03\/IMG_0671.jpg\"><img loading=\"lazy\" decoding=\"async\" class=\"alignnone wp-image-8697 size-medium\" src=\"https:\/\/www.mercatflor.cat\/wp-content\/uploads\/2017\/03\/IMG_0671-300x200.jpg\" alt=\"\" width=\"300\" height=\"200\" srcset=\"https:\/\/www.mercatflor.cat\/wp-content\/uploads\/2017\/03\/IMG_0671-300x200.jpg 300w, https:\/\/www.mercatflor.cat\/wp-content\/uploads\/2017\/03\/IMG_0671-214x143.jpg 214w, https:\/\/www.mercatflor.cat\/wp-content\/uploads\/2017\/03\/IMG_0671.jpg 600w\" sizes=\"auto, (max-width: 300px) 100vw, 300px\" \/><\/a> <a href=\"https:\/\/www.mercatflor.cat\/wp-content\/uploads\/2017\/03\/DSC_0087.jpg\"><img loading=\"lazy\" decoding=\"async\" class=\"alignnone wp-image-8696 size-medium\" src=\"https:\/\/www.mercatflor.cat\/wp-content\/uploads\/2017\/03\/DSC_0087-300x199.jpg\" alt=\"\" width=\"300\" height=\"199\" srcset=\"https:\/\/www.mercatflor.cat\/wp-content\/uploads\/2017\/03\/DSC_0087-300x199.jpg 300w, https:\/\/www.mercatflor.cat\/wp-content\/uploads\/2017\/03\/DSC_0087-214x142.jpg 214w, https:\/\/www.mercatflor.cat\/wp-content\/uploads\/2017\/03\/DSC_0087.jpg 601w\" sizes=\"auto, (max-width: 300px) 100vw, 300px\" \/><\/a> <a href=\"https:\/\/www.mercatflor.cat\/wp-content\/uploads\/2017\/03\/DSC_0081.jpg\"><img loading=\"lazy\" decoding=\"async\" class=\"alignnone wp-image-8695 size-medium\" src=\"https:\/\/www.mercatflor.cat\/wp-content\/uploads\/2017\/03\/DSC_0081-300x199.jpg\" alt=\"\" width=\"300\" height=\"199\" srcset=\"https:\/\/www.mercatflor.cat\/wp-content\/uploads\/2017\/03\/DSC_0081-300x199.jpg 300w, https:\/\/www.mercatflor.cat\/wp-content\/uploads\/2017\/03\/DSC_0081-214x142.jpg 214w, https:\/\/www.mercatflor.cat\/wp-content\/uploads\/2017\/03\/DSC_0081.jpg 601w\" sizes=\"auto, (max-width: 300px) 100vw, 300px\" \/><\/a> <a href=\"https:\/\/www.mercatflor.cat\/wp-content\/uploads\/2017\/03\/DSC_0076.jpg\"><img loading=\"lazy\" decoding=\"async\" class=\"alignnone wp-image-8694 size-medium\" src=\"https:\/\/www.mercatflor.cat\/wp-content\/uploads\/2017\/03\/DSC_0076-300x199.jpg\" alt=\"\" width=\"300\" height=\"199\" srcset=\"https:\/\/www.mercatflor.cat\/wp-content\/uploads\/2017\/03\/DSC_0076-300x199.jpg 300w, https:\/\/www.mercatflor.cat\/wp-content\/uploads\/2017\/03\/DSC_0076-214x142.jpg 214w, https:\/\/www.mercatflor.cat\/wp-content\/uploads\/2017\/03\/DSC_0076.jpg 601w\" sizes=\"auto, (max-width: 300px) 100vw, 300px\" \/><\/a> <a href=\"https:\/\/www.mercatflor.cat\/wp-content\/uploads\/2017\/03\/DSC_0039.jpg\"><img loading=\"lazy\" decoding=\"async\" class=\"alignnone wp-image-8693 size-medium\" src=\"https:\/\/www.mercatflor.cat\/wp-content\/uploads\/2017\/03\/DSC_0039-300x199.jpg\" alt=\"\" width=\"300\" height=\"199\" srcset=\"https:\/\/www.mercatflor.cat\/wp-content\/uploads\/2017\/03\/DSC_0039-300x199.jpg 300w, https:\/\/www.mercatflor.cat\/wp-content\/uploads\/2017\/03\/DSC_0039-214x142.jpg 214w, https:\/\/www.mercatflor.cat\/wp-content\/uploads\/2017\/03\/DSC_0039.jpg 601w\" sizes=\"auto, (max-width: 300px) 100vw, 300px\" \/><\/a> <a href=\"https:\/\/www.mercatflor.cat\/wp-content\/uploads\/2017\/03\/DSC_0012.jpg\"><img loading=\"lazy\" decoding=\"async\" class=\"alignnone wp-image-8689 size-medium\" src=\"https:\/\/www.mercatflor.cat\/wp-content\/uploads\/2017\/03\/DSC_0012-300x199.jpg\" alt=\"\" width=\"300\" height=\"199\" srcset=\"https:\/\/www.mercatflor.cat\/wp-content\/uploads\/2017\/03\/DSC_0012-300x199.jpg 300w, https:\/\/www.mercatflor.cat\/wp-content\/uploads\/2017\/03\/DSC_0012-214x142.jpg 214w, https:\/\/www.mercatflor.cat\/wp-content\/uploads\/2017\/03\/DSC_0012.jpg 601w\" sizes=\"auto, (max-width: 300px) 100vw, 300px\" \/><img loading=\"lazy\" decoding=\"async\" class=\"alignnone wp-image-8687 size-medium\" src=\"https:\/\/www.mercatflor.cat\/wp-content\/uploads\/2017\/03\/DSC_0003-300x199.jpg\" alt=\"\" width=\"300\" height=\"199\" srcset=\"https:\/\/www.mercatflor.cat\/wp-content\/uploads\/2017\/03\/DSC_0003-300x199.jpg 300w, https:\/\/www.mercatflor.cat\/wp-content\/uploads\/2017\/03\/DSC_0003-214x142.jpg 214w, https:\/\/www.mercatflor.cat\/wp-content\/uploads\/2017\/03\/DSC_0003.jpg 601w\" sizes=\"auto, (max-width: 300px) 100vw, 300px\" \/><\/a>\u00a0<a href=\"https:\/\/www.mercatflor.cat\/wp-content\/uploads\/2017\/03\/DSC_0031.jpg\"><img loading=\"lazy\" decoding=\"async\" class=\"alignnone wp-image-8692 size-medium\" src=\"https:\/\/www.mercatflor.cat\/wp-content\/uploads\/2017\/03\/DSC_0031-300x199.jpg\" alt=\"\" width=\"300\" height=\"199\" srcset=\"https:\/\/www.mercatflor.cat\/wp-content\/uploads\/2017\/03\/DSC_0031-300x199.jpg 300w, https:\/\/www.mercatflor.cat\/wp-content\/uploads\/2017\/03\/DSC_0031-214x142.jpg 214w, https:\/\/www.mercatflor.cat\/wp-content\/uploads\/2017\/03\/DSC_0031.jpg 601w\" sizes=\"auto, (max-width: 300px) 100vw, 300px\" \/><\/a> <a href=\"https:\/\/www.mercatflor.cat\/wp-content\/uploads\/2017\/03\/DSC_0026.jpg\"><img loading=\"lazy\" decoding=\"async\" class=\"alignnone wp-image-8691 size-medium\" src=\"https:\/\/www.mercatflor.cat\/wp-content\/uploads\/2017\/03\/DSC_0026-300x199.jpg\" alt=\"\" width=\"300\" height=\"199\" srcset=\"https:\/\/www.mercatflor.cat\/wp-content\/uploads\/2017\/03\/DSC_0026-300x199.jpg 300w, https:\/\/www.mercatflor.cat\/wp-content\/uploads\/2017\/03\/DSC_0026-214x142.jpg 214w, https:\/\/www.mercatflor.cat\/wp-content\/uploads\/2017\/03\/DSC_0026.jpg 601w\" sizes=\"auto, (max-width: 300px) 100vw, 300px\" \/><\/a> <a href=\"https:\/\/www.mercatflor.cat\/wp-content\/uploads\/2017\/03\/DSC_0016.jpg\"><img loading=\"lazy\" decoding=\"async\" class=\"alignnone wp-image-8690 size-medium\" src=\"https:\/\/www.mercatflor.cat\/wp-content\/uploads\/2017\/03\/DSC_0016-300x199.jpg\" alt=\"\" width=\"300\" height=\"199\" srcset=\"https:\/\/www.mercatflor.cat\/wp-content\/uploads\/2017\/03\/DSC_0016-300x199.jpg 300w, https:\/\/www.mercatflor.cat\/wp-content\/uploads\/2017\/03\/DSC_0016-214x142.jpg 214w, https:\/\/www.mercatflor.cat\/wp-content\/uploads\/2017\/03\/DSC_0016.jpg 601w\" sizes=\"auto, (max-width: 300px) 100vw, 300px\" \/><\/a> <a href=\"https:\/\/www.mercatflor.cat\/wp-content\/uploads\/2017\/03\/IMG_5579.jpg\"><img loading=\"lazy\" decoding=\"async\" class=\"alignnone wp-image-8698\" src=\"https:\/\/www.mercatflor.cat\/wp-content\/uploads\/2017\/03\/IMG_5579-200x300.jpg\" alt=\"\" width=\"300\" height=\"450\" srcset=\"https:\/\/www.mercatflor.cat\/wp-content\/uploads\/2017\/03\/IMG_5579-200x300.jpg 200w, https:\/\/www.mercatflor.cat\/wp-content\/uploads\/2017\/03\/IMG_5579-107x160.jpg 107w, https:\/\/www.mercatflor.cat\/wp-content\/uploads\/2017\/03\/IMG_5579.jpg 400w\" sizes=\"auto, (max-width: 300px) 100vw, 300px\" \/><\/a>\u00a0<a href=\"https:\/\/www.mercatflor.cat\/wp-content\/uploads\/2017\/03\/DSC_0005.jpg\"><img loading=\"lazy\" decoding=\"async\" class=\"alignnone wp-image-8688\" src=\"https:\/\/www.mercatflor.cat\/wp-content\/uploads\/2017\/03\/DSC_0005-199x300.jpg\" alt=\"\" width=\"300\" height=\"453\" srcset=\"https:\/\/www.mercatflor.cat\/wp-content\/uploads\/2017\/03\/DSC_0005-199x300.jpg 199w, https:\/\/www.mercatflor.cat\/wp-content\/uploads\/2017\/03\/DSC_0005-106x160.jpg 106w, https:\/\/www.mercatflor.cat\/wp-content\/uploads\/2017\/03\/DSC_0005.jpg 398w\" sizes=\"auto, (max-width: 300px) 100vw, 300px\" \/><\/a><\/p>\n<p>&nbsp;<\/p>\n","protected":false},"excerpt":{"rendered":"<p>La salle de vente du Mercat de Flor i Planta Ornamental de Catalunya pr\u00e9sente d\u00e9j\u00e0 la grande offre de fleurs et de plantes propre de la station la plus fleurie de l&rsquo;ann\u00e9e. Le printemps a fait sa pr\u00e9sence dans tous ses coins, et depuis d\u00e9j\u00e0 quelques jours, des marguerites, des g\u00e9raniums, des p\u00e9tunias, dipladenias, osteospermums, [&hellip;]<\/p>\n","protected":false},"author":2,"featured_media":8699,"comment_status":"closed","ping_status":"closed","sticky":false,"template":"","format":"standard","meta":{"footnotes":""},"categories":[104,3],"tags":[],"class_list":["post-8705","post","type-post","status-publish","format-standard","has-post-thumbnail","hentry","category-nouvelles","category-sin-categoria-fr"],"aioseo_notices":[],"_links":{"self":[{"href":"https:\/\/www.mercatflor.cat\/fr\/wp-json\/wp\/v2\/posts\/8705","targetHints":{"allow":["GET"]}}],"collection":[{"href":"https:\/\/www.mercatflor.cat\/fr\/wp-json\/wp\/v2\/posts"}],"about":[{"href":"https:\/\/www.mercatflor.cat\/fr\/wp-json\/wp\/v2\/types\/post"}],"author":[{"embeddable":true,"href":"https:\/\/www.mercatflor.cat\/fr\/wp-json\/wp\/v2\/users\/2"}],"replies":[{"embeddable":true,"href":"https:\/\/www.mercatflor.cat\/fr\/wp-json\/wp\/v2\/comments?post=8705"}],"version-history":[{"count":1,"href":"https:\/\/www.mercatflor.cat\/fr\/wp-json\/wp\/v2\/posts\/8705\/revisions"}],"predecessor-version":[{"id":8708,"href":"https:\/\/www.mercatflor.cat\/fr\/wp-json\/wp\/v2\/posts\/8705\/revisions\/8708"}],"wp:featuredmedia":[{"embeddable":true,"href":"https:\/\/www.mercatflor.cat\/fr\/wp-json\/wp\/v2\/media\/8699"}],"wp:attachment":[{"href":"https:\/\/www.mercatflor.cat\/fr\/wp-json\/wp\/v2\/media?parent=8705"}],"wp:term":[{"taxonomy":"category","embeddable":true,"href":"https:\/\/www.mercatflor.cat\/fr\/wp-json\/wp\/v2\/categories?post=8705"},{"taxonomy":"post_tag","embeddable":true,"href":"https:\/\/www.mercatflor.cat\/fr\/wp-json\/wp\/v2\/tags?post=8705"}],"curies":[{"name":"wp","href":"https:\/\/api.w.org\/{rel}","templated":true}]}}