{"id":8570,"date":"2017-02-23T14:36:13","date_gmt":"2017-02-23T14:36:13","guid":{"rendered":"http:\/\/www.mercatflor.cat\/?p=8570"},"modified":"2017-03-14T14:26:29","modified_gmt":"2017-03-14T14:26:29","slug":"grande-semaine-2017-13-15-et-17-mars","status":"publish","type":"post","link":"https:\/\/www.mercatflor.cat\/fr\/nouvelles\/2017\/02\/grande-semaine-2017-13-15-et-17-mars\/","title":{"rendered":"Grande Semaine 2017: 13, 15 et 17 mars"},"content":{"rendered":"<p>Nous sommes \u00e0 deux doigts du printemps et, comme chaque ann\u00e9e, le <strong>Mercat de Flor i Planta Ornamental de Catalunya<\/strong> veux vous pr\u00e9senter la saison avec quelques journ\u00e9es tr\u00e8s sp\u00e9ciales. Cette ann\u00e9e nous c\u00e9l\u00e9brons la <strong>3\u00e8me Grande Semaine de la Fleur, de la Plante<\/strong> <strong>et des Fournitures<\/strong> qu&rsquo;il aura lieu du <strong>13 mars au 17 mars<\/strong>, les jours dans lesquels la formation fleuristique, le jardinage et l&rsquo;activit\u00e9 commerciale collaboreront pour que vous connaissiez la gamme fantastique des produits que nous mettons \u00e0 votre disposition.<\/p>\n<p>Pendant toute cette <strong>Semaine<\/strong> le Mercat aura un espace o\u00f9 vous trouverez la s\u00e9lection des meilleurs produits de saison avec <strong>ESCOMPTES DE 15%<\/strong> sur le prix de vente. Vous pourrez les acheter directement o\u00f9 les commander \u00e0 nos services commerciaux, qui vous accueilleront personellement et ils s\u2019occuperont du transport, si c&rsquo;est necessaire.<\/p>\n<p>Dans cette <strong>Semaine<\/strong> nous avons pr\u00e9vu aussi des activit\u00e9s de formation des professionnels du secteur qu\u2019ils seront s\u00fbr de votre int\u00e9r\u00eat:<\/p>\n<ul>\n<li><strong>Si vous \u00eates fleuriste<\/strong>, nous vous invitons \u00e0 apprendre et actualiser votres connaissances avec Eduard Maynegra, champion de la Coupe d&rsquo;Espagne d&rsquo;Art Floral, qui le lundi, le mercredi et le vendredi, nous fera quelques <strong><em>masterclass<\/em> avec les sujets du Saint-Georges, la f\u00eate de la M\u00e8re et les travails nuptiales, dans des s\u00e9ances de matin (de 11 \u00e0 12h) et d&rsquo;apr\u00e8s-midi (de 15 \u00e0 16h)<\/strong>.<\/li>\n<\/ul>\n<ul>\n<li><strong>Si vous \u00eates jardinier<\/strong>, nous vous proposons la communication sur les <strong>Couvertures V\u00e9g\u00e9tales<\/strong> que fera Artur Pereira, du Gremi de Jardineria de Catalunya qu&rsquo;il aura lieu le mercredi 15 mars, \u00e0\u00a010h.<\/li>\n<\/ul>\n<p><strong><em>Il est necessaire faire la inscription aux masterclass et a la communication Couvertures V\u00e9g\u00e9tales\u00a0<\/em><\/strong><strong><em>au T\u00e9l. +34 937 500 000 &#8211; +34 687 767 016 o\u00f9 au mail <\/em><\/strong><strong><em><a href=\"mailto:comercial@mercatflor.cat\">comercial@mercatflor.cat<\/a><\/em><\/strong><\/p>\n<p>N&rsquo;h\u00e9sitez pas \u00e0 nous visiter! Le Mercat vous offre les meilleurs produits et les propositions les plus innovatrices pour le printemps! Nous vous attendons dans la <strong>3\u00e8me Grande Semaine de la Fleur, de la Plante<\/strong> <strong>et des Fournitures<\/strong>!<\/p>\n","protected":false},"excerpt":{"rendered":"<p>Nous sommes \u00e0 deux doigts du printemps et, comme chaque ann\u00e9e, le Mercat de Flor i Planta Ornamental de Catalunya veux vous pr\u00e9senter la saison avec quelques journ\u00e9es tr\u00e8s sp\u00e9ciales. Cette ann\u00e9e nous c\u00e9l\u00e9brons la 3\u00e8me Grande Semaine de la Fleur, de la Plante et des Fournitures qu&rsquo;il aura lieu du 13 mars au 17 [&hellip;]<\/p>\n","protected":false},"author":2,"featured_media":8573,"comment_status":"closed","ping_status":"closed","sticky":false,"template":"","format":"standard","meta":{"footnotes":""},"categories":[104],"tags":[],"class_list":["post-8570","post","type-post","status-publish","format-standard","has-post-thumbnail","hentry","category-nouvelles"],"aioseo_notices":[],"_links":{"self":[{"href":"https:\/\/www.mercatflor.cat\/fr\/wp-json\/wp\/v2\/posts\/8570","targetHints":{"allow":["GET"]}}],"collection":[{"href":"https:\/\/www.mercatflor.cat\/fr\/wp-json\/wp\/v2\/posts"}],"about":[{"href":"https:\/\/www.mercatflor.cat\/fr\/wp-json\/wp\/v2\/types\/post"}],"author":[{"embeddable":true,"href":"https:\/\/www.mercatflor.cat\/fr\/wp-json\/wp\/v2\/users\/2"}],"replies":[{"embeddable":true,"href":"https:\/\/www.mercatflor.cat\/fr\/wp-json\/wp\/v2\/comments?post=8570"}],"version-history":[{"count":3,"href":"https:\/\/www.mercatflor.cat\/fr\/wp-json\/wp\/v2\/posts\/8570\/revisions"}],"predecessor-version":[{"id":8637,"href":"https:\/\/www.mercatflor.cat\/fr\/wp-json\/wp\/v2\/posts\/8570\/revisions\/8637"}],"wp:featuredmedia":[{"embeddable":true,"href":"https:\/\/www.mercatflor.cat\/fr\/wp-json\/wp\/v2\/media\/8573"}],"wp:attachment":[{"href":"https:\/\/www.mercatflor.cat\/fr\/wp-json\/wp\/v2\/media?parent=8570"}],"wp:term":[{"taxonomy":"category","embeddable":true,"href":"https:\/\/www.mercatflor.cat\/fr\/wp-json\/wp\/v2\/categories?post=8570"},{"taxonomy":"post_tag","embeddable":true,"href":"https:\/\/www.mercatflor.cat\/fr\/wp-json\/wp\/v2\/tags?post=8570"}],"curies":[{"name":"wp","href":"https:\/\/api.w.org\/{rel}","templated":true}]}}