{"id":8429,"date":"2017-01-03T14:33:28","date_gmt":"2017-01-03T14:33:28","guid":{"rendered":"http:\/\/www.mercatflor.cat\/sin-categoria-fr\/2017\/01\/es-temps-de-fruiters-2\/"},"modified":"2017-01-03T14:48:19","modified_gmt":"2017-01-03T14:48:19","slug":"es-temps-de-fruiters","status":"publish","type":"post","link":"https:\/\/www.mercatflor.cat\/fr\/sin-categoria-fr\/2017\/01\/es-temps-de-fruiters\/","title":{"rendered":"C&rsquo;est temps de fruitiers"},"content":{"rendered":"<p><span id=\"tran0\">L&rsquo;hiver est la saison id\u00e9ale pour planter les arbres fruitiers, sp\u00e9cialement ceux-l\u00e0 de feuille caduque. Des poiriers, des pommiers, des p\u00eachers, des abricotiers, des cerisiers, des figuiers, des pruniers, des kakis, des cognassiers, des grenades, des amandiers, des noisetiers &#8230; ils sont les plus habituels et dans le Mercat nous vous offrons une grande vari\u00e9t\u00e9 pour planter dans le jardin ou dans un bon container en la terrasse ou le balcon.<\/span><\/p>\n<p><span id=\"tran1\">De plus, aussi nous comptons sur une toute esp\u00e8ce d&rsquo;agrumes, depuis des orangers et des citronniers, jusqu&rsquo;aux limons, kumquats, limequats, des mains de Buda&#8230;<\/span><\/p>\n<p><span id=\"tran2\">Si vous \u00eates\u00a0client inscrit, venez \u00e0 le v\u00e9rifier dans la Vente Directe, chaque lundi, mercredi et vendredi de 9 \u00e0 13 h et de 15 \u00e0 17h ou bien appelle nos Services Commerciaux, auTel. +34 93 750 00 00.<\/span><\/p>\n","protected":false},"excerpt":{"rendered":"<p>L&rsquo;hiver est la saison id\u00e9ale pour planter les arbres fruitiers, sp\u00e9cialement ceux-l\u00e0 de feuille caduque. Des poiriers, des pommiers, des p\u00eachers, des abricotiers, des cerisiers, des figuiers, des pruniers, des kakis, des cognassiers, des grenades, des amandiers, des noisetiers &#8230; ils sont les plus habituels et dans le Mercat nous vous offrons une grande vari\u00e9t\u00e9 [&hellip;]<\/p>\n","protected":false},"author":2,"featured_media":8427,"comment_status":"closed","ping_status":"closed","sticky":false,"template":"","format":"standard","meta":{"footnotes":""},"categories":[104,3],"tags":[],"class_list":["post-8429","post","type-post","status-publish","format-standard","has-post-thumbnail","hentry","category-nouvelles","category-sin-categoria-fr"],"aioseo_notices":[],"aioseo_head":"\n\t\t<!-- All in One SEO 5.0.0.1 - aioseo.com -->\n\t<meta name=\"description\" content=\"L&#039;hiver est la saison id\u00e9ale pour planter les arbres fruitiers, sp\u00e9cialement ceux-l\u00e0 de feuille caduque. Des poiriers, des pommiers, des p\u00eachers, des abricotiers, des cerisiers, des figuiers, des pruniers, des kakis, des cognassiers, des grenades, des amandiers, des noisetiers ... ils sont les plus habituels et dans le Mercat nous vous offrons une grande vari\u00e9t\u00e9\" \/>\n\t<meta name=\"robots\" content=\"max-image-preview:large\" \/>\n\t<meta name=\"author\" content=\"Agn\u00e8s Cespedes\"\/>\n\t<link rel=\"canonical\" href=\"https:\/\/www.mercatflor.cat\/fr\/sin-categoria-fr\/2017\/01\/es-temps-de-fruiters\/\" \/>\n\t<meta name=\"generator\" content=\"All in One SEO (AIOSEO) 5.0.0.1\" \/>\n\t\t<meta property=\"og:locale\" content=\"fr_FR\" \/>\n\t\t<meta property=\"og:site_name\" content=\"Mercat de Flor i Planta Ornamental |\" \/>\n\t\t<meta property=\"og:type\" content=\"article\" \/>\n\t\t<meta property=\"og:title\" content=\"C\u2019est temps de fruitiers | Mercat de Flor i Planta Ornamental\" \/>\n\t\t<meta property=\"og:description\" content=\"L&#039;hiver est la saison id\u00e9ale pour planter les arbres fruitiers, sp\u00e9cialement ceux-l\u00e0 de feuille caduque. Des poiriers, des pommiers, des p\u00eachers, des abricotiers, des cerisiers, des figuiers, des pruniers, des kakis, des cognassiers, des grenades, des amandiers, des noisetiers ... ils sont les plus habituels et dans le Mercat nous vous offrons une grande vari\u00e9t\u00e9\" \/>\n\t\t<meta property=\"og:url\" content=\"https:\/\/www.mercatflor.cat\/fr\/sin-categoria-fr\/2017\/01\/es-temps-de-fruiters\/\" \/>\n\t\t<meta property=\"article:published_time\" content=\"2017-01-03T14:33:28+00:00\" \/>\n\t\t<meta property=\"article:modified_time\" content=\"2017-01-03T14:48:19+00:00\" \/>\n\t\t<meta name=\"twitter:card\" content=\"summary\" \/>\n\t\t<meta name=\"twitter:title\" content=\"C\u2019est temps de fruitiers | Mercat de Flor i Planta Ornamental\" \/>\n\t\t<meta name=\"twitter:description\" content=\"L&#039;hiver est la saison id\u00e9ale pour planter les arbres fruitiers, sp\u00e9cialement ceux-l\u00e0 de feuille caduque. Des poiriers, des pommiers, des p\u00eachers, des abricotiers, des cerisiers, des figuiers, des pruniers, des kakis, des cognassiers, des grenades, des amandiers, des noisetiers ... ils sont les plus habituels et dans le Mercat nous vous offrons une grande vari\u00e9t\u00e9\" \/>\n\t\t<script type=\"application\/ld+json\" class=\"aioseo-schema\">\n\t\t\t{\"@context\":\"https:\\\/\\\/schema.org\",\"@graph\":[{\"@type\":\"Article\",\"@id\":\"https:\\\/\\\/www.mercatflor.cat\\\/fr\\\/sin-categoria-fr\\\/2017\\\/01\\\/es-temps-de-fruiters\\\/#article\",\"name\":\"C\\u2019est temps de fruitiers | Mercat de Flor i Planta Ornamental\",\"headline\":\"C&rsquo;est temps de fruitiers\",\"author\":{\"@id\":\"https:\\\/\\\/www.mercatflor.cat\\\/fr\\\/author\\\/promocio\\\/#author\"},\"publisher\":{\"@id\":\"https:\\\/\\\/www.mercatflor.cat\\\/fr\\\/#organization\"},\"image\":{\"@type\":\"ImageObject\",\"url\":\"https:\\\/\\\/www.mercatflor.cat\\\/wp-content\\\/uploads\\\/2017\\\/01\\\/Fruiters-Web.jpg\",\"width\":349,\"height\":262},\"datePublished\":\"2017-01-03T14:33:28+00:00\",\"dateModified\":\"2017-01-03T14:48:19+00:00\",\"inLanguage\":\"fr-FR\",\"mainEntityOfPage\":{\"@id\":\"https:\\\/\\\/www.mercatflor.cat\\\/fr\\\/sin-categoria-fr\\\/2017\\\/01\\\/es-temps-de-fruiters\\\/#webpage\"},\"isPartOf\":{\"@id\":\"https:\\\/\\\/www.mercatflor.cat\\\/fr\\\/sin-categoria-fr\\\/2017\\\/01\\\/es-temps-de-fruiters\\\/#webpage\"},\"articleSection\":\"Nouvelles, Sin categor\\u00eda @fr\"},{\"@type\":\"BreadcrumbList\",\"@id\":\"https:\\\/\\\/www.mercatflor.cat\\\/fr\\\/sin-categoria-fr\\\/2017\\\/01\\\/es-temps-de-fruiters\\\/#breadcrumblist\",\"itemListElement\":[{\"@type\":\"ListItem\",\"@id\":\"https:\\\/\\\/www.mercatflor.cat\\\/fr\\\/#listItem\",\"position\":1,\"name\":\"Home\",\"item\":\"https:\\\/\\\/www.mercatflor.cat\\\/fr\\\/\",\"nextItem\":{\"@type\":\"ListItem\",\"@id\":\"https:\\\/\\\/www.mercatflor.cat\\\/fr\\\/category\\\/sin-categoria-fr\\\/#listItem\",\"name\":\"Sin categor\\u00eda @fr\"}},{\"@type\":\"ListItem\",\"@id\":\"https:\\\/\\\/www.mercatflor.cat\\\/fr\\\/category\\\/sin-categoria-fr\\\/#listItem\",\"position\":2,\"name\":\"Sin categor\\u00eda @fr\",\"item\":\"https:\\\/\\\/www.mercatflor.cat\\\/fr\\\/category\\\/sin-categoria-fr\\\/\",\"nextItem\":{\"@type\":\"ListItem\",\"@id\":\"https:\\\/\\\/www.mercatflor.cat\\\/fr\\\/sin-categoria-fr\\\/2017\\\/01\\\/es-temps-de-fruiters\\\/#listItem\",\"name\":\"C&rsquo;est temps de fruitiers\"},\"previousItem\":{\"@type\":\"ListItem\",\"@id\":\"https:\\\/\\\/www.mercatflor.cat\\\/fr\\\/#listItem\",\"name\":\"Home\"}},{\"@type\":\"ListItem\",\"@id\":\"https:\\\/\\\/www.mercatflor.cat\\\/fr\\\/sin-categoria-fr\\\/2017\\\/01\\\/es-temps-de-fruiters\\\/#listItem\",\"position\":3,\"name\":\"C&rsquo;est temps de fruitiers\",\"previousItem\":{\"@type\":\"ListItem\",\"@id\":\"https:\\\/\\\/www.mercatflor.cat\\\/fr\\\/category\\\/sin-categoria-fr\\\/#listItem\",\"name\":\"Sin categor\\u00eda @fr\"}}]},{\"@type\":\"Organization\",\"@id\":\"https:\\\/\\\/www.mercatflor.cat\\\/fr\\\/#organization\",\"name\":\"Mercat de Flor i Planta Ornamental\",\"url\":\"https:\\\/\\\/www.mercatflor.cat\\\/fr\\\/\"},{\"@type\":\"Person\",\"@id\":\"https:\\\/\\\/www.mercatflor.cat\\\/fr\\\/author\\\/promocio\\\/#author\",\"url\":\"https:\\\/\\\/www.mercatflor.cat\\\/fr\\\/author\\\/promocio\\\/\",\"name\":\"Agn\\u00e8s Cespedes\",\"image\":{\"@type\":\"ImageObject\",\"@id\":\"https:\\\/\\\/www.mercatflor.cat\\\/fr\\\/sin-categoria-fr\\\/2017\\\/01\\\/es-temps-de-fruiters\\\/#authorImage\",\"url\":\"https:\\\/\\\/secure.gravatar.com\\\/avatar\\\/bcf16198e7ce572c825d1d9be24adef449a41d47a5cc2fad5a45e8cb5f882c7d?s=96&d=mm&r=g\",\"width\":96,\"height\":96,\"caption\":\"Agn\\u00e8s Cespedes\"}},{\"@type\":\"WebPage\",\"@id\":\"https:\\\/\\\/www.mercatflor.cat\\\/fr\\\/sin-categoria-fr\\\/2017\\\/01\\\/es-temps-de-fruiters\\\/#webpage\",\"url\":\"https:\\\/\\\/www.mercatflor.cat\\\/fr\\\/sin-categoria-fr\\\/2017\\\/01\\\/es-temps-de-fruiters\\\/\",\"name\":\"C\\u2019est temps de fruitiers | Mercat de Flor i Planta Ornamental\",\"description\":\"L'hiver est la saison id\\u00e9ale pour planter les arbres fruitiers, sp\\u00e9cialement ceux-l\\u00e0 de feuille caduque. Des poiriers, des pommiers, des p\\u00eachers, des abricotiers, des cerisiers, des figuiers, des pruniers, des kakis, des cognassiers, des grenades, des amandiers, des noisetiers ... ils sont les plus habituels et dans le Mercat nous vous offrons une grande vari\\u00e9t\\u00e9\",\"inLanguage\":\"fr-FR\",\"isPartOf\":{\"@id\":\"https:\\\/\\\/www.mercatflor.cat\\\/fr\\\/#website\"},\"breadcrumb\":{\"@id\":\"https:\\\/\\\/www.mercatflor.cat\\\/fr\\\/sin-categoria-fr\\\/2017\\\/01\\\/es-temps-de-fruiters\\\/#breadcrumblist\"},\"author\":{\"@id\":\"https:\\\/\\\/www.mercatflor.cat\\\/fr\\\/author\\\/promocio\\\/#author\"},\"creator\":{\"@id\":\"https:\\\/\\\/www.mercatflor.cat\\\/fr\\\/author\\\/promocio\\\/#author\"},\"image\":{\"@type\":\"ImageObject\",\"url\":\"https:\\\/\\\/www.mercatflor.cat\\\/wp-content\\\/uploads\\\/2017\\\/01\\\/Fruiters-Web.jpg\",\"@id\":\"https:\\\/\\\/www.mercatflor.cat\\\/fr\\\/sin-categoria-fr\\\/2017\\\/01\\\/es-temps-de-fruiters\\\/#mainImage\",\"width\":349,\"height\":262},\"primaryImageOfPage\":{\"@id\":\"https:\\\/\\\/www.mercatflor.cat\\\/fr\\\/sin-categoria-fr\\\/2017\\\/01\\\/es-temps-de-fruiters\\\/#mainImage\"},\"datePublished\":\"2017-01-03T14:33:28+00:00\",\"dateModified\":\"2017-01-03T14:48:19+00:00\"},{\"@type\":\"WebSite\",\"@id\":\"https:\\\/\\\/www.mercatflor.cat\\\/fr\\\/#website\",\"url\":\"https:\\\/\\\/www.mercatflor.cat\\\/fr\\\/\",\"name\":\"Mercat de Flor i Planta Ornamental\",\"inLanguage\":\"fr-FR\",\"publisher\":{\"@id\":\"https:\\\/\\\/www.mercatflor.cat\\\/fr\\\/#organization\"}}]}\n\t\t<\/script>\n\t\t<!-- All in One SEO -->\n\n","aioseo_head_json":{"title":"C\u2019est temps de fruitiers | Mercat de Flor i Planta Ornamental","description":"L'hiver est la saison id\u00e9ale pour planter les arbres fruitiers, sp\u00e9cialement ceux-l\u00e0 de feuille caduque. Des poiriers, des pommiers, des p\u00eachers, des abricotiers, des cerisiers, des figuiers, des pruniers, des kakis, des cognassiers, des grenades, des amandiers, des noisetiers ... ils sont les plus habituels et dans le Mercat nous vous offrons une grande vari\u00e9t\u00e9","canonical_url":"https:\/\/www.mercatflor.cat\/fr\/sin-categoria-fr\/2017\/01\/es-temps-de-fruiters\/","robots":"max-image-preview:large","keywords":"","webmasterTools":{"miscellaneous":""},"schema":{"@context":"https:\/\/schema.org","@graph":[{"@type":"Article","@id":"https:\/\/www.mercatflor.cat\/fr\/sin-categoria-fr\/2017\/01\/es-temps-de-fruiters\/#article","name":"C\u2019est temps de fruitiers | Mercat de Flor i Planta Ornamental","headline":"C&rsquo;est temps de fruitiers","author":{"@id":"https:\/\/www.mercatflor.cat\/fr\/author\/promocio\/#author"},"publisher":{"@id":"https:\/\/www.mercatflor.cat\/fr\/#organization"},"image":{"@type":"ImageObject","url":"https:\/\/www.mercatflor.cat\/wp-content\/uploads\/2017\/01\/Fruiters-Web.jpg","width":349,"height":262},"datePublished":"2017-01-03T14:33:28+00:00","dateModified":"2017-01-03T14:48:19+00:00","inLanguage":"fr-FR","mainEntityOfPage":{"@id":"https:\/\/www.mercatflor.cat\/fr\/sin-categoria-fr\/2017\/01\/es-temps-de-fruiters\/#webpage"},"isPartOf":{"@id":"https:\/\/www.mercatflor.cat\/fr\/sin-categoria-fr\/2017\/01\/es-temps-de-fruiters\/#webpage"},"articleSection":"Nouvelles, Sin categor\u00eda @fr"},{"@type":"BreadcrumbList","@id":"https:\/\/www.mercatflor.cat\/fr\/sin-categoria-fr\/2017\/01\/es-temps-de-fruiters\/#breadcrumblist","itemListElement":[{"@type":"ListItem","@id":"https:\/\/www.mercatflor.cat\/fr\/#listItem","position":1,"name":"Home","item":"https:\/\/www.mercatflor.cat\/fr\/","nextItem":{"@type":"ListItem","@id":"https:\/\/www.mercatflor.cat\/fr\/category\/sin-categoria-fr\/#listItem","name":"Sin categor\u00eda @fr"}},{"@type":"ListItem","@id":"https:\/\/www.mercatflor.cat\/fr\/category\/sin-categoria-fr\/#listItem","position":2,"name":"Sin categor\u00eda @fr","item":"https:\/\/www.mercatflor.cat\/fr\/category\/sin-categoria-fr\/","nextItem":{"@type":"ListItem","@id":"https:\/\/www.mercatflor.cat\/fr\/sin-categoria-fr\/2017\/01\/es-temps-de-fruiters\/#listItem","name":"C&rsquo;est temps de fruitiers"},"previousItem":{"@type":"ListItem","@id":"https:\/\/www.mercatflor.cat\/fr\/#listItem","name":"Home"}},{"@type":"ListItem","@id":"https:\/\/www.mercatflor.cat\/fr\/sin-categoria-fr\/2017\/01\/es-temps-de-fruiters\/#listItem","position":3,"name":"C&rsquo;est temps de fruitiers","previousItem":{"@type":"ListItem","@id":"https:\/\/www.mercatflor.cat\/fr\/category\/sin-categoria-fr\/#listItem","name":"Sin categor\u00eda @fr"}}]},{"@type":"Organization","@id":"https:\/\/www.mercatflor.cat\/fr\/#organization","name":"Mercat de Flor i Planta Ornamental","url":"https:\/\/www.mercatflor.cat\/fr\/"},{"@type":"Person","@id":"https:\/\/www.mercatflor.cat\/fr\/author\/promocio\/#author","url":"https:\/\/www.mercatflor.cat\/fr\/author\/promocio\/","name":"Agn\u00e8s Cespedes","image":{"@type":"ImageObject","@id":"https:\/\/www.mercatflor.cat\/fr\/sin-categoria-fr\/2017\/01\/es-temps-de-fruiters\/#authorImage","url":"https:\/\/secure.gravatar.com\/avatar\/bcf16198e7ce572c825d1d9be24adef449a41d47a5cc2fad5a45e8cb5f882c7d?s=96&d=mm&r=g","width":96,"height":96,"caption":"Agn\u00e8s Cespedes"}},{"@type":"WebPage","@id":"https:\/\/www.mercatflor.cat\/fr\/sin-categoria-fr\/2017\/01\/es-temps-de-fruiters\/#webpage","url":"https:\/\/www.mercatflor.cat\/fr\/sin-categoria-fr\/2017\/01\/es-temps-de-fruiters\/","name":"C\u2019est temps de fruitiers | Mercat de Flor i Planta Ornamental","description":"L'hiver est la saison id\u00e9ale pour planter les arbres fruitiers, sp\u00e9cialement ceux-l\u00e0 de feuille caduque. Des poiriers, des pommiers, des p\u00eachers, des abricotiers, des cerisiers, des figuiers, des pruniers, des kakis, des cognassiers, des grenades, des amandiers, des noisetiers ... ils sont les plus habituels et dans le Mercat nous vous offrons une grande vari\u00e9t\u00e9","inLanguage":"fr-FR","isPartOf":{"@id":"https:\/\/www.mercatflor.cat\/fr\/#website"},"breadcrumb":{"@id":"https:\/\/www.mercatflor.cat\/fr\/sin-categoria-fr\/2017\/01\/es-temps-de-fruiters\/#breadcrumblist"},"author":{"@id":"https:\/\/www.mercatflor.cat\/fr\/author\/promocio\/#author"},"creator":{"@id":"https:\/\/www.mercatflor.cat\/fr\/author\/promocio\/#author"},"image":{"@type":"ImageObject","url":"https:\/\/www.mercatflor.cat\/wp-content\/uploads\/2017\/01\/Fruiters-Web.jpg","@id":"https:\/\/www.mercatflor.cat\/fr\/sin-categoria-fr\/2017\/01\/es-temps-de-fruiters\/#mainImage","width":349,"height":262},"primaryImageOfPage":{"@id":"https:\/\/www.mercatflor.cat\/fr\/sin-categoria-fr\/2017\/01\/es-temps-de-fruiters\/#mainImage"},"datePublished":"2017-01-03T14:33:28+00:00","dateModified":"2017-01-03T14:48:19+00:00"},{"@type":"WebSite","@id":"https:\/\/www.mercatflor.cat\/fr\/#website","url":"https:\/\/www.mercatflor.cat\/fr\/","name":"Mercat de Flor i Planta Ornamental","inLanguage":"fr-FR","publisher":{"@id":"https:\/\/www.mercatflor.cat\/fr\/#organization"}}]},"og:locale":"fr_FR","og:site_name":"Mercat de Flor i Planta Ornamental |","og:type":"article","og:title":"C\u2019est temps de fruitiers | Mercat de Flor i Planta Ornamental","og:description":"L'hiver est la saison id\u00e9ale pour planter les arbres fruitiers, sp\u00e9cialement ceux-l\u00e0 de feuille caduque. Des poiriers, des pommiers, des p\u00eachers, des abricotiers, des cerisiers, des figuiers, des pruniers, des kakis, des cognassiers, des grenades, des amandiers, des noisetiers ... ils sont les plus habituels et dans le Mercat nous vous offrons une grande vari\u00e9t\u00e9","og:url":"https:\/\/www.mercatflor.cat\/fr\/sin-categoria-fr\/2017\/01\/es-temps-de-fruiters\/","article:published_time":"2017-01-03T14:33:28+00:00","article:modified_time":"2017-01-03T14:48:19+00:00","twitter:card":"summary","twitter:title":"C\u2019est temps de fruitiers | Mercat de Flor i Planta Ornamental","twitter:description":"L'hiver est la saison id\u00e9ale pour planter les arbres fruitiers, sp\u00e9cialement ceux-l\u00e0 de feuille caduque. Des poiriers, des pommiers, des p\u00eachers, des abricotiers, des cerisiers, des figuiers, des pruniers, des kakis, des cognassiers, des grenades, des amandiers, des noisetiers ... ils sont les plus habituels et dans le Mercat nous vous offrons une grande vari\u00e9t\u00e9"},"aioseo_meta_data":{"post_id":"8429","title":null,"description":null,"keywords":null,"keyphrases":null,"canonical_url":null,"og_title":null,"og_description":null,"og_object_type":"default","og_image_type":"default","og_image_url":null,"og_image_width":null,"og_image_height":null,"og_image_custom_url":null,"og_image_custom_fields":null,"og_video":null,"og_custom_url":null,"og_article_section":null,"og_article_tags":null,"twitter_use_og":false,"twitter_card":"default","twitter_image_type":"default","twitter_image_url":null,"twitter_image_custom_url":null,"twitter_image_custom_fields":null,"twitter_title":null,"twitter_description":null,"schema":{"blockGraphs":[],"customGraphs":[],"default":{"data":{"Article":[],"Course":[],"Dataset":[],"FAQPage":[],"Movie":[],"Person":[],"Product":[],"ProductReview":[],"Car":[],"Recipe":[],"Service":[],"SoftwareApplication":[],"WebPage":[]},"graphName":"","isEnabled":true},"graphs":[]},"schema_type":null,"schema_type_options":null,"pillar_content":false,"robots_default":true,"robots_noindex":false,"robots_noarchive":false,"robots_nosnippet":false,"robots_nofollow":false,"robots_noimageindex":false,"robots_noodp":false,"robots_notranslate":false,"robots_max_snippet":null,"robots_max_videopreview":null,"robots_max_imagepreview":"large","priority":null,"frequency":null,"local_seo":null,"breadcrumb_settings":null,"limit_modified_date":false,"ai":null,"created":"2021-01-21 16:11:26","updated":"2025-10-03 00:47:07","primary_term":null,"seo_analyzer_scan_date":null,"focus_keyword":null,"additional_keywords":null,"truseo_locale":null},"aioseo_breadcrumb":"<div class=\"aioseo-breadcrumbs\"><span class=\"aioseo-breadcrumb\">\n\t\t\t<a href=\"https:\/\/www.mercatflor.cat\/fr\/\" title=\"Home\">Home<\/a>\n\t\t<\/span><span class=\"aioseo-breadcrumb-separator\">&raquo;<\/span><span class=\"aioseo-breadcrumb\">\n\t\t\t<a href=\"https:\/\/www.mercatflor.cat\/fr\/category\/sin-categoria-fr\/\" title=\"Sin categor\u00eda @fr\">Sin categor\u00eda @fr<\/a>\n\t\t<\/span><span class=\"aioseo-breadcrumb-separator\">&raquo;<\/span><span class=\"aioseo-breadcrumb\">\n\t\t\tC\u2019est temps de fruitiers\n\t\t<\/span><\/div>","aioseo_breadcrumb_json":[{"label":"Home","link":"https:\/\/www.mercatflor.cat\/fr\/"},{"label":"Sin categor\u00eda @fr","link":"https:\/\/www.mercatflor.cat\/fr\/category\/sin-categoria-fr\/"},{"label":"C&rsquo;est temps de fruitiers","link":"https:\/\/www.mercatflor.cat\/fr\/sin-categoria-fr\/2017\/01\/es-temps-de-fruiters\/"}],"_links":{"self":[{"href":"https:\/\/www.mercatflor.cat\/fr\/wp-json\/wp\/v2\/posts\/8429","targetHints":{"allow":["GET"]}}],"collection":[{"href":"https:\/\/www.mercatflor.cat\/fr\/wp-json\/wp\/v2\/posts"}],"about":[{"href":"https:\/\/www.mercatflor.cat\/fr\/wp-json\/wp\/v2\/types\/post"}],"author":[{"embeddable":true,"href":"https:\/\/www.mercatflor.cat\/fr\/wp-json\/wp\/v2\/users\/2"}],"replies":[{"embeddable":true,"href":"https:\/\/www.mercatflor.cat\/fr\/wp-json\/wp\/v2\/comments?post=8429"}],"version-history":[{"count":2,"href":"https:\/\/www.mercatflor.cat\/fr\/wp-json\/wp\/v2\/posts\/8429\/revisions"}],"predecessor-version":[{"id":8434,"href":"https:\/\/www.mercatflor.cat\/fr\/wp-json\/wp\/v2\/posts\/8429\/revisions\/8434"}],"wp:featuredmedia":[{"embeddable":true,"href":"https:\/\/www.mercatflor.cat\/fr\/wp-json\/wp\/v2\/media\/8427"}],"wp:attachment":[{"href":"https:\/\/www.mercatflor.cat\/fr\/wp-json\/wp\/v2\/media?parent=8429"}],"wp:term":[{"taxonomy":"category","embeddable":true,"href":"https:\/\/www.mercatflor.cat\/fr\/wp-json\/wp\/v2\/categories?post=8429"},{"taxonomy":"post_tag","embeddable":true,"href":"https:\/\/www.mercatflor.cat\/fr\/wp-json\/wp\/v2\/tags?post=8429"}],"curies":[{"name":"wp","href":"https:\/\/api.w.org\/{rel}","templated":true}]}}