{"id":7456,"date":"2016-03-01T10:48:56","date_gmt":"2016-03-01T10:48:56","guid":{"rendered":"http:\/\/www.mercatflor.cat\/sin-categoria-fr\/2016\/03\/els-professors-dart-floral-de-la-setmana-gran-2\/"},"modified":"2016-03-02T14:56:31","modified_gmt":"2016-03-02T14:56:31","slug":"els-professors-dart-floral-de-la-setmana-gran","status":"publish","type":"post","link":"https:\/\/www.mercatflor.cat\/fr\/sin-categoria-fr\/2016\/03\/els-professors-dart-floral-de-la-setmana-gran\/","title":{"rendered":"Les professeurs d&rsquo;art floral de la Grande Semaine"},"content":{"rendered":"<p>&nbsp;<\/p>\n<p>Ici vous avez\u00a0les curriculums des professeurs\/auteurs qui feront les d\u00e9monstrations et les ateliers de la Grande Semaine:<\/p>\n<p>(Le\u00a0source des textes et des photographies: www.floos.org)<\/p>\n<p>&nbsp;<\/p>\n<p>&nbsp;<\/p>\n<p>&nbsp;<\/p>\n<p>&nbsp;<\/p>\n<p><strong>CARLES JUBANY<\/strong><\/p>\n<p><a href=\"http:\/\/www.floos.org\/\">http:\/\/www.floos.org<\/a><\/p>\n<p><img loading=\"lazy\" decoding=\"async\" class=\"size-medium wp-image-7439 alignright\" src=\"http:\/\/www.mercatflor.cat\/wp-content\/uploads\/2016\/03\/Jubany1-300x270.jpg\" alt=\"Jubany1\" width=\"300\" height=\"270\" srcset=\"https:\/\/www.mercatflor.cat\/wp-content\/uploads\/2016\/03\/Jubany1-300x270.jpg 300w, https:\/\/www.mercatflor.cat\/wp-content\/uploads\/2016\/03\/Jubany1-178x160.jpg 178w, https:\/\/www.mercatflor.cat\/wp-content\/uploads\/2016\/03\/Jubany1.jpg 465w\" sizes=\"auto, (max-width: 300px) 100vw, 300px\" \/>Carles est n\u00e9 parmi les fleurs\u2026\u00a0En 1925, ses grands-p\u00e8res maternels ont ouvert la premi\u00e8re fleuristerie. Il fait partie de la troisi\u00e8me g\u00e9n\u00e9ration de fleuristes \u00ab de Can Fontanillas \u00bb. Son parcours dans le design floral d\u00e9bute \u00e0 ses 17 ans, quand il commence \u00e0 \u00e9tudier et \u00e0 se former \u00e0 les \u00e9coles catalanes en Art Floral.<\/p>\n<p>Le long de ces ann\u00e9es il s&rsquo;est form\u00e9 en assistant aux s\u00e9minaires avec des professeurs reconnus internationalementIl aussi travaille d&rsquo;habitude comme enseignant dans des ateliers, des s\u00e9minaires et des d\u00e9monstrations dans quelques pays : la Gr\u00e8ce, la Roumanie, la France, l&rsquo;Angleterre, l&rsquo;Irlande, l&rsquo;\u00c9cosse, le Pays de Galles, l&rsquo;Allemagne, l&rsquo;Uruguay, les EU, le Mexique, l&rsquo;Espagne et la Catalogne.Il est actuellement le propri\u00e9taire de deux magasins de fleurs, o\u00f9 il travaille avec toute esp\u00e8ce de designs floraux.<\/p>\n<p>&nbsp;<\/p>\n<p><strong>BRIGITTE HEINRICHS<\/strong><\/p>\n<p><a href=\"http:\/\/www.brigitteheinrichs.com\/\">http:\/\/www.brigitteheinrichs.com<\/a><\/p>\n<p><img loading=\"lazy\" decoding=\"async\" class=\"alignleft size-medium wp-image-7437\" src=\"http:\/\/www.mercatflor.cat\/wp-content\/uploads\/2016\/03\/Brigitte-300x270.jpg\" alt=\"Brigitte\" width=\"300\" height=\"270\" srcset=\"https:\/\/www.mercatflor.cat\/wp-content\/uploads\/2016\/03\/Brigitte-300x270.jpg 300w, https:\/\/www.mercatflor.cat\/wp-content\/uploads\/2016\/03\/Brigitte-178x160.jpg 178w, https:\/\/www.mercatflor.cat\/wp-content\/uploads\/2016\/03\/Brigitte.jpg 465w\" sizes=\"auto, (max-width: 300px) 100vw, 300px\" \/>Concevoir avec des mat\u00e9riaux naturels est son id\u00e9e principale. Alors, elle a constamment fourni la devise\u00a0\u00ab\u00a0Design avec la nature\u00a0\u00bb\u00a0dans son travail.<\/p>\n<p>Le ma\u00eetre fleuriste vit en Allemagne et son travail l&#8217;emm\u00e8ne \u00e0 travers le pays et m\u00eame dans le reste du monde: elle a travaill\u00e9 en Angleterre, l&rsquo;Ecosse, la Pologne, le Danemark, l&rsquo;Autriche, la Suisse, l&rsquo;Italie et l&rsquo;Espagne, mais aussi en Russie, en Chine, Duba\u00ef, Macao, Hong Kong, la Cor\u00e9e, Taiwan, la Malaisie et le Pakistan, l&rsquo;Australie et la Nouvelle-Z\u00e9lande.<\/p>\n<p>Elle a acquis une exp\u00e9rience professionnelle en travaillant avec Gregor Lersch \u00e0 Bad Neuenahr (Allemagne), Gail Jones \u00e0 Hamilton (Nouvelle-Z\u00e9lande) et \u00e0 plusieurs mod\u00e8les de pr\u00e9sentation et d&rsquo;exposition nationale et internationale tels que \u00ab\u00a0La pr\u00e9sentation de Flower Design allemand\u00a0\u00bb au Floritopia en Cor\u00e9e, command\u00e9 par le minist\u00e8re de l&rsquo;agriculture allemande.<\/p>\n<p>&nbsp;<\/p>\n<p><strong>JOSEPH MASSIE<\/strong><\/p>\n<p><a href=\"http:\/\/www.josephmassie.com\/\">http:\/\/www.josephmassie.com\/<\/a><\/p>\n<p><img loading=\"lazy\" decoding=\"async\" class=\"size-medium wp-image-7440 alignright\" src=\"http:\/\/www.mercatflor.cat\/wp-content\/uploads\/2016\/03\/Massie1-300x270.jpg\" alt=\"Massie1\" width=\"300\" height=\"270\" srcset=\"https:\/\/www.mercatflor.cat\/wp-content\/uploads\/2016\/03\/Massie1-300x270.jpg 300w, https:\/\/www.mercatflor.cat\/wp-content\/uploads\/2016\/03\/Massie1-178x160.jpg 178w, https:\/\/www.mercatflor.cat\/wp-content\/uploads\/2016\/03\/Massie1.jpg 465w\" sizes=\"auto, (max-width: 300px) 100vw, 300px\" \/>Les m\u00e9dias se r\u00e9f\u00e8rent \u00e0 Joseph comme \u00e0 \u00ab\u00a0l&rsquo;artiste floral de sa g\u00e9n\u00e9ration &lsquo;, Joseph Massie est amplement consid\u00e9r\u00e9 comme l&rsquo;un des meilleurs artistes botaniques de l&rsquo;Europe. Avec peu plus de quatorze ann\u00e9es, Joseph voulait d\u00e9sesp\u00e9r\u00e9ment un travail de week-end, et apr\u00e8s avoir surpass\u00e9 les preuves avec succ\u00e8s il a obtenu un travail dans un magasin dans sa ville natale, Liverpool, au Royaume-Uni. En \u00e9voluant pour poursuivre sa passion, il a financ\u00e9 ses \u00e9tudes et a commenc\u00e9 \u00e0 perfectionner sa pratique et \u00e0 d\u00e9velopper un esprit cr\u00e9ateur, en participant dans intenses s\u00e9ances d&rsquo;entra\u00eenement avec les meilleurs designers et des artistes internationaux.<\/p>\n<p>Il a commenc\u00e9 \u00e0 participer aux concours r\u00e9gionaux, suivi des concours nationaux de design floral. Aux dix-neuf ans il a gagn\u00e9 son premier concours national de design, le BFA jeune fleuriste du 2007. Apr\u00e8s sa victoire par le titre national, il a donn\u00e9 ses premiers pas dans la sc\u00e8ne mondiale dans Eurofleurs (Belgique, Bruxelles, 08). Au succ\u00e8s europ\u00e9en il a suivi le concours tr\u00e8s respect\u00e9 &lsquo; la Concurrence WorldSkills 40a &lsquo; (Calgary, Canada, 09), o\u00f9 il s&rsquo;est converti en premier concurrent unique du Royaume-Uni qui a port\u00e9 \u00e0 sa maison une m\u00e9daille de bronze, (avec un troisi\u00e8me prix du monde). Il a compl\u00e9t\u00e9 sa course extraordinaire internationale quand il a obtenu la M\u00e9daille en Argent (dans le deuxi\u00e8me lieu en Europe) \u00e0 Eurofleurs, le Championnat Europ\u00e9en de la Jeunesse (Manchester, le Royaume-Uni) en 2010.<\/p>\n<p>Il exp\u00e9rimentait le succ\u00e8s international, et les prix se r\u00e9p\u00e8tent avec dans sa terre natale, en gagnant dix-sept concours nationaux et internationaux. Entre ceux-ci cinq m\u00e9dailles d&rsquo;or cons\u00e9cutifs RHS &#8211; et quatre prix Best in le Show &#8211; dans mondialement connu RHS Chelsea Flower le Show (&lsquo; 09 \/ &lsquo; 10 \/ &lsquo; 11 \/ &lsquo; 12 \/ &lsquo; 13). Joseph est la plus jeune personne dans obtenir cette geste.<\/p>\n<p>En janvier 2013 il a tourn\u00e9 \u00e0 Liverpool pour fonder sa propre \u00e9tude avec un point de vue dans l&rsquo;expression artistique et innovatrice de mat\u00e9riels botaniques.<\/p>\n<p>&nbsp;<\/p>\n","protected":false},"excerpt":{"rendered":"<p>&nbsp; Ici vous avez\u00a0les curriculums des professeurs\/auteurs qui feront les d\u00e9monstrations et les ateliers de la Grande Semaine: (Le\u00a0source des textes et des photographies: www.floos.org) &nbsp; &nbsp; &nbsp; &nbsp; CARLES JUBANY http:\/\/www.floos.org Carles est n\u00e9 parmi les fleurs\u2026\u00a0En 1925, ses grands-p\u00e8res maternels ont ouvert la premi\u00e8re fleuristerie. Il fait partie de la troisi\u00e8me g\u00e9n\u00e9ration de [&hellip;]<\/p>\n","protected":false},"author":2,"featured_media":7463,"comment_status":"closed","ping_status":"closed","sticky":false,"template":"","format":"standard","meta":{"footnotes":""},"categories":[3],"tags":[],"class_list":["post-7456","post","type-post","status-publish","format-standard","has-post-thumbnail","hentry","category-sin-categoria-fr"],"aioseo_notices":[],"_links":{"self":[{"href":"https:\/\/www.mercatflor.cat\/fr\/wp-json\/wp\/v2\/posts\/7456","targetHints":{"allow":["GET"]}}],"collection":[{"href":"https:\/\/www.mercatflor.cat\/fr\/wp-json\/wp\/v2\/posts"}],"about":[{"href":"https:\/\/www.mercatflor.cat\/fr\/wp-json\/wp\/v2\/types\/post"}],"author":[{"embeddable":true,"href":"https:\/\/www.mercatflor.cat\/fr\/wp-json\/wp\/v2\/users\/2"}],"replies":[{"embeddable":true,"href":"https:\/\/www.mercatflor.cat\/fr\/wp-json\/wp\/v2\/comments?post=7456"}],"version-history":[{"count":5,"href":"https:\/\/www.mercatflor.cat\/fr\/wp-json\/wp\/v2\/posts\/7456\/revisions"}],"predecessor-version":[{"id":7479,"href":"https:\/\/www.mercatflor.cat\/fr\/wp-json\/wp\/v2\/posts\/7456\/revisions\/7479"}],"wp:featuredmedia":[{"embeddable":true,"href":"https:\/\/www.mercatflor.cat\/fr\/wp-json\/wp\/v2\/media\/7463"}],"wp:attachment":[{"href":"https:\/\/www.mercatflor.cat\/fr\/wp-json\/wp\/v2\/media?parent=7456"}],"wp:term":[{"taxonomy":"category","embeddable":true,"href":"https:\/\/www.mercatflor.cat\/fr\/wp-json\/wp\/v2\/categories?post=7456"},{"taxonomy":"post_tag","embeddable":true,"href":"https:\/\/www.mercatflor.cat\/fr\/wp-json\/wp\/v2\/tags?post=7456"}],"curies":[{"name":"wp","href":"https:\/\/api.w.org\/{rel}","templated":true}]}}