{"id":7386,"date":"2016-02-23T10:13:09","date_gmt":"2016-02-23T10:13:09","guid":{"rendered":"http:\/\/www.mercatflor.cat\/?p=7386"},"modified":"2016-02-23T14:03:26","modified_gmt":"2016-02-23T14:03:26","slug":"7-9-et-11-mars-nous-celebrons-notre-grande-semaine","status":"publish","type":"post","link":"https:\/\/www.mercatflor.cat\/fr\/nouvelles\/2016\/02\/7-9-et-11-mars-nous-celebrons-notre-grande-semaine\/","title":{"rendered":"7, 9 et 11 mars: nous celebrons notre Grande Semaine"},"content":{"rendered":"<p>23Le printemps est pratiquement ici et, comme chaque ann\u00e9e, le Mercat de Flor i Planta Ornamental de Catalunya veut faire une grande f\u00eate pour vous pr\u00e9senter l&rsquo;ample gamme de produits que vous offre dans la nouvelle saison. Nous c\u00e9l\u00e9brerons la <strong><span style=\"color: #ff0000;\">GRANDE SEMAINE<\/span><\/strong>, une f\u00eate commerciale de la fleur et de la plante <strong>le lundi 7, le mercredi 9 et le vendredi 11 mars, sans arr\u00eat des 8 \u00e0 17h.<\/strong><\/p>\n<p>Dans cette <strong><span style=\"color: #ff0000;\">GRANDE SEMAINE<\/span><\/strong> vous verrez les couleurs qui seront tendance, les nouvelles vari\u00e9t\u00e9s et pr\u00e9sentations, et pourrez appr\u00e9cier la qualit\u00e9 avec laquelle des fleurs, des plantes et des compl\u00e9ments arrivent dans la salle de la Vente Directe du Mercat. Tous elles seront pr\u00eats, et plusieurs d&rsquo;eux avec des escomptes promotionnels, pour que vous venez \u00e0 les acheter. C&rsquo;est une activit\u00e9 exclusive pour des professionnels du secteur, et seulement il sera n\u00e9cessaire que vous soyez inscrit comme acheteur du Mercat ou que vous vous accr\u00e9dite pour l&rsquo;occasion.<\/p>\n<p>De plus, la <span style=\"color: #ff0000;\"><strong>GRANDE SEMAINE<\/strong><\/span> vous offrira cette ann\u00e9e une proposition fantastique de formation fleuriste au compte de l&rsquo;\u00e9quipe de <strong><a href=\"http:\/\/www.floos.org\/\" target=\"_blank\">FLOOS, a crafter&rsquo;s secret<\/a><\/strong>, sous la conduite de <strong>Carles Jubany Fontanillas<\/strong>: l&rsquo;ensemble de d\u00e9monstrations d&rsquo;art floral et des ateliers de fleuristerie pens\u00e9s pour que vous d\u00e9veloppez votres connaissances et d\u00e9couvriez de nouvelles techniques. Ils seront accord\u00e9s par des professeurs de taille mondiale comme <em>Brigitte Heinrichs, Joseph Massie et m\u00eame Carles Jubany.<\/em> Les d\u00e9monstrations seront faites par le matin et les ateliers par l&rsquo;apr\u00e8s-midi, et qui bien qu&rsquo;ils sont gratuits, requi\u00e8rent une inscription pr\u00e9alable.<\/p>\n<p>Et, autre fois, pour que vous pouvez jouir des journ\u00e9es et faire votres achats et commandes avec suffisant temps, nous avons pr\u00e9vu un service gratuit de restaurant pour le d\u00e9jeuner. (Nous donnerons 2 tickets pour entreprise, mais il faut confirmer d&rsquo;avance votre participation).<\/p>\n<p>Nous vous attendons!<\/p>\n<p><strong>Le inscription aux ateliers et la r\u00e9serve de tiquets pour le d\u00e9jeuner<\/strong><br \/>\n<strong> au T\u00e9l. +34 937 500 000 ou au mail <a href=\"mailto:promocio@mercatflor.cat\" target=\"_blank\">promocio@mercatflor.cat<\/a><\/strong><\/p>\n<p>&nbsp;<\/p>\n","protected":false},"excerpt":{"rendered":"<p>23Le printemps est pratiquement ici et, comme chaque ann\u00e9e, le Mercat de Flor i Planta Ornamental de Catalunya veut faire une grande f\u00eate pour vous pr\u00e9senter l&rsquo;ample gamme de produits que vous offre dans la nouvelle saison. Nous c\u00e9l\u00e9brerons la GRANDE SEMAINE, une f\u00eate commerciale de la fleur et de la plante le lundi 7, [&hellip;]<\/p>\n","protected":false},"author":2,"featured_media":7376,"comment_status":"closed","ping_status":"closed","sticky":false,"template":"","format":"standard","meta":{"footnotes":""},"categories":[104],"tags":[],"class_list":["post-7386","post","type-post","status-publish","format-standard","has-post-thumbnail","hentry","category-nouvelles"],"aioseo_notices":[],"_links":{"self":[{"href":"https:\/\/www.mercatflor.cat\/fr\/wp-json\/wp\/v2\/posts\/7386","targetHints":{"allow":["GET"]}}],"collection":[{"href":"https:\/\/www.mercatflor.cat\/fr\/wp-json\/wp\/v2\/posts"}],"about":[{"href":"https:\/\/www.mercatflor.cat\/fr\/wp-json\/wp\/v2\/types\/post"}],"author":[{"embeddable":true,"href":"https:\/\/www.mercatflor.cat\/fr\/wp-json\/wp\/v2\/users\/2"}],"replies":[{"embeddable":true,"href":"https:\/\/www.mercatflor.cat\/fr\/wp-json\/wp\/v2\/comments?post=7386"}],"version-history":[{"count":4,"href":"https:\/\/www.mercatflor.cat\/fr\/wp-json\/wp\/v2\/posts\/7386\/revisions"}],"predecessor-version":[{"id":7406,"href":"https:\/\/www.mercatflor.cat\/fr\/wp-json\/wp\/v2\/posts\/7386\/revisions\/7406"}],"wp:featuredmedia":[{"embeddable":true,"href":"https:\/\/www.mercatflor.cat\/fr\/wp-json\/wp\/v2\/media\/7376"}],"wp:attachment":[{"href":"https:\/\/www.mercatflor.cat\/fr\/wp-json\/wp\/v2\/media?parent=7386"}],"wp:term":[{"taxonomy":"category","embeddable":true,"href":"https:\/\/www.mercatflor.cat\/fr\/wp-json\/wp\/v2\/categories?post=7386"},{"taxonomy":"post_tag","embeddable":true,"href":"https:\/\/www.mercatflor.cat\/fr\/wp-json\/wp\/v2\/tags?post=7386"}],"curies":[{"name":"wp","href":"https:\/\/api.w.org\/{rel}","templated":true}]}}