{"id":6514,"date":"2015-12-01T08:42:18","date_gmt":"2015-12-01T08:42:18","guid":{"rendered":"http:\/\/www.mercatflor.cat\/sin-categoria\/2015\/12\/excel%c2%b7lent-ponsetia-de-produccio-local-2\/"},"modified":"2016-01-07T11:27:12","modified_gmt":"2016-01-07T11:27:12","slug":"excel%c2%b7lent-ponsetia-de-produccio-local","status":"publish","type":"post","link":"https:\/\/www.mercatflor.cat\/fr\/nouvelles\/2015\/12\/excel%c2%b7lent-ponsetia-de-produccio-local\/","title":{"rendered":"Ponsetia excellent de production locale"},"content":{"rendered":"<p>L&rsquo;intense rouge du ponsetia porte des jours en inondant le salon de vente directe du Mercat de Flor. La plante de No\u00ebl par excellence offre cette ann\u00e9e une qualit\u00e9 tr\u00e8s haute \u00e0 ses acheteurs, fruit d&rsquo;un automne bienveillant qui a garanti son bon \u00e9tat morphologique et sanitaire.<\/p>\n<p>Le ponsetia traditionnel, la rouge, repr\u00e9sente plus de 80% du produit qui est demand\u00e9 ces jours, et elle se peut trouver dans des pr\u00e9sentations distinctes et des mesures, en pots de 7,5 \u00d8, 10,5 \u00d8, 12 \u00d8, 14 \u00d8, barquette, arbustiva ou comme arbre-coupe.<\/p>\n<p>De l&rsquo;autre c\u00f4t\u00e9, il y a aussi une ample gamme de ponsetia dans des couleurs multiples: blanche, jaune, rose, jasp\u00e9e, fuchsia \u2026 et elle se trouve dans les formats habituels de 12 \u00d8, 14 \u00d8, ou barquette.<\/p>\n<p>La princettia consolide aussi son espace entre les plantes de saison de No\u00ebl et compte dans le Mercat des formats distincts et des couleurs.<\/p>\n<p>La ponsetia et princetia qui aboutissent \u00e0 la vente dans le Mercat ces jours elle est majoritairement du Km 0, \u00e9labor\u00e9e dans la contr\u00e9e du Maresme. \u00c0 l&rsquo;\u00eatre une plante d\u00e9licate qu&rsquo;elle subit beaucoup avec le transport dans des longs voyages, seul une petite partie -correspondant aux mini formats- provient de l&rsquo;\u00e9tranger, et une autre petite partie monte de la r\u00e9gion d&rsquo;Almer\u00eda.<\/p>\n<p><img loading=\"lazy\" decoding=\"async\" class=\"alignleft size-medium wp-image-6415\" src=\"http:\/\/www.mercatflor.cat\/wp-content\/uploads\/2015\/12\/Parada-ponsetia1-300x225.jpg\" alt=\"Parada ponsetia1\" width=\"300\" height=\"225\" srcset=\"https:\/\/www.mercatflor.cat\/wp-content\/uploads\/2015\/12\/Parada-ponsetia1-300x225.jpg 300w, https:\/\/www.mercatflor.cat\/wp-content\/uploads\/2015\/12\/Parada-ponsetia1-214x160.jpg 214w, https:\/\/www.mercatflor.cat\/wp-content\/uploads\/2015\/12\/Parada-ponsetia1.jpg 800w\" sizes=\"auto, (max-width: 300px) 100vw, 300px\" \/><img loading=\"lazy\" decoding=\"async\" class=\"alignleft size-medium wp-image-6414\" src=\"http:\/\/www.mercatflor.cat\/wp-content\/uploads\/2015\/12\/Expo-poinsettia2-300x225.jpg\" alt=\"Expo poinsettia2\" width=\"300\" height=\"225\" srcset=\"https:\/\/www.mercatflor.cat\/wp-content\/uploads\/2015\/12\/Expo-poinsettia2-300x225.jpg 300w, https:\/\/www.mercatflor.cat\/wp-content\/uploads\/2015\/12\/Expo-poinsettia2-214x160.jpg 214w, https:\/\/www.mercatflor.cat\/wp-content\/uploads\/2015\/12\/Expo-poinsettia2.jpg 800w\" sizes=\"auto, (max-width: 300px) 100vw, 300px\" \/><\/p>\n","protected":false},"excerpt":{"rendered":"<p>L&rsquo;intense rouge du ponsetia porte des jours en inondant le salon de vente directe du Mercat de Flor. La plante de No\u00ebl par excellence offre cette ann\u00e9e une qualit\u00e9 tr\u00e8s haute \u00e0 ses acheteurs, fruit d&rsquo;un automne bienveillant qui a garanti son bon \u00e9tat morphologique et sanitaire. Le ponsetia traditionnel, la rouge, repr\u00e9sente plus de [&hellip;]<\/p>\n","protected":false},"author":2,"featured_media":6417,"comment_status":"closed","ping_status":"closed","sticky":false,"template":"","format":"standard","meta":{"footnotes":""},"categories":[104],"tags":[],"class_list":["post-6514","post","type-post","status-publish","format-standard","has-post-thumbnail","hentry","category-nouvelles"],"aioseo_notices":[],"_links":{"self":[{"href":"https:\/\/www.mercatflor.cat\/fr\/wp-json\/wp\/v2\/posts\/6514","targetHints":{"allow":["GET"]}}],"collection":[{"href":"https:\/\/www.mercatflor.cat\/fr\/wp-json\/wp\/v2\/posts"}],"about":[{"href":"https:\/\/www.mercatflor.cat\/fr\/wp-json\/wp\/v2\/types\/post"}],"author":[{"embeddable":true,"href":"https:\/\/www.mercatflor.cat\/fr\/wp-json\/wp\/v2\/users\/2"}],"replies":[{"embeddable":true,"href":"https:\/\/www.mercatflor.cat\/fr\/wp-json\/wp\/v2\/comments?post=6514"}],"version-history":[{"count":2,"href":"https:\/\/www.mercatflor.cat\/fr\/wp-json\/wp\/v2\/posts\/6514\/revisions"}],"predecessor-version":[{"id":6516,"href":"https:\/\/www.mercatflor.cat\/fr\/wp-json\/wp\/v2\/posts\/6514\/revisions\/6516"}],"wp:featuredmedia":[{"embeddable":true,"href":"https:\/\/www.mercatflor.cat\/fr\/wp-json\/wp\/v2\/media\/6417"}],"wp:attachment":[{"href":"https:\/\/www.mercatflor.cat\/fr\/wp-json\/wp\/v2\/media?parent=6514"}],"wp:term":[{"taxonomy":"category","embeddable":true,"href":"https:\/\/www.mercatflor.cat\/fr\/wp-json\/wp\/v2\/categories?post=6514"},{"taxonomy":"post_tag","embeddable":true,"href":"https:\/\/www.mercatflor.cat\/fr\/wp-json\/wp\/v2\/tags?post=6514"}],"curies":[{"name":"wp","href":"https:\/\/api.w.org\/{rel}","templated":true}]}}