{"id":2790,"date":"2014-01-29T14:11:41","date_gmt":"2014-01-29T14:11:41","guid":{"rendered":"http:\/\/test.mercatflor.cat\/sin-categoria-fr\/2014\/01\/el-2-de-marc-el-mercat-torna-a-visitar-perpinya-2\/"},"modified":"2014-01-30T10:11:21","modified_gmt":"2014-01-30T10:11:21","slug":"le-16-mars-le-mercat-perpignan","status":"publish","type":"post","link":"https:\/\/www.mercatflor.cat\/fr\/nouvelles\/2014\/01\/le-16-mars-le-mercat-perpignan\/","title":{"rendered":"Le 16 mars le Mercat retourne a Perpignan"},"content":{"rendered":"<p>Avec le nom XPOMERCAT Perpignan le Mercat de Flor i Planta Ornamental de Catalunya offre le 16 Mars de 9h30 \u00e0 17 heures une exposition de fleurs et de plantes \u00e0 Perpignan, dans le but d&rsquo;attirer de nouveaux clients et conserver le courant venant du sud de la France, tout en cherchant \u00e0 \u00e9tablir de nouvelles relations d&rsquo;affaires.<\/p>\n<p>XPOMERCAT PERPIGNAN est structur\u00e9 comme une salle d&rsquo;exposition pour les professionnels, entr\u00e9e libre sur r\u00e9servation, o\u00f9 les participants apprendront et se pourront int\u00e9resser par la grande vari\u00e9t\u00e9 de fleurs et de plantes produites a la Catalogne et commercialis\u00e9es par le march\u00e9. Plantes saisonni\u00e8res, vivaces, rosiers, arbres et arbustes, plantes culinaires, m\u00e9dicinales et aromatiques, conif\u00e8res, plante grimpante, plante d&rsquo;int\u00e9rieur, cactus et plantes succulentes, fruitiers, fleurs coup\u00e9es, vert d&rsquo;ornement et accessoires seront \u00e9toiles de ce journ\u00e9e.<\/p>\n<p>Le matin et l\u2019apr\u00e8s-midi, il sera possible d\u2019assister \u00e0 une d\u00e9monstration d&rsquo;art floral effectu\u00e9e par M. Eduard Maynegra, Champion de la Coupe d\u2019Espagne d\u2019Art Floral 2013 et repr\u00e9sentant espagnol dans l\u2019European Florist Championship qui sera c\u00e9l\u00e9br\u00e9 \u00e0 G\u00eanes en 2015.<\/p>\n<p>L&rsquo;exposition a l&rsquo;appui de le Casa a Perpiny\u00e0 de la Generalitat de Catalunya, et vise \u00e0 \u00eatre une \u00e9tape importante dans l&rsquo;internationalisation du Mercat. Cette action et le grand XPOMERCAT qui nous c\u00e9l\u00e9brerons le 9 Mars, vise \u00e0 nous consolider comme un phare de la floriculture et de l&rsquo;horticulture ornementale situ\u00e9 dans la r\u00e9gion du Maresme.<\/p>\n","protected":false},"excerpt":{"rendered":"<p>Avec le nom XPOMERCAT Perpignan le Mercat de Flor i Planta Ornamental de Catalunya offre le 16 Mars de 9h30 \u00e0 17 heures une exposition de fleurs et de plantes \u00e0 Perpignan, dans le but d&rsquo;attirer de nouveaux clients et conserver le courant venant du sud de la France, tout en cherchant \u00e0 \u00e9tablir de [&hellip;]<\/p>\n","protected":false},"author":2,"featured_media":2597,"comment_status":"closed","ping_status":"closed","sticky":false,"template":"","format":"standard","meta":{"footnotes":""},"categories":[104],"tags":[],"class_list":["post-2790","post","type-post","status-publish","format-standard","has-post-thumbnail","hentry","category-nouvelles"],"aioseo_notices":[],"_links":{"self":[{"href":"https:\/\/www.mercatflor.cat\/fr\/wp-json\/wp\/v2\/posts\/2790","targetHints":{"allow":["GET"]}}],"collection":[{"href":"https:\/\/www.mercatflor.cat\/fr\/wp-json\/wp\/v2\/posts"}],"about":[{"href":"https:\/\/www.mercatflor.cat\/fr\/wp-json\/wp\/v2\/types\/post"}],"author":[{"embeddable":true,"href":"https:\/\/www.mercatflor.cat\/fr\/wp-json\/wp\/v2\/users\/2"}],"replies":[{"embeddable":true,"href":"https:\/\/www.mercatflor.cat\/fr\/wp-json\/wp\/v2\/comments?post=2790"}],"version-history":[{"count":5,"href":"https:\/\/www.mercatflor.cat\/fr\/wp-json\/wp\/v2\/posts\/2790\/revisions"}],"predecessor-version":[{"id":2968,"href":"https:\/\/www.mercatflor.cat\/fr\/wp-json\/wp\/v2\/posts\/2790\/revisions\/2968"}],"wp:featuredmedia":[{"embeddable":true,"href":"https:\/\/www.mercatflor.cat\/fr\/wp-json\/wp\/v2\/media\/2597"}],"wp:attachment":[{"href":"https:\/\/www.mercatflor.cat\/fr\/wp-json\/wp\/v2\/media?parent=2790"}],"wp:term":[{"taxonomy":"category","embeddable":true,"href":"https:\/\/www.mercatflor.cat\/fr\/wp-json\/wp\/v2\/categories?post=2790"},{"taxonomy":"post_tag","embeddable":true,"href":"https:\/\/www.mercatflor.cat\/fr\/wp-json\/wp\/v2\/tags?post=2790"}],"curies":[{"name":"wp","href":"https:\/\/api.w.org\/{rel}","templated":true}]}}