{"id":10036,"date":"2019-01-02T10:05:09","date_gmt":"2019-01-02T10:05:09","guid":{"rendered":"https:\/\/www.mercatflor.cat\/sin-categoria-fr\/2019\/01\/calendari-de-dies-de-venda-i-horaris-especials-del-mercat-per-al-2019\/"},"modified":"2019-01-02T10:23:32","modified_gmt":"2019-01-02T10:23:32","slug":"calendari-de-dies-de-venda-i-horaris-especials-del-mercat-per-al-2019","status":"publish","type":"post","link":"https:\/\/www.mercatflor.cat\/fr\/nouvelles\/2019\/01\/calendari-de-dies-de-venda-i-horaris-especials-del-mercat-per-al-2019\/","title":{"rendered":"Calendrier des jours de vente et horaires du Mercat sp\u00e9ciaux pour 2019"},"content":{"rendered":"<p>Le calendrier des jours de vente du Mercat de Flor i Planta Ornamental de Catalunya pour cette ann\u00e9e 2019 peut d\u00e9j\u00e0 \u00eatre consult\u00e9. Dans ce document, approuv\u00e9 par le conseil d&rsquo;administration, vous trouverez indiqu\u00e9 les march\u00e9s extraordinaires convenus avec les marchands, les jours f\u00e9ri\u00e9s et les horaires sp\u00e9ciaux qui ont \u00e9t\u00e9 programm\u00e9s pour offrir le meilleur service possible aux clients.<\/p>\n<p>Il convient de mentionner le nouvel horaire de janvier, dans lequel la vente directe n\u2019ouvrira que le matin de 8 \u00e0 13 heures, ainsi que les march\u00e9s extraordinaires pr\u00e9vus \u00e0 P\u00e2ques pour pouvoir assister aux ventes de Sant Jordi.<\/p>\n<p>Il faut dire que, si des modifications devaient \u00eatre apport\u00e9es \u00e0 ce calendrier, vous serez correctement inform\u00e9s par circulaires sp\u00e9cifiques et de nos r\u00e9seaux.<\/p>\n<p>Si vous avez des questions \u00e0 ce sujet, vous pouvez contacter Information \u00e0 Tel. 93 750 00 00.<\/p>\n<h4><strong><em>Vous pouvez commander une copie en PDF <a href=\"https:\/\/www.mercatflor.cat\/wp-content\/uploads\/2018\/12\/2019-calendari-venda-FR.pdf\">IC\u00cd<\/a>!<\/em><\/strong><\/h4>\n","protected":false},"excerpt":{"rendered":"<p>Le calendrier des jours de vente du Mercat de Flor i Planta Ornamental de Catalunya pour cette ann\u00e9e 2019 peut d\u00e9j\u00e0 \u00eatre consult\u00e9. Dans ce document, approuv\u00e9 par le conseil d&rsquo;administration, vous trouverez indiqu\u00e9 les march\u00e9s extraordinaires convenus avec les marchands, les jours f\u00e9ri\u00e9s et les horaires sp\u00e9ciaux qui ont \u00e9t\u00e9 programm\u00e9s pour offrir le [&hellip;]<\/p>\n","protected":false},"author":2,"featured_media":10032,"comment_status":"closed","ping_status":"closed","sticky":false,"template":"","format":"standard","meta":{"footnotes":""},"categories":[104],"tags":[],"class_list":["post-10036","post","type-post","status-publish","format-standard","has-post-thumbnail","hentry","category-nouvelles"],"aioseo_notices":[],"_links":{"self":[{"href":"https:\/\/www.mercatflor.cat\/fr\/wp-json\/wp\/v2\/posts\/10036","targetHints":{"allow":["GET"]}}],"collection":[{"href":"https:\/\/www.mercatflor.cat\/fr\/wp-json\/wp\/v2\/posts"}],"about":[{"href":"https:\/\/www.mercatflor.cat\/fr\/wp-json\/wp\/v2\/types\/post"}],"author":[{"embeddable":true,"href":"https:\/\/www.mercatflor.cat\/fr\/wp-json\/wp\/v2\/users\/2"}],"replies":[{"embeddable":true,"href":"https:\/\/www.mercatflor.cat\/fr\/wp-json\/wp\/v2\/comments?post=10036"}],"version-history":[{"count":2,"href":"https:\/\/www.mercatflor.cat\/fr\/wp-json\/wp\/v2\/posts\/10036\/revisions"}],"predecessor-version":[{"id":10041,"href":"https:\/\/www.mercatflor.cat\/fr\/wp-json\/wp\/v2\/posts\/10036\/revisions\/10041"}],"wp:featuredmedia":[{"embeddable":true,"href":"https:\/\/www.mercatflor.cat\/fr\/wp-json\/wp\/v2\/media\/10032"}],"wp:attachment":[{"href":"https:\/\/www.mercatflor.cat\/fr\/wp-json\/wp\/v2\/media?parent=10036"}],"wp:term":[{"taxonomy":"category","embeddable":true,"href":"https:\/\/www.mercatflor.cat\/fr\/wp-json\/wp\/v2\/categories?post=10036"},{"taxonomy":"post_tag","embeddable":true,"href":"https:\/\/www.mercatflor.cat\/fr\/wp-json\/wp\/v2\/tags?post=10036"}],"curies":[{"name":"wp","href":"https:\/\/api.w.org\/{rel}","templated":true}]}}