{"id":9529,"date":"2018-04-25T12:42:37","date_gmt":"2018-04-25T12:42:37","guid":{"rendered":"https:\/\/www.mercatflor.cat\/sin-categoria-es\/2018\/04\/fires-festes-jornades-i-exposicions-de-flors-i-plantes-de-catalunya-2018\/"},"modified":"2018-05-15T14:00:15","modified_gmt":"2018-05-15T14:00:15","slug":"fires-festes-jornades-i-exposicions-de-flors-i-plantes-de-catalunya-2018","status":"publish","type":"post","link":"https:\/\/www.mercatflor.cat\/es\/noticias\/2018\/04\/fires-festes-jornades-i-exposicions-de-flors-i-plantes-de-catalunya-2018\/","title":{"rendered":"Ferias, fiestas, jornadas y exposiciones de flores y plantas de Catalunya 2018"},"content":{"rendered":"<p>Con la llegada de la primavera, muchos pueblos y ciudades se inspiran para programar actividades en torno al mundo de las flores y las plantas: concursos de rosas, jornadas gastron\u00f3micas, exposiciones de flores, talleres de jardiner\u00eda, decoraci\u00f3n de patios y balcones, paseos y excursiones para conocer los entornos&#8230;<\/p>\n<p>En Catalu\u00f1a estas celebraciones se iniciaron desde Barcelona, donde desde hace ya 3 a\u00f1os se organiza en Semana Santa el Festival De Flor en Flor en el Pueblo Espa\u00f1ol. Pero es sobre todo despu\u00e9s de Sant Jordi, a finales de abril, cuando este tipo de eventos toman protagonismo, hasta llegar a su m\u00e1ximo esplendor alrededor de Corpus Christi, que este a\u00f1o se celebra el 31 de mayo.<\/p>\n<p>A continuaci\u00f3n relacionamos las fiestas de las que hemos tenido constancia. Si sabe alguna m\u00e1s, o forma parte de la organizaci\u00f3n de alguna de ellas y nos desea hacer llegar informaci\u00f3n, p\u00f3ngase en contacto con nosotros a <a href=\"mailto:promocio@mercatflor.cat\">promocio@mercatflor.cat<\/a> o bien al Tel. 937500000.<\/p>\n<p>&nbsp;<\/p>\n<table style=\"height: 3785px;\" border=\"0\" width=\"857\" cellspacing=\"5\" cellpadding=\"5\">\n<tbody>\n<tr>\n<td align=\"left\" bgcolor=\"#fadcdc\">\n<h4 style=\"text-align: center;\"><strong><span style=\"font-family: 'Source Sans Pro', Helvetica, sans-serif;\"><span style=\"font-size: 16px;\">\u00a0D\u00cdA\u00a0<\/span><\/span><\/strong><\/h4>\n<\/td>\n<td align=\"left\" bgcolor=\"#fadcdc\">\n<h4 style=\"text-align: center;\"><strong><span style=\"font-family: 'Source Sans Pro', Helvetica, sans-serif;\"><span style=\"font-size: 16px;\">FIESTA<\/span><\/span><\/strong><\/h4>\n<\/td>\n<td align=\"left\" bgcolor=\"#fadcdc\">\n<h4 style=\"text-align: center;\"><strong><span style=\"font-family: 'Source Sans Pro', Helvetica, sans-serif;\"><span style=\"font-size: 16px;\">MUNICIPIO<\/span><\/span><\/strong><\/h4>\n<\/td>\n<td align=\"left\" bgcolor=\"#fadcdc\">\n<h4><strong><span style=\"font-family: 'Source Sans Pro', Helvetica, sans-serif;\"><span style=\"font-size: 16px;\">\u00a0 \u00a0 \u00a0 \u00a0 \u00a0M\u00c1S INFORMACI\u00d3N<\/span><\/span><\/strong><\/h4>\n<\/td>\n<\/tr>\n<tr style=\"padding-left: 30px;\">\n<td style=\"text-align: center; padding-left: 30px;\" align=\"left\" bgcolor=\"#fef5f5\"><span style=\"font-size: 16px;\">29 marzo a 2 de abril<\/span><\/td>\n<td style=\"text-align: center; padding-left: 30px;\" align=\"left\" bgcolor=\"#fef5f5\"><span style=\"color: #000000;\">DE FLOR EN FLOR<\/span><\/td>\n<td style=\"padding-left: 30px;\" align=\"left\" bgcolor=\"#fef5f5\"><span style=\"font-size: 16px;\">BARCELONA<\/span><\/td>\n<td style=\"padding-left: 30px;\" align=\"left\" bgcolor=\"#fef5f5\"><a style=\"font-size: 16px;\" href=\"https:\/\/www.poble-espanyol.com\/ca\/de-flor-en-flor-2018\/\"><span style=\"color: #141412;\">https:\/\/www.poble-espanyol.com\/ca\/de-flor-en-flor-2018\/<\/span><\/a><\/td>\n<\/tr>\n<tr style=\"padding-left: 30px;\">\n<td style=\"text-align: center; padding-left: 30px;\" align=\"left\" bgcolor=\"#fadcdc\"><span style=\"font-size: 16px;\">23 de abril<\/span><\/td>\n<td style=\"text-align: center; padding-left: 30px;\" align=\"left\" bgcolor=\"#fadcdc\"><span style=\"color: #000000;\">SANT JORDI<\/span><\/td>\n<td style=\"padding-left: 30px;\" align=\"left\" bgcolor=\"#fadcdc\"><span style=\"font-size: 16px;\">ARREU DE CATALUNYA<\/span><\/td>\n<td style=\"padding-left: 30px;\" align=\"left\" bgcolor=\"#fadcdc\"><span style=\"font-size: 16px;\">\u00a0<\/span><\/td>\n<\/tr>\n<tr style=\"padding-left: 30px;\">\n<td style=\"text-align: center; padding-left: 30px;\" align=\"left\" bgcolor=\"#fef5f5\"><span style=\"font-size: 16px;\">27 abril a 1 de mayo<\/span><\/td>\n<td style=\"text-align: center; padding-left: 30px;\" align=\"left\" bgcolor=\"#fef5f5\"><span style=\"color: #000000;\">FLORS I VIOLES<\/span><\/td>\n<td style=\"padding-left: 30px;\" align=\"left\" bgcolor=\"#fef5f5\"><span style=\"font-size: 16px;\">PALAFRUGELL<\/span><\/td>\n<td style=\"padding-left: 30px;\" align=\"left\" bgcolor=\"#fef5f5\"><a style=\"font-size: 16px;\" href=\"http:\/\/www.florsivioles.cat\" target=\"_blank\" rel=\"noopener\"><span style=\"color: #141412;\">www.florsivioles.cat<\/span><\/a><\/td>\n<\/tr>\n<tr style=\"padding-left: 30px;\">\n<td style=\"text-align: center; padding-left: 30px;\" align=\"left\" bgcolor=\"#fadcdc\"><span style=\"font-size: 16px;\">28 abril a 1 de mayo<\/span><\/td>\n<td style=\"text-align: center; padding-left: 30px;\" align=\"left\" bgcolor=\"#fadcdc\"><span style=\"color: #000000;\">TOSSA FLOR DE MAR<\/span><\/td>\n<td style=\"padding-left: 30px;\" align=\"left\" bgcolor=\"#fadcdc\"><span style=\"font-size: 16px;\">TOSSA DE MAR<\/span><\/td>\n<td style=\"padding-left: 30px;\" align=\"left\" bgcolor=\"#fadcdc\"><a style=\"font-size: 16px;\" href=\"http:\/\/www.tossademar.cat\/flordemar\/\"><span style=\"color: #141412;\">http:\/\/www.tossademar.cat\/flordemar\/<\/span><\/a><\/td>\n<\/tr>\n<tr style=\"padding-left: 30px;\">\n<td style=\"text-align: center; padding-left: 30px;\" align=\"left\" bgcolor=\"#fef5f5\"><span style=\"font-size: 16px;\">1 de mayo<\/span><\/td>\n<td style=\"text-align: center; padding-left: 30px;\" align=\"left\" bgcolor=\"#fef5f5\"><span style=\"color: #000000;\">FIRA DE LA PRIMAVERA<\/span><\/td>\n<td style=\"padding-left: 30px;\" align=\"left\" bgcolor=\"#fef5f5\"><span style=\"font-size: 16px;\">OLOT<\/span><\/td>\n<td style=\"padding-left: 30px;\" align=\"left\" bgcolor=\"#fef5f5\"><a style=\"font-size: 16px;\" href=\"http:\/\/www.agendaolot.cat\/event\/fira-1-de-maig\/\"><span style=\"color: #141412;\">http:\/\/www.agendaolot.cat\/event\/fira-1-de-maig\/<\/span><\/a><\/td>\n<\/tr>\n<tr style=\"padding-left: 30px;\">\n<td style=\"text-align: center; padding-left: 30px;\" align=\"left\" bgcolor=\"#fadcdc\"><span style=\"font-size: 16px;\">4 de mayo<\/span><\/td>\n<td style=\"text-align: center; padding-left: 30px;\" align=\"left\" bgcolor=\"#fadcdc\"><span style=\"color: #000000;\">F\u00d2RUM VILES FLORIDES<\/span><\/td>\n<td style=\"padding-left: 30px;\" align=\"left\" bgcolor=\"#fadcdc\"><span style=\"font-size: 16px;\">SANT FELIU DE LLOBREGAT<\/span><\/td>\n<td style=\"padding-left: 30px;\" align=\"left\" bgcolor=\"#fadcdc\"><a style=\"font-size: 16px;\" href=\"https:\/\/vilesflorides.cat\/viles-florides\/iii-forum-viles-florides\/\"><span style=\"color: #141412;\">https:\/\/vilesflorides.cat\/viles-florides\/iii-forum-viles-florides\/<\/span><\/a><\/td>\n<\/tr>\n<tr style=\"padding-left: 30px;\">\n<td style=\"text-align: center; padding-left: 30px;\" align=\"left\" bgcolor=\"#fef5f5\"><span style=\"font-size: 16px;\">4, 5 y 6 de mayo<\/span><\/td>\n<td style=\"text-align: center; padding-left: 30px;\" align=\"left\" bgcolor=\"#fef5f5\"><span style=\"color: #000000;\">BEGUR EN FLOR<\/span><\/td>\n<td style=\"padding-left: 30px;\" align=\"left\" bgcolor=\"#fef5f5\"><span style=\"font-size: 16px;\">BEGUR<\/span><\/td>\n<td style=\"padding-left: 30px;\" align=\"left\" bgcolor=\"#fef5f5\"><a style=\"font-size: 16px;\" href=\"http:\/\/visitbegur.cat\/agenda-dactivitats\/begur-en-flor\/\"><span style=\"color: #141412;\">http:\/\/visitbegur.cat\/agenda-dactivitats\/begur-en-flor\/<\/span><\/a><\/td>\n<\/tr>\n<tr style=\"padding-left: 30px;\">\n<td style=\"text-align: center; padding-left: 30px;\" align=\"left\" bgcolor=\"#fadcdc\"><span style=\"font-size: 16px;\">5 y 6 de mayo<\/span><\/td>\n<td style=\"text-align: center; padding-left: 30px;\" align=\"left\" bgcolor=\"#fadcdc\"><span style=\"color: #000000;\">GU\u00cdXOLS FLORS<\/span><\/td>\n<td style=\"padding-left: 30px;\" align=\"left\" bgcolor=\"#fadcdc\"><span style=\"font-size: 16px;\">ST. FELIU DE GU\u00cdXOLS<\/span><\/td>\n<td style=\"padding-left: 30px;\" align=\"left\" bgcolor=\"#fadcdc\"><a style=\"font-size: 16px;\" href=\"http:\/\/www.guixols.cat\/flors\"><span style=\"color: #141412;\">http:\/\/www.guixols.cat\/flors<\/span><\/a><\/td>\n<\/tr>\n<tr style=\"padding-left: 30px;\">\n<td style=\"text-align: center; padding-left: 30px;\" align=\"left\" bgcolor=\"#fef5f5\"><span style=\"font-size: 16px;\">5 y 6 de mayo<\/span><\/td>\n<td style=\"text-align: center; padding-left: 30px;\" align=\"left\" bgcolor=\"#fef5f5\"><span style=\"color: #000000;\">EXPOSICI\u00d3 DE RAMS I MOSTRA PASSEJANT PELS PATIS\u00a0<\/span><\/td>\n<td style=\"padding-left: 30px;\" align=\"left\" bgcolor=\"#fef5f5\"><span style=\"font-size: 16px;\">CELR\u00c0<\/span><\/td>\n<td style=\"padding-left: 30px;\" align=\"left\" bgcolor=\"#fef5f5\"><a style=\"font-size: 16px;\" href=\"http:\/\/www.celra.cat\" target=\"_blank\" rel=\"noopener\"><span style=\"color: #141412;\">http:\/\/www.celra.cat<\/span><\/a><\/td>\n<\/tr>\n<tr style=\"padding-left: 30px;\">\n<td style=\"text-align: center; padding-left: 30px;\" align=\"left\" bgcolor=\"#fadcdc\"><span style=\"font-size: 16px;\">5 y 6 de mayo<\/span><\/td>\n<td style=\"text-align: center; padding-left: 30px;\" align=\"left\" bgcolor=\"#fadcdc\"><span style=\"color: #000000;\">65\u00e8 CONCURS DE FLORS<\/span><\/td>\n<td style=\"padding-left: 30px;\" align=\"left\" bgcolor=\"#fadcdc\"><span style=\"font-size: 16px;\">STA. COLOMA DE FARNERS<\/span><\/td>\n<td style=\"padding-left: 30px;\" align=\"left\" bgcolor=\"#fadcdc\"><a style=\"font-size: 16px;\" href=\"http:\/\/www.scf.cat\/ca\/agenda\/mercat-de-les-herbes-de-la-ratafia-65%C3%A8-concurs-i-exposici%C3%B3-de-flors\" target=\"_blank\" rel=\"noopener\"><span style=\"color: #141412;\">http:\/\/www.scf.cat\/ca\/agenda\/mercat-de-les-herbes-de-la-ratafia-65%C3%A8-concurs-i-exposici%C3%B3-de-flors<\/span><\/a><\/td>\n<\/tr>\n<tr style=\"padding-left: 30px;\">\n<td style=\"text-align: center; padding-left: 30px;\" align=\"left\" bgcolor=\"#fef5f5\"><span style=\"font-size: 16px;\">5 al 7\u00a0de mayo<\/span><\/td>\n<td style=\"text-align: center; padding-left: 30px;\" align=\"left\" bgcolor=\"#fef5f5\"><span style=\"color: #000000;\">71\u00e8 CONCURS DE ROSES<\/span><\/td>\n<td style=\"padding-left: 30px;\" align=\"left\" bgcolor=\"#fef5f5\"><span style=\"font-size: 16px;\">REUS<\/span><\/td>\n<td style=\"padding-left: 30px;\" align=\"left\" bgcolor=\"#fef5f5\"><a style=\"font-size: 16px;\" href=\"https:\/\/www.centrelectura.cat\/cdlweb\/?page_id=2284\"><span style=\"color: #141412;\">https:\/\/www.centrelectura.cat\/cdlweb\/?page_id=2284<\/span><\/a><\/td>\n<\/tr>\n<tr style=\"padding-left: 30px;\">\n<td style=\"text-align: center; padding-left: 30px;\" align=\"left\" bgcolor=\"#fadcdc\"><span style=\"font-size: 16px;\">5 y 6 de mayo<\/span><\/td>\n<td style=\"text-align: center; padding-left: 30px;\" align=\"left\" bgcolor=\"#fadcdc\"><span style=\"color: #000000;\">SANTPEDOR EN FLOR<\/span><\/td>\n<td style=\"padding-left: 30px;\" align=\"left\" bgcolor=\"#fadcdc\"><span style=\"font-size: 16px;\">SANTPEDOR<\/span><\/td>\n<td style=\"padding-left: 30px;\" align=\"left\" bgcolor=\"#fadcdc\"><a style=\"font-size: 16px;\" href=\"http:\/\/www.santpedor.cat\/municipi\/festes-i-fires-de-santpedor\/santpedor-en-flor.html\"><span style=\"color: #141412;\">http:\/\/www.santpedor.cat\/municipi\/festes-i-fires-de-santpedor\/santpedor-en-flor.html<\/span><\/a><\/td>\n<\/tr>\n<tr style=\"padding-left: 30px;\">\n<td style=\"text-align: center; padding-left: 30px;\" align=\"left\" bgcolor=\"#fef5f5\"><span style=\"font-size: 16px;\">11 a 13\u00a0 de mayo<\/span><\/td>\n<td style=\"text-align: center; padding-left: 30px;\" align=\"left\" bgcolor=\"#fef5f5\"><span style=\"color: #000000;\">CONCURS DE ROSES NOVES<\/span><\/td>\n<td style=\"padding-left: 30px;\" align=\"left\" bgcolor=\"#fef5f5\"><span style=\"font-size: 16px;\">BARCELONA<\/span><\/td>\n<td style=\"padding-left: 30px;\" align=\"left\" bgcolor=\"#fef5f5\"><a style=\"font-size: 16px;\" href=\"http:\/\/ajuntament.barcelona.cat\/ecologiaurbana\/sites\/default\/files\/roses2018-fulleto-2.pdf\"><span style=\"color: #141412;\">http:\/\/ajuntament.barcelona.cat\/ecologiaurbana\/sites\/default\/files\/roses2018-fulleto-2.pdf<\/span><\/a><\/td>\n<\/tr>\n<tr style=\"padding-left: 30px;\">\n<td style=\"text-align: center; padding-left: 30px;\" align=\"left\" bgcolor=\"#fadcdc\"><span style=\"font-size: 16px;\">11 al 13 de mayo<\/span><\/td>\n<td style=\"text-align: center; padding-left: 30px;\" align=\"left\" bgcolor=\"#fadcdc\"><span style=\"color: #000000;\">25\u00e8 ANDOFLORA<\/span><\/td>\n<td style=\"padding-left: 30px;\" align=\"left\" bgcolor=\"#fadcdc\"><span style=\"font-size: 16px;\">LA MASSANA (ANDORRA)<\/span><\/td>\n<td style=\"padding-left: 30px;\" align=\"left\" bgcolor=\"#fadcdc\"><a style=\"font-size: 16px;\" href=\"http:\/\/informatiu.lamassana.ad\/\/articulo\/andoflora-2018\"><span style=\"color: #141412;\">http:\/\/informatiu.lamassana.ad\/\/articulo\/andoflora-2018<\/span><\/a><\/td>\n<\/tr>\n<tr style=\"padding-left: 30px;\">\n<td style=\"text-align: center; padding-left: 30px;\" align=\"left\" bgcolor=\"#fef5f5\"><span style=\"font-size: 16px;\">12 y 13 de mayo<\/span><\/td>\n<td style=\"text-align: center; padding-left: 30px;\" align=\"left\" bgcolor=\"#fef5f5\"><span style=\"color: #000000;\">60a EXPOSICI\u00d3 NACIONAL DE ROSES<\/span><\/td>\n<td style=\"padding-left: 30px;\" align=\"left\" bgcolor=\"#fef5f5\"><span style=\"font-size: 16px;\">ST. FELIU DEL LLOBREGAT<\/span><\/td>\n<td style=\"padding-left: 30px;\" align=\"left\" bgcolor=\"#fef5f5\"><a style=\"font-size: 16px;\" href=\"https:\/\/www.santfeliu.cat\/common\/doc\/document.faces?xmid=20588\" target=\"_blank\" rel=\"noopener\"><span style=\"color: #141412;\">https:\/\/www.santfeliu.cat\/common\/doc\/document.faces?xmid=20588<\/span><\/a><\/td>\n<\/tr>\n<tr style=\"padding-left: 30px;\">\n<td style=\"text-align: center; padding-left: 30px;\" align=\"left\" bgcolor=\"#fadcdc\"><span style=\"font-size: 16px;\">12 y 13 de mayo<\/span><\/td>\n<td style=\"text-align: center; padding-left: 30px;\" align=\"left\" bgcolor=\"#fadcdc\"><span style=\"color: #000000;\">FIRA FLOR<\/span><\/td>\n<td style=\"padding-left: 30px;\" align=\"left\" bgcolor=\"#fadcdc\"><span style=\"font-size: 16px;\">VILANANT<\/span><\/td>\n<td style=\"padding-left: 30px;\" align=\"left\" bgcolor=\"#fadcdc\"><a style=\"font-size: 16px;\" href=\"http:\/\/ca.vilanant.cat\/lajuntament\/fira-de-la-flor-i-el-jardi\/\"><span style=\"color: #141412;\">http:\/\/ca.vilanant.cat\/lajuntament\/fira-de-la-flor-i-el-jardi\/<\/span><\/a><\/td>\n<\/tr>\n<tr style=\"padding-left: 30px;\">\n<td style=\"text-align: center; padding-left: 30px;\" align=\"left\" bgcolor=\"#fef5f5\"><span style=\"font-size: 16px;\">12 al 20 de mayo<\/span><\/td>\n<td style=\"text-align: center; padding-left: 30px;\" align=\"left\" bgcolor=\"#fef5f5\"><span style=\"color: #000000;\">63\u00e8 TEMPS DE FLORS<\/span><\/td>\n<td style=\"padding-left: 30px;\" align=\"left\" bgcolor=\"#fef5f5\"><span style=\"font-size: 16px;\">GIRONA<\/span><\/td>\n<td style=\"padding-left: 30px;\" align=\"left\" bgcolor=\"#fef5f5\"><a style=\"font-size: 16px;\" href=\"http:\/\/www.gironatempsdeflors.cat\/cat\/inici.php\"><span style=\"color: #141412;\">http:\/\/www.gironatempsdeflors.cat\/cat\/inici.php<\/span><\/a><\/td>\n<\/tr>\n<tr style=\"padding-left: 30px;\">\n<td style=\"text-align: center; padding-left: 30px;\" align=\"left\" bgcolor=\"#fadcdc\"><span style=\"font-size: 16px;\">13 de mayo<\/span><\/td>\n<td style=\"text-align: center; padding-left: 30px;\" align=\"left\" bgcolor=\"#fadcdc\"><span style=\"color: #000000;\">13a FESTA DE LES FLORS<\/span><\/td>\n<td style=\"padding-left: 30px;\" align=\"left\" bgcolor=\"#fadcdc\"><span style=\"font-size: 16px;\">LLORET DE MAR<\/span><\/td>\n<td style=\"padding-left: 30px;\" align=\"left\" bgcolor=\"#fadcdc\"><span style=\"font-size: 16px;\">\u00a0<a href=\"http:\/\/lloretdemar.org\/ca\/agenda\/festa-de-les-flors\" target=\"_blank\" rel=\"noopener\">http:\/\/lloretdemar.org\/ca\/agenda\/festa-de-les-flors<\/a><\/span><\/td>\n<\/tr>\n<tr style=\"padding-left: 30px;\">\n<td style=\"text-align: center; padding-left: 30px;\" align=\"left\" bgcolor=\"#fef5f5\"><span style=\"font-size: 16px;\">\u00a013 de mayo<\/span><\/td>\n<td style=\"text-align: center; padding-left: 30px;\" align=\"left\" bgcolor=\"#fef5f5\"><span style=\"color: #000000;\">SUBIRATS EN FLOR<\/span><\/td>\n<td style=\"padding-left: 30px;\" align=\"left\" bgcolor=\"#fef5f5\"><span style=\"font-size: 16px;\">SUBIRATS<\/span><\/td>\n<td style=\"padding-left: 30px;\" align=\"left\" bgcolor=\"#fef5f5\"><a style=\"font-size: 16px;\" href=\"http:\/\/www.turismesubirats.cat\/torna-subirats-en-flor\/\"><span style=\"color: #141412;\">http:\/\/www.turismesubirats.cat\/torna-subirats-en-flor\/<\/span><\/a><\/td>\n<\/tr>\n<tr style=\"padding-left: 30px;\">\n<td style=\"text-align: center; padding-left: 30px;\" align=\"left\" bgcolor=\"#fadcdc\"><span style=\"font-size: 16px;\">13 de mayo<\/span><\/td>\n<td style=\"text-align: center; padding-left: 30px;\" align=\"left\" bgcolor=\"#fadcdc\"><span style=\"color: #000000;\">21a FIRAVERD<\/span><\/td>\n<td style=\"padding-left: 30px;\" align=\"left\" bgcolor=\"#fadcdc\"><span style=\"font-size: 16px;\">CARME<\/span><\/td>\n<td style=\"padding-left: 30px;\" align=\"left\" bgcolor=\"#fadcdc\"><span style=\"font-size: 16px;\">\u00a0<\/span><\/td>\n<\/tr>\n<tr style=\"padding-left: 30px;\">\n<td style=\"text-align: center; padding-left: 30px;\" align=\"left\" bgcolor=\"#fef5f5\"><span style=\"font-size: 16px;\">\u00a018 al 27 de mayo<\/span><\/td>\n<td style=\"text-align: center; padding-left: 30px;\" align=\"left\" bgcolor=\"#fef5f5\"><span style=\"color: #000000;\">II MARIDATGE DELS SENTITS<\/span><\/td>\n<td style=\"padding-left: 30px;\" align=\"left\" bgcolor=\"#fef5f5\"><span style=\"font-size: 16px;\">TEI\u00c0<\/span><\/td>\n<td style=\"padding-left: 30px;\" align=\"left\" bgcolor=\"#fef5f5\"><a style=\"font-size: 16px;\" href=\"http:\/\/www.maridatgedelssentits.cat\/\"><span style=\"color: #141412;\">http:\/\/www.maridatgedelssentits.cat\/<\/span><\/a><\/td>\n<\/tr>\n<tr style=\"padding-left: 30px;\">\n<td style=\"text-align: center; padding-left: 30px;\" align=\"left\" bgcolor=\"#fadcdc\"><span style=\"font-size: 16px;\">19 y 20 de mayo<\/span><\/td>\n<td style=\"text-align: center; padding-left: 30px;\" align=\"left\" bgcolor=\"#fadcdc\"><span style=\"color: #000000;\">SANT JOAN LES FLORS<\/span><\/td>\n<td style=\"padding-left: 30px;\" align=\"left\" bgcolor=\"#fadcdc\"><span style=\"font-size: 16px;\">SANT JOAN LES FONTS<\/span><\/td>\n<td style=\"padding-left: 30px;\" align=\"left\" bgcolor=\"#fadcdc\"><a style=\"font-size: 16px;\" href=\"http:\/\/www.santjoanlesfonts.cat\/promocio-destacada\/sant-joan-les-flors\/\"><span style=\"color: #141412;\">http:\/\/www.santjoanlesfonts.cat\/promocio-destacada\/sant-joan-les-flors\/<\/span><\/a><\/td>\n<\/tr>\n<tr style=\"padding-left: 30px;\">\n<td style=\"text-align: center; padding-left: 30px;\" align=\"left\" bgcolor=\"#fef5f5\"><span style=\"font-size: 16px;\">19 y 20 de mayo<\/span><\/td>\n<td style=\"text-align: center; padding-left: 30px;\" align=\"left\" bgcolor=\"#fef5f5\"><span style=\"color: #000000;\">TOCS DE FLOR<\/span><\/td>\n<td style=\"padding-left: 30px;\" align=\"left\" bgcolor=\"#fef5f5\"><span style=\"font-size: 16px;\">SILS<\/span><\/td>\n<td style=\"padding-left: 30px;\" align=\"left\" bgcolor=\"#fef5f5\"><a style=\"font-size: 16px;\" href=\"http:\/\/www.sils.cat\/promocio-variable\/tocs-de-flor-2018-19-i-20-de-maig\/\"><span style=\"color: #141412;\">http:\/\/www.sils.cat\/promocio-variable\/tocs-de-flor-2018-19-i-20-de-maig\/<\/span><\/a><\/td>\n<\/tr>\n<tr style=\"padding-left: 30px;\">\n<td style=\"text-align: center; padding-left: 30px;\" align=\"left\" bgcolor=\"#fadcdc\"><span style=\"font-size: 16px;\">19 al 21 de mayo<\/span><\/td>\n<td style=\"text-align: center; padding-left: 30px;\" align=\"left\" bgcolor=\"#fadcdc\"><span style=\"color: #000000;\">PINEDA MAR DE FLORS<\/span><\/td>\n<td style=\"padding-left: 30px;\" align=\"left\" bgcolor=\"#fadcdc\"><span style=\"font-size: 16px;\">PINEDA DE MAR<\/span><\/td>\n<td style=\"padding-left: 30px;\" align=\"left\" bgcolor=\"#fadcdc\"><a href=\"http:\/\/www.pinedademar.org\/noticies\/20180511-pineda-de-mar-celebra-la-segona-edici-de-pineda-mar-de-flors-del-19-al-21-de-maig.\">http:\/\/www.pinedademar.org\/noticies\/20180511-pineda-de-mar-celebra-la-segona-edici-de-pineda-mar-de-flors-del-19-al-21-de-maig.<\/a><\/td>\n<\/tr>\n<tr style=\"padding-left: 30px;\">\n<td style=\"text-align: center; padding-left: 30px;\" align=\"left\" bgcolor=\"#fef5f5\"><span style=\"font-size: 16px;\">\u00a019 al 21 de mayo<\/span><\/td>\n<td style=\"text-align: center; padding-left: 30px;\" align=\"left\" bgcolor=\"#fef5f5\"><span style=\"font-size: 16px;\">\u00a0<span style=\"color: #000000;\">64\u00e8 CONCURS DE FRUITS DEL CAMP, FLORS I PLANTES ORNAMENTALS<\/span><\/span><\/td>\n<td style=\"padding-left: 30px;\" align=\"left\" bgcolor=\"#fef5f5\"><span style=\"font-size: 16px;\">CASTELL-PLATJA D&#8217;ARO<\/span><\/td>\n<td style=\"padding-left: 30px;\" align=\"left\" bgcolor=\"#fef5f5\"><a style=\"font-size: 16px;\" href=\"http:\/\/www.platjadaro.com\/activitats\/1566\/64e_concurs_de_fruits_del_camp_fors_i_plantes_ornamentals.html\"><span style=\"color: #141412;\">http:\/\/www.platjadaro.com\/activitats\/1566\/64e_concurs_de_fruits_del_camp_fors_i_plantes_ornamentals.html<\/span><\/a><\/td>\n<\/tr>\n<tr style=\"padding-left: 30px;\">\n<td style=\"text-align: center; padding-left: 30px;\" align=\"left\" bgcolor=\"#fadcdc\"><span style=\"font-size: 16px;\">19 al 22 de mayo<\/span><\/td>\n<td style=\"text-align: center; padding-left: 30px;\" align=\"left\" bgcolor=\"#fadcdc\"><span style=\"color: #000000;\">EXPOSICI\u00d3 DE FLORS (Dins Festa Major)<\/span><\/td>\n<td style=\"padding-left: 30px;\" align=\"left\" bgcolor=\"#fadcdc\"><span style=\"font-size: 16px;\">LLAGOSTERA<\/span><\/td>\n<td style=\"padding-left: 30px;\" align=\"left\" bgcolor=\"#fadcdc\"><a style=\"font-size: 16px;\" href=\"http:\/\/www.llagostera.cat\/uploads\/imagenes\/61-img-url1525698313.pdf?1525763201\"><span style=\"color: #141412;\">http:\/\/www.llagostera.cat\/uploads\/imagenes\/61-img-url1525698313.pdf?1525763201<\/span><\/a><\/td>\n<\/tr>\n<tr style=\"padding-left: 30px;\">\n<td style=\"text-align: center; padding-left: 30px;\" align=\"left\" bgcolor=\"#fef5f5\"><span style=\"font-size: 16px;\">26 de mayo<\/span><\/td>\n<td style=\"text-align: center; padding-left: 30px;\" align=\"left\" bgcolor=\"#fef5f5\"><span style=\"color: #000000;\">FESTA DE LES FLORS<\/span><\/td>\n<td style=\"padding-left: 30px;\" align=\"left\" bgcolor=\"#fef5f5\"><span style=\"font-size: 16px;\">VIDRERES<\/span><\/td>\n<td style=\"padding-left: 30px;\" align=\"left\" bgcolor=\"#fef5f5\"><a style=\"font-size: 16px;\" href=\"http:\/\/vidreres.cat\/agenda\/2018\/festa-de-les-flors-2018\"><span style=\"color: #141412;\">http:\/\/vidreres.cat\/agenda\/2018\/festa-de-les-flors-2018<\/span><\/a><\/td>\n<\/tr>\n<tr style=\"padding-left: 30px;\">\n<td style=\"text-align: center; padding-left: 30px;\" align=\"left\" bgcolor=\"#fadcdc\"><span style=\"font-size: 16px;\">26 y 27 de mayo<\/span><\/td>\n<td style=\"text-align: center; padding-left: 30px;\" align=\"left\" bgcolor=\"#fadcdc\"><span style=\"color: #000000;\">51\u00e8 CONCURS DE ROSES i MOMENTS DE FLORS<\/span><\/td>\n<td style=\"padding-left: 30px;\" align=\"left\" bgcolor=\"#fadcdc\"><span style=\"font-size: 16px;\">CALELLA<\/span><\/td>\n<td style=\"padding-left: 30px;\" align=\"left\" bgcolor=\"#fadcdc\"><a style=\"font-size: 16px;\" href=\"http:\/\/www.calellabarcelona.com\/planifica\/que-fer\/moments-de-flors\/\" target=\"_blank\" rel=\"noopener\"><span style=\"color: #141412;\">http:\/\/www.calellabarcelona.com\/planifica\/que-fer\/moments-de-flors<\/span><\/a><\/td>\n<\/tr>\n<tr style=\"padding-left: 30px;\">\n<td style=\"text-align: center; padding-left: 30px;\" align=\"left\" bgcolor=\"#fef5f5\"><span style=\"font-size: 16px;\">\u00a026 y 27 de mayo<\/span><\/td>\n<td style=\"text-align: center; padding-left: 30px;\" align=\"left\" bgcolor=\"#fef5f5\"><span style=\"font-size: 16px;\">\u00a0<span style=\"color: #000000;\">19a FESTA DELS TREMENTINAIRES<\/span><\/span><\/td>\n<td style=\"padding-left: 30px;\" align=\"left\" bgcolor=\"#fef5f5\"><span style=\"font-size: 16px;\">TUIXENT<\/span><\/td>\n<td style=\"padding-left: 30px;\" align=\"left\" bgcolor=\"#fef5f5\"><a style=\"font-size: 16px;\" href=\"http:\/\/www.trementinaires.org\" target=\"_blank\" rel=\"noopener\"><span style=\"color: #141412;\">http:\/\/www.trementinaires.org<\/span><\/a><\/td>\n<\/tr>\n<tr style=\"padding-left: 30px;\">\n<td style=\"text-align: center; padding-left: 30px;\" align=\"left\" bgcolor=\"#fadcdc\"><span style=\"font-size: 16px;\">26 y 27 de mayo<\/span><\/td>\n<td style=\"text-align: center; padding-left: 30px;\" align=\"left\" bgcolor=\"#fadcdc\"><span style=\"color: #000000;\">ECOFIRA<\/span><\/td>\n<td style=\"padding-left: 30px;\" align=\"left\" bgcolor=\"#fadcdc\"><span style=\"font-size: 16px;\">DOSRIUS<\/span><\/td>\n<td style=\"padding-left: 30px;\" align=\"left\" bgcolor=\"#fadcdc\"><a style=\"font-size: 16px;\" href=\"http:\/\/ecofira.cat\/\" target=\"_blank\" rel=\"noopener\"><span style=\"color: #141412;\">http:\/\/ecofira.cat\/<\/span><\/a><\/td>\n<\/tr>\n<tr style=\"padding-left: 30px;\">\n<td style=\"text-align: center; padding-left: 30px;\" align=\"left\" bgcolor=\"#fef5f5\"><span style=\"font-size: 16px;\">26 de mayo al 6 de junio<\/span><\/td>\n<td style=\"text-align: center; padding-left: 30px;\" align=\"left\" bgcolor=\"#fef5f5\"><span style=\"color: #000000;\">CONCURS DE CATIFES I ENRAMADES<\/span><\/td>\n<td style=\"padding-left: 30px;\" align=\"left\" bgcolor=\"#fef5f5\"><span style=\"font-size: 16px;\">ARB\u00daCIES<\/span><\/td>\n<td style=\"padding-left: 30px;\" align=\"left\" bgcolor=\"#fef5f5\"><a style=\"font-size: 16px;\" href=\"http:\/\/www.enramades.net\" target=\"_blank\" rel=\"noopener\"><span style=\"color: #141412;\">http:\/\/www.enramades.net<\/span><\/a><\/td>\n<\/tr>\n<tr style=\"padding-left: 30px;\">\n<td style=\"text-align: center; padding-left: 30px;\" align=\"left\" bgcolor=\"#fadcdc\"><span style=\"font-size: 16px;\">26 de mayo al 5 de junio<\/span><\/td>\n<td style=\"text-align: center; padding-left: 30px;\" align=\"left\" bgcolor=\"#fadcdc\"><span style=\"color: #000000;\">SETMANA DE LA NATURA<\/span><\/td>\n<td style=\"padding-left: 30px;\" align=\"left\" bgcolor=\"#fadcdc\"><span style=\"font-size: 16px;\">ARREU DE CATALUNYA<\/span><\/td>\n<td style=\"padding-left: 30px;\" align=\"left\" bgcolor=\"#fadcdc\"><a style=\"font-size: 16px;\" href=\"http:\/\/www.setmananatura.cat\/\" target=\"_blank\" rel=\"noopener\"><span style=\"color: #141412;\">http:\/\/www.setmananatura.cat\/<\/span><\/a><\/td>\n<\/tr>\n<tr style=\"padding-left: 30px;\">\n<td style=\"text-align: center; padding-left: 30px;\" align=\"left\" bgcolor=\"#fef5f5\"><span style=\"font-size: 16px;\">Del 31 de mayo al 3 de junio<\/span><\/td>\n<td style=\"text-align: center; padding-left: 30px;\" align=\"left\" bgcolor=\"#fef5f5\"><span style=\"color: #000000;\">FESTES DE CORPUS<\/span><\/td>\n<td style=\"padding-left: 30px;\" align=\"left\" bgcolor=\"#fef5f5\"><span style=\"font-size: 16px;\">DIVERSES VILES I CIUTATS<\/span><\/td>\n<td style=\"padding-left: 30px;\" align=\"left\" bgcolor=\"#fef5f5\"><span style=\"font-size: 16px;\">Activitats florals i mostres de catifes de flors a LLEIDA, SALLENT, AIGUAFREDA, ARGENTONA, BALAGUER, BLANES, CALELLA, BORRASS\u00c0, SANT CUGAT DEL VALL\u00c8S, \u00a0MALGRAT DE MAR, FLIX, L&#8217;AMETLLA DE MAR, TIVISSA, EL PERELL\u00d3, CABRILS, LA ROCA DEL VALL\u00c8S, GUISSONA, MOLLET DEL VALL\u00c8S, VILASSAR DE MAR, L&#8217;ESTARTIT&#8230; (Consultar webs municipals per a m\u00e9s informaci\u00f3.)<\/span><\/td>\n<\/tr>\n<tr style=\"padding-left: 30px;\">\n<td style=\"text-align: center; padding-left: 30px;\" align=\"left\" bgcolor=\"#fadcdc\"><span style=\"font-size: 16px;\">1 al 3 de junio<\/span><\/td>\n<td style=\"text-align: center; padding-left: 30px;\" align=\"left\" bgcolor=\"#fadcdc\"><span style=\"color: #000000;\">DIADA DE LA FLOR<\/span><\/td>\n<td style=\"padding-left: 30px;\" align=\"left\" bgcolor=\"#fadcdc\"><span style=\"font-size: 16px;\">ARGENTONA<\/span><\/td>\n<td style=\"padding-left: 30px;\" align=\"left\" bgcolor=\"#fadcdc\"><a style=\"font-size: 16px;\" href=\"http:\/\/www.argentona.cat\"><span style=\"color: #141412;\">http:\/\/www.argentona.cat<\/span><\/a><\/td>\n<\/tr>\n<tr style=\"padding-left: 30px;\">\n<td style=\"text-align: center; padding-left: 30px;\" align=\"left\" bgcolor=\"#fef5f5\"><span style=\"font-size: 16px;\">1 al 3 de junio<\/span><\/td>\n<td style=\"text-align: center; padding-left: 30px;\" align=\"left\" bgcolor=\"#fef5f5\"><span style=\"color: #000000;\">CALDESFLOR<\/span><\/td>\n<td style=\"padding-left: 30px;\" align=\"left\" bgcolor=\"#fef5f5\"><span style=\"font-size: 16px;\">CALDES DE MONTBUI<\/span><\/td>\n<td style=\"padding-left: 30px;\" align=\"left\" bgcolor=\"#fef5f5\"><span style=\"font-size: 16px;\">\u00a0<\/span><\/td>\n<\/tr>\n<tr style=\"padding-left: 30px;\">\n<td style=\"text-align: center; padding-left: 30px;\" align=\"left\" bgcolor=\"#fadcdc\"><span style=\"font-size: 16px;\">1 al 3 de junio<\/span><\/td>\n<td style=\"text-align: center; padding-left: 30px;\" align=\"left\" bgcolor=\"#fadcdc\"><span style=\"color: #000000;\">41a EXPOSICI\u00d3 DE FLORS<\/span><\/td>\n<td style=\"padding-left: 30px;\" align=\"left\" bgcolor=\"#fadcdc\"><span style=\"font-size: 16px;\">BANYOLES<\/span><\/td>\n<td style=\"padding-left: 30px;\" align=\"left\" bgcolor=\"#fadcdc\"><a style=\"font-size: 16px;\" href=\"http:\/\/turisme.banyoles.cat\/ca-es\/\"><span style=\"color: #141412;\">\u00a0http:\/\/turisme.banyoles.cat\/ca-es\/<\/span><\/a><\/td>\n<\/tr>\n<tr style=\"padding-left: 30px;\">\n<td style=\"text-align: center; padding-left: 30px;\" align=\"left\" bgcolor=\"#fef5f5\"><span style=\"font-size: 16px;\">2 y 3 de junio<\/span><\/td>\n<td style=\"text-align: center; padding-left: 30px;\" align=\"left\" bgcolor=\"#fef5f5\"><span style=\"color: #000000;\">FIRA DE LA ROSA<\/span><\/td>\n<td style=\"padding-left: 30px;\" align=\"left\" bgcolor=\"#fef5f5\"><span style=\"font-size: 16px;\">ROSES<\/span><\/td>\n<td style=\"padding-left: 30px;\" align=\"left\" bgcolor=\"#fef5f5\"><a style=\"font-size: 16px;\" href=\"http:\/\/firadelarosa.cat\/\"><span style=\"color: #141412;\">http:\/\/firadelarosa.cat\/<\/span><\/a><\/td>\n<\/tr>\n<tr style=\"padding-left: 30px;\">\n<td style=\"text-align: center; padding-left: 30px;\" align=\"left\" bgcolor=\"#fadcdc\"><span style=\"font-size: 16px;\">2 y 3 de junio<\/span><\/td>\n<td style=\"text-align: center; padding-left: 30px;\" align=\"left\" bgcolor=\"#fadcdc\"><span style=\"color: #000000;\">ARENYS DE FLORS<\/span><\/td>\n<td style=\"padding-left: 30px;\" align=\"left\" bgcolor=\"#fadcdc\"><span style=\"font-size: 16px;\">ARENYS DE MAR<\/span><\/td>\n<td style=\"padding-left: 30px;\" align=\"left\" bgcolor=\"#fadcdc\"><a style=\"font-size: 16px;\" href=\"http:\/\/www.arenysdemar.cat\/document.php?id=35025\"><span style=\"color: #141412;\">http:\/\/www.arenysdemar.cat\/document.php?id=35025<\/span><\/a><\/td>\n<\/tr>\n<tr style=\"padding-left: 30px;\">\n<td style=\"text-align: center; padding-left: 30px;\" align=\"left\" bgcolor=\"#fef5f5\"><span style=\"font-size: 16px;\">3 de junio<\/span><\/td>\n<td style=\"text-align: center; padding-left: 30px;\" align=\"left\" bgcolor=\"#fef5f5\"><span style=\"color: #000000;\">FESTES DE CORPUS<\/span><\/td>\n<td style=\"padding-left: 30px;\" align=\"left\" bgcolor=\"#fef5f5\"><span style=\"font-size: 16px;\">LA GARRIGA<\/span><\/td>\n<td style=\"padding-left: 30px;\" align=\"left\" bgcolor=\"#fef5f5\"><a style=\"font-size: 16px;\" href=\"http:\/\/www.corpuslagarriga.org\" target=\"_blank\" rel=\"noopener\"><span style=\"color: #141412;\">http:\/\/www.corpuslagarriga.org<\/span><\/a><\/td>\n<\/tr>\n<tr style=\"padding-left: 30px;\">\n<td style=\"text-align: center; padding-left: 30px;\" align=\"left\" bgcolor=\"#fadcdc\"><span style=\"font-size: 16px;\">3 de junio<\/span><\/td>\n<td style=\"text-align: center; padding-left: 30px;\" align=\"left\" bgcolor=\"#fadcdc\"><span style=\"color: #000000;\">27a FIRA D&#8217;HERBES REMEIERES<\/span><\/td>\n<td style=\"padding-left: 30px; text-align: left;\" align=\"left\" bgcolor=\"#fadcdc\"><span style=\"font-size: 16px;\">VILANOVA DE SAU<\/span><\/td>\n<td style=\"padding-left: 30px;\" align=\"left\" bgcolor=\"#fadcdc\"><a style=\"font-size: 16px;\" href=\"http:\/\/www.vilanovadesau.cat\/turisme\/fires-i-festes\/fira-dherbes-remeieres-i-productes-artesans.html\" target=\"_blank\" rel=\"noopener\"><span style=\"color: #141412;\">http:\/\/www.vilanovadesau.cat\/turisme\/fires-i-festes\/fira-dherbes-remeieres-i-productes-artesans.html<\/span><\/a><\/td>\n<\/tr>\n<tr style=\"padding-left: 30px;\">\n<td style=\"text-align: center; padding-left: 30px;\" align=\"left\" bgcolor=\"#fef5f5\"><span style=\"font-size: 16px;\">2 al 10 de\u00a0 junio<\/span><\/td>\n<td style=\"text-align: center; padding-left: 30px;\" align=\"left\" bgcolor=\"#fef5f5\"><span style=\"color: #000000;\">FESTES DE CORPUS<\/span><\/td>\n<td style=\"padding-left: 30px;\" align=\"left\" bgcolor=\"#fef5f5\"><span style=\"font-size: 16px;\">SITGES<\/span><\/td>\n<td style=\"padding-left: 30px;\" align=\"left\" bgcolor=\"#fef5f5\"><a style=\"font-size: 16px;\" href=\"http:\/\/www.visitsitges.com\/ca\/corpus-sitges-2018\"><span style=\"color: #141412;\">http:\/\/www.visitsitges.com\/ca\/corpus-sitges-2018<\/span><\/a><\/td>\n<\/tr>\n<tr style=\"padding-left: 30px;\">\n<td style=\"text-align: center; padding-left: 30px;\" align=\"left\" bgcolor=\"#fadcdc\"><span style=\"font-size: 16px;\">9 y 10 de junio<\/span><\/td>\n<td style=\"text-align: center; padding-left: 30px;\" align=\"left\" bgcolor=\"#fadcdc\"><span style=\"color: #000000;\">FIRA DE LA PAGESIA I EL MEDI AMBIENT<\/span><\/td>\n<td style=\"padding-left: 30px; text-align: left;\" align=\"left\" bgcolor=\"#fadcdc\"><span style=\"font-size: 16px;\">CABRERA DE MAR<\/span><\/td>\n<td style=\"padding-left: 30px;\" align=\"left\" bgcolor=\"#fadcdc\"><a style=\"font-size: 16px;\" href=\"http:\/\/www.cabrerademar.cat\" target=\"_blank\" rel=\"noopener\"><span style=\"color: #141412;\">http:\/\/www.cabrerademar.cat<\/span><\/a><\/td>\n<\/tr>\n<tr style=\"padding-left: 30px;\">\n<td style=\"text-align: center; padding-left: 30px;\" align=\"left\" bgcolor=\"#fef5f5\"><span style=\"font-size: 16px;\">9 y 10 de junio<\/span><\/td>\n<td style=\"text-align: center; padding-left: 30px;\" align=\"left\" bgcolor=\"#fef5f5\"><span style=\"color: #000000;\">XII FIRA D&#8217;HERBES I FLORS DE MUNTANYA<\/span><\/td>\n<td style=\"padding-left: 30px;\" align=\"left\" bgcolor=\"#fef5f5\"><span style=\"font-size: 16px;\">SETCASES<\/span><\/td>\n<td style=\"padding-left: 30px;\" align=\"left\" bgcolor=\"#fef5f5\"><a style=\"font-size: 16px;\" href=\"http:\/\/webspobles2.ddgi.cat\/setcases\/coneix\/fires-festes-i-tradicions\/fira-de-les-herbes\/\"><span style=\"color: #141412;\">http:\/\/webspobles2.ddgi.cat\/setcases\/coneix\/fires-festes-i-tradicions\/fira-de-les-herbes\/<\/span><\/a><\/td>\n<\/tr>\n<tr style=\"padding-left: 30px;\">\n<td style=\"text-align: center; padding-left: 30px;\" align=\"left\" bgcolor=\"#fadcdc\"><span style=\"font-size: 16px;\">9 y 10 de junio<\/span><\/td>\n<td style=\"text-align: center; padding-left: 30px;\" align=\"left\" bgcolor=\"#fadcdc\"><span style=\"color: #000000;\">BENVINGUTS A PAG\u00c8S<\/span><\/td>\n<td style=\"padding-left: 30px;\" align=\"left\" bgcolor=\"#fadcdc\"><span style=\"font-size: 16px;\">ARREU DE CATALUNYA<\/span><\/td>\n<td style=\"padding-left: 30px;\" align=\"left\" bgcolor=\"#fadcdc\"><a style=\"font-size: 16px;\" href=\"http:\/\/benvingutsapages.cat\/\" target=\"_blank\" rel=\"noopener\"><span style=\"color: #141412;\">http:\/\/benvingutsapages.cat\/<\/span><\/a><\/td>\n<\/tr>\n<\/tbody>\n<\/table>\n","protected":false},"excerpt":{"rendered":"<p>Con la llegada de la primavera, muchos pueblos y ciudades se inspiran para programar actividades en torno al mundo de las flores y las plantas: concursos de rosas, jornadas gastron\u00f3micas, exposiciones de flores, talleres de jardiner\u00eda, decoraci\u00f3n de patios y balcones, paseos y excursiones para conocer los entornos&#8230; En Catalu\u00f1a estas celebraciones se iniciaron desde [&hellip;]<\/p>\n","protected":false},"author":2,"featured_media":9520,"comment_status":"closed","ping_status":"closed","sticky":false,"template":"","format":"standard","meta":{"footnotes":""},"categories":[125],"tags":[],"class_list":["post-9529","post","type-post","status-publish","format-standard","has-post-thumbnail","hentry","category-noticias"],"aioseo_notices":[],"_links":{"self":[{"href":"https:\/\/www.mercatflor.cat\/es\/wp-json\/wp\/v2\/posts\/9529","targetHints":{"allow":["GET"]}}],"collection":[{"href":"https:\/\/www.mercatflor.cat\/es\/wp-json\/wp\/v2\/posts"}],"about":[{"href":"https:\/\/www.mercatflor.cat\/es\/wp-json\/wp\/v2\/types\/post"}],"author":[{"embeddable":true,"href":"https:\/\/www.mercatflor.cat\/es\/wp-json\/wp\/v2\/users\/2"}],"replies":[{"embeddable":true,"href":"https:\/\/www.mercatflor.cat\/es\/wp-json\/wp\/v2\/comments?post=9529"}],"version-history":[{"count":11,"href":"https:\/\/www.mercatflor.cat\/es\/wp-json\/wp\/v2\/posts\/9529\/revisions"}],"predecessor-version":[{"id":9544,"href":"https:\/\/www.mercatflor.cat\/es\/wp-json\/wp\/v2\/posts\/9529\/revisions\/9544"}],"wp:featuredmedia":[{"embeddable":true,"href":"https:\/\/www.mercatflor.cat\/es\/wp-json\/wp\/v2\/media\/9520"}],"wp:attachment":[{"href":"https:\/\/www.mercatflor.cat\/es\/wp-json\/wp\/v2\/media?parent=9529"}],"wp:term":[{"taxonomy":"category","embeddable":true,"href":"https:\/\/www.mercatflor.cat\/es\/wp-json\/wp\/v2\/categories?post=9529"},{"taxonomy":"post_tag","embeddable":true,"href":"https:\/\/www.mercatflor.cat\/es\/wp-json\/wp\/v2\/tags?post=9529"}],"curies":[{"name":"wp","href":"https:\/\/api.w.org\/{rel}","templated":true}]}}