{"id":8969,"date":"2017-08-18T06:51:03","date_gmt":"2017-08-18T06:51:03","guid":{"rendered":"https:\/\/www.mercatflor.cat\/sin-categoria-es\/2017\/08\/comunicat-en-motiu-de-latemptat-de-barcelona-2\/"},"modified":"2017-08-18T06:57:09","modified_gmt":"2017-08-18T06:57:09","slug":"comunicat-en-motiu-de-latemptat-de-barcelona","status":"publish","type":"post","link":"https:\/\/www.mercatflor.cat\/es\/sin-categoria-es\/2017\/08\/comunicat-en-motiu-de-latemptat-de-barcelona\/","title":{"rendered":"Comunicado en motivo del atentado de Barcelona"},"content":{"rendered":"<p>El Mercat de Flor i Planta Ornamental de Catalunya\u00a0condenamos firmemente el atentado terrorista que se ha producido la tarde de este jueves 17 de agosto en Barcelona.<\/p>\n<p>Con estas l\u00edneas queremos rechazar todo acto de violencia entre los pueblos y las personas que los forman y mostrar nuestra solidaridad con las v\u00edctimas y sus familiares.<\/p>\n<p>Asimismo, queremos tambi\u00e9n expresar nuestro agradecimiento a la gran y valiente tarea llevada a cabo por los cuerpos de seguridad, los servicios de emergencias y los profesionales sanitarios que han trabajado en los lugares donde durante la tarde y noche se han producido los hechos.<\/p>\n<p>Por todo ello, en se\u00f1al de duelo, las banderas del Mercat ondear\u00e1n hoy y durante tres d\u00edas a media asta, y convocamos a nuestros socios, clientes, usuarios y amigos a compartir 1 minuto de silencio hoy a las 12 horas del mediod\u00eda ante el vest\u00edbulo del Mercat.<\/p>\n","protected":false},"excerpt":{"rendered":"<p>El Mercat de Flor i Planta Ornamental de Catalunya\u00a0condenamos firmemente el atentado terrorista que se ha producido la tarde de este jueves 17 de agosto en Barcelona. Con estas l\u00edneas queremos rechazar todo acto de violencia entre los pueblos y las personas que los forman y mostrar nuestra solidaridad con las v\u00edctimas y sus familiares. [&hellip;]<\/p>\n","protected":false},"author":2,"featured_media":8968,"comment_status":"closed","ping_status":"closed","sticky":false,"template":"","format":"standard","meta":{"footnotes":""},"categories":[125,4],"tags":[],"class_list":["post-8969","post","type-post","status-publish","format-standard","has-post-thumbnail","hentry","category-noticias","category-sin-categoria-es"],"aioseo_notices":[],"_links":{"self":[{"href":"https:\/\/www.mercatflor.cat\/es\/wp-json\/wp\/v2\/posts\/8969","targetHints":{"allow":["GET"]}}],"collection":[{"href":"https:\/\/www.mercatflor.cat\/es\/wp-json\/wp\/v2\/posts"}],"about":[{"href":"https:\/\/www.mercatflor.cat\/es\/wp-json\/wp\/v2\/types\/post"}],"author":[{"embeddable":true,"href":"https:\/\/www.mercatflor.cat\/es\/wp-json\/wp\/v2\/users\/2"}],"replies":[{"embeddable":true,"href":"https:\/\/www.mercatflor.cat\/es\/wp-json\/wp\/v2\/comments?post=8969"}],"version-history":[{"count":2,"href":"https:\/\/www.mercatflor.cat\/es\/wp-json\/wp\/v2\/posts\/8969\/revisions"}],"predecessor-version":[{"id":8971,"href":"https:\/\/www.mercatflor.cat\/es\/wp-json\/wp\/v2\/posts\/8969\/revisions\/8971"}],"wp:featuredmedia":[{"embeddable":true,"href":"https:\/\/www.mercatflor.cat\/es\/wp-json\/wp\/v2\/media\/8968"}],"wp:attachment":[{"href":"https:\/\/www.mercatflor.cat\/es\/wp-json\/wp\/v2\/media?parent=8969"}],"wp:term":[{"taxonomy":"category","embeddable":true,"href":"https:\/\/www.mercatflor.cat\/es\/wp-json\/wp\/v2\/categories?post=8969"},{"taxonomy":"post_tag","embeddable":true,"href":"https:\/\/www.mercatflor.cat\/es\/wp-json\/wp\/v2\/tags?post=8969"}],"curies":[{"name":"wp","href":"https:\/\/api.w.org\/{rel}","templated":true}]}}