{"id":8882,"date":"2017-06-13T09:14:17","date_gmt":"2017-06-13T09:14:17","guid":{"rendered":"https:\/\/www.mercatflor.cat\/sin-categoria\/2017\/06\/el-mercat-sera-present-al-salon-du-vegetal-2\/"},"modified":"2017-06-13T11:51:37","modified_gmt":"2017-06-13T11:51:37","slug":"el-mercat-sera-present-al-salon-du-vegetal","status":"publish","type":"post","link":"https:\/\/www.mercatflor.cat\/es\/sin-categoria-es\/2017\/06\/el-mercat-sera-present-al-salon-du-vegetal\/","title":{"rendered":"El Mercat estar\u00e1 presente en el Salon du V\u00e9g\u00e9tal"},"content":{"rendered":"<p>El Mercat de Flor i Planta Ornamental de Catalunya\u00a0participamos de nuevo en el Salon du V\u00e9g\u00e9tal, que este a\u00f1o se celebra del 20 al 22 de junio en la ciudad de Nantes. Lo haremos con un stand informativo ubicado en el pabell\u00f3n XXL, en la zona dedicada a la Producci\u00f3n, bajo el paraguas de FEPEX (Federaci\u00f3n Espa\u00f1ola de Productores Exportadores), junto con otras empresas catalanas.<\/p>\n<p>El Mercat vamos a este importante Sal\u00f3n con el objetivo de captar nuevos clientes en Francia y darles a conocer los servicios comerciales que se les ofrecen, como son las compras agrupadas y el transporte de una amplia oferta de flores y plantas a precios muy competitivos.<\/p>\n<p>El Salon du V\u00e9g\u00e9tal estrena nuevas fechas y ubicaci\u00f3n en esta edici\u00f3n de 2017. Despu\u00e9s de muchos a\u00f1os en que esta feria se celebraba en la ciudad de Angers el mes de febrero, este a\u00f1o se traslada a Nantes a finales de junio con la voluntad de atraer m\u00e1s visitantes y favorecer el volumen de negocio, que poco a poco hab\u00eda disminuido.<\/p>\n<p>Seg\u00fan sus responsables, \u00abcon el paso de los a\u00f1os, la celebraci\u00f3n de la feria en febrero se hab\u00eda hecho m\u00e1s y m\u00e1s dif\u00edcil, tanto por las vacaciones escolares como por celebrarse con la temporada de comercio ya bien avanzada. Despu\u00e9s de hacer encuestas entre los visitantes y algunos expositores, se crey\u00f3 que los d\u00edas 20, 21 y 22 de junio ser\u00edan m\u00e1s adecuados\u00a0para los negocios, considerando que este es un buen periodo para todas las categor\u00edas de compradores por muchas razones:<br \/>\n&#8211; Para la distribuci\u00f3n y la producci\u00f3n, porque se da despu\u00e9s de la temporada de primavera, en un per\u00edodo f\u00e9rtil para las ideas y nuevas referencias, y \u00fatil para preparar la pr\u00f3xima temporada.<br \/>\n&#8211; Porque\u00a0las florister\u00edas tienen m\u00e1s disponibilidad, ya que los grandes eventos han quedado atr\u00e1s.<br \/>\n&#8211; Para los paisajistas y los ayuntamientos, en un momento clave ante las muestras de sus espacios exteriores.<br \/>\n&#8211; Las nuevas plantas y variedades est\u00e1n en plena floraci\u00f3n.<br \/>\n&#8211; Los prototipos de los productos manufacturados se encuentran avanzados y, por tanto, listos para ser revelados o incluso a punto para el mercado.<br \/>\n&#8211; Con el verano a las puertas, el tiempo es bueno para los negocios y la convivencia. \u00bb<\/p>\n<p>El cambio de ubicaci\u00f3n responde a \u00abuna continua b\u00fasqueda de la excelencia con el fin de consolidar este Sal\u00f3n entre los eventos m\u00e1s grandes de los que se hacen en torno al mundo de las flores y plantas, la jardiner\u00eda y la naturaleza en\u00a0las ciudades del mundo\u00bb. Nantes supone contar con \u00abun \u00e1rea de exposici\u00f3n m\u00e1s grande, tanto interior como exterior, que permitir\u00e1 presentar una oferta m\u00e1s amplia y por tanto, atraer m\u00e1s compradores profesionales.<\/p>\n<p>Esperamos pues volver con un buen pu\u00f1ado de nuevos contactos bajo el brazo.<\/p>\n<p>&nbsp;<\/p>\n<p>M\u00e1s informaci\u00f3n (en ingl\u00e9s y franc\u00e9s):\u00a0<a href=\"http:\/\/www.salonduvegetal.com\">http:\/\/www.salonduvegetal.com<\/a><\/p>\n","protected":false},"excerpt":{"rendered":"<p>El Mercat de Flor i Planta Ornamental de Catalunya\u00a0participamos de nuevo en el Salon du V\u00e9g\u00e9tal, que este a\u00f1o se celebra del 20 al 22 de junio en la ciudad de Nantes. Lo haremos con un stand informativo ubicado en el pabell\u00f3n XXL, en la zona dedicada a la Producci\u00f3n, bajo el paraguas de FEPEX [&hellip;]<\/p>\n","protected":false},"author":2,"featured_media":8873,"comment_status":"closed","ping_status":"closed","sticky":false,"template":"","format":"standard","meta":{"footnotes":""},"categories":[125,4],"tags":[],"class_list":["post-8882","post","type-post","status-publish","format-standard","has-post-thumbnail","hentry","category-noticias","category-sin-categoria-es"],"aioseo_notices":[],"_links":{"self":[{"href":"https:\/\/www.mercatflor.cat\/es\/wp-json\/wp\/v2\/posts\/8882","targetHints":{"allow":["GET"]}}],"collection":[{"href":"https:\/\/www.mercatflor.cat\/es\/wp-json\/wp\/v2\/posts"}],"about":[{"href":"https:\/\/www.mercatflor.cat\/es\/wp-json\/wp\/v2\/types\/post"}],"author":[{"embeddable":true,"href":"https:\/\/www.mercatflor.cat\/es\/wp-json\/wp\/v2\/users\/2"}],"replies":[{"embeddable":true,"href":"https:\/\/www.mercatflor.cat\/es\/wp-json\/wp\/v2\/comments?post=8882"}],"version-history":[{"count":4,"href":"https:\/\/www.mercatflor.cat\/es\/wp-json\/wp\/v2\/posts\/8882\/revisions"}],"predecessor-version":[{"id":8899,"href":"https:\/\/www.mercatflor.cat\/es\/wp-json\/wp\/v2\/posts\/8882\/revisions\/8899"}],"wp:featuredmedia":[{"embeddable":true,"href":"https:\/\/www.mercatflor.cat\/es\/wp-json\/wp\/v2\/media\/8873"}],"wp:attachment":[{"href":"https:\/\/www.mercatflor.cat\/es\/wp-json\/wp\/v2\/media?parent=8882"}],"wp:term":[{"taxonomy":"category","embeddable":true,"href":"https:\/\/www.mercatflor.cat\/es\/wp-json\/wp\/v2\/categories?post=8882"},{"taxonomy":"post_tag","embeddable":true,"href":"https:\/\/www.mercatflor.cat\/es\/wp-json\/wp\/v2\/tags?post=8882"}],"curies":[{"name":"wp","href":"https:\/\/api.w.org\/{rel}","templated":true}]}}