{"id":8684,"date":"2017-03-20T09:54:40","date_gmt":"2017-03-20T09:54:40","guid":{"rendered":"https:\/\/www.mercatflor.cat\/sin-categoria-es\/2017\/03\/la-setmana-gran-ha-atret-nous-clients-al-mercat-2\/"},"modified":"2017-03-23T11:08:55","modified_gmt":"2017-03-23T11:08:55","slug":"la-setmana-gran-ha-atret-nous-clients-al-mercat","status":"publish","type":"post","link":"https:\/\/www.mercatflor.cat\/es\/sin-categoria-es\/2017\/03\/la-setmana-gran-ha-atret-nous-clients-al-mercat\/","title":{"rendered":"La Semana Grande atrae nuevos clientes al Mercat"},"content":{"rendered":"<p>La celebraci\u00f3n de la Semana Grande, los pasados \u200b\u200b13, 15 y 17 de marzo, fue un a\u00f1o m\u00e1s el pistoletazo de salida de la campa\u00f1a de primavera en el Mercat de Flor i Planta. A lo largo de estos tres d\u00edas, clientes y compradores pudieron ver y adquirir ya una amplia muestra de los productos de temporada que encontrar\u00e1n las pr\u00f3ximas semanas en la Venta Directa, desde dimorfotecas, euryops y margaritas, hasta petunias, surfinias, dipladenias &#8230; adem\u00e1s claro de las gamas de arom\u00e1ticas, planta de interior, vivaces &#8230;<\/p>\n<p>&nbsp;<\/p>\n<p>Este a\u00f1o, adem\u00e1s, el Mercat hemos organizado una exposici\u00f3n showroom con una selecci\u00f3n de flores y plantas de primavera que se pod\u00eda adquirir con un 15% de descuento, en una carpa anexa a la puerta F, donde se recib\u00eda a los clientes y socios con un caf\u00e9 y unas pastas, para hacer m\u00e1s amena la acci\u00f3n comercial.<\/p>\n<p>Adem\u00e1s, los y las floristas pudieron tomar parte en las tres Masterclass que imparti\u00f3 Eduard Maynegra, centradas en Sant Jordi, el D\u00eda de la Madre y los ramos de novia. El florista, campe\u00f3n de Espa\u00f1a y 6\u00ba en el pasado campeonato de Europa, dio algunas ideas originales para presentar los trabajos en flor y planta de estas fiestas tan importantes para los floristas.<\/p>\n<p><a href=\"https:\/\/www.mercatflor.cat\/wp-content\/uploads\/2017\/03\/DSC_0123.jpg\"><img loading=\"lazy\" decoding=\"async\" class=\"alignnone size-full wp-image-8672\" src=\"https:\/\/www.mercatflor.cat\/wp-content\/uploads\/2017\/03\/DSC_0123.jpg\" alt=\"\" width=\"906\" height=\"600\" srcset=\"https:\/\/www.mercatflor.cat\/wp-content\/uploads\/2017\/03\/DSC_0123.jpg 906w, https:\/\/www.mercatflor.cat\/wp-content\/uploads\/2017\/03\/DSC_0123-214x142.jpg 214w, https:\/\/www.mercatflor.cat\/wp-content\/uploads\/2017\/03\/DSC_0123-300x199.jpg 300w, https:\/\/www.mercatflor.cat\/wp-content\/uploads\/2017\/03\/DSC_0123-768x509.jpg 768w\" sizes=\"auto, (max-width: 906px) 100vw, 906px\" \/><\/a><\/p>\n<p>Los jardineros tuvieron ocasi\u00f3n de saber un poco m\u00e1s sobre el tema de las Cubiertas Vegetales de la mano del jardinero y paisajista Artur Pereira, quien por medio del Gremio de Jardiner\u00eda nos hizo una conferencia sobre la cuesti\u00f3n.<\/p>\n<p>La Semana Grande se cerr\u00f3 habiendo recibido la visita de nuevos profesionales, muchos de ellos del Sur de Francia, donde se est\u00e1 haciendo acciones comerciales espec\u00edficas para dar a conocer el Mercat como garant\u00eda de producto de calidad y proximidad, dado que mucho del g\u00e9nero que aqu\u00ed se comercializa es directamente del productor.<\/p>\n<p><a href=\"https:\/\/www.mercatflor.cat\/wp-content\/uploads\/2017\/03\/DSC_0250.jpg\"><img loading=\"lazy\" decoding=\"async\" class=\"alignnone wp-image-8679 size-medium\" src=\"https:\/\/www.mercatflor.cat\/wp-content\/uploads\/2017\/03\/DSC_0250-300x199.jpg\" alt=\"\" width=\"300\" height=\"199\" srcset=\"https:\/\/www.mercatflor.cat\/wp-content\/uploads\/2017\/03\/DSC_0250-300x199.jpg 300w, https:\/\/www.mercatflor.cat\/wp-content\/uploads\/2017\/03\/DSC_0250-214x142.jpg 214w, https:\/\/www.mercatflor.cat\/wp-content\/uploads\/2017\/03\/DSC_0250-768x509.jpg 768w, https:\/\/www.mercatflor.cat\/wp-content\/uploads\/2017\/03\/DSC_0250.jpg 906w\" sizes=\"auto, (max-width: 300px) 100vw, 300px\" \/><\/a> <a href=\"https:\/\/www.mercatflor.cat\/wp-content\/uploads\/2017\/03\/DSC_0240.jpg\"><img loading=\"lazy\" decoding=\"async\" class=\"alignnone wp-image-8678 size-medium\" src=\"https:\/\/www.mercatflor.cat\/wp-content\/uploads\/2017\/03\/DSC_0240-300x199.jpg\" alt=\"\" width=\"300\" height=\"199\" srcset=\"https:\/\/www.mercatflor.cat\/wp-content\/uploads\/2017\/03\/DSC_0240-300x199.jpg 300w, https:\/\/www.mercatflor.cat\/wp-content\/uploads\/2017\/03\/DSC_0240-214x142.jpg 214w, https:\/\/www.mercatflor.cat\/wp-content\/uploads\/2017\/03\/DSC_0240-768x509.jpg 768w, https:\/\/www.mercatflor.cat\/wp-content\/uploads\/2017\/03\/DSC_0240.jpg 906w\" sizes=\"auto, (max-width: 300px) 100vw, 300px\" \/><\/a> <a href=\"https:\/\/www.mercatflor.cat\/wp-content\/uploads\/2017\/03\/DSC_0165.jpg\"><img loading=\"lazy\" decoding=\"async\" class=\"alignnone wp-image-8677 size-medium\" src=\"https:\/\/www.mercatflor.cat\/wp-content\/uploads\/2017\/03\/DSC_0165-300x199.jpg\" alt=\"\" width=\"300\" height=\"199\" srcset=\"https:\/\/www.mercatflor.cat\/wp-content\/uploads\/2017\/03\/DSC_0165-300x199.jpg 300w, https:\/\/www.mercatflor.cat\/wp-content\/uploads\/2017\/03\/DSC_0165-214x142.jpg 214w, https:\/\/www.mercatflor.cat\/wp-content\/uploads\/2017\/03\/DSC_0165-768x509.jpg 768w, https:\/\/www.mercatflor.cat\/wp-content\/uploads\/2017\/03\/DSC_0165.jpg 906w\" sizes=\"auto, (max-width: 300px) 100vw, 300px\" \/><\/a> <a href=\"https:\/\/www.mercatflor.cat\/wp-content\/uploads\/2017\/03\/DSC_0150.jpg\"><img loading=\"lazy\" decoding=\"async\" class=\"alignnone wp-image-8676 size-medium\" src=\"https:\/\/www.mercatflor.cat\/wp-content\/uploads\/2017\/03\/DSC_0150-199x300.jpg\" alt=\"\" width=\"199\" height=\"300\" srcset=\"https:\/\/www.mercatflor.cat\/wp-content\/uploads\/2017\/03\/DSC_0150-199x300.jpg 199w, https:\/\/www.mercatflor.cat\/wp-content\/uploads\/2017\/03\/DSC_0150-106x160.jpg 106w, https:\/\/www.mercatflor.cat\/wp-content\/uploads\/2017\/03\/DSC_0150.jpg 600w\" sizes=\"auto, (max-width: 199px) 100vw, 199px\" \/><\/a> <a href=\"https:\/\/www.mercatflor.cat\/wp-content\/uploads\/2017\/03\/DSC_0135.jpg\"><img loading=\"lazy\" decoding=\"async\" class=\"alignnone wp-image-8675 size-medium\" src=\"https:\/\/www.mercatflor.cat\/wp-content\/uploads\/2017\/03\/DSC_0135-300x199.jpg\" alt=\"\" width=\"300\" height=\"199\" srcset=\"https:\/\/www.mercatflor.cat\/wp-content\/uploads\/2017\/03\/DSC_0135-300x199.jpg 300w, https:\/\/www.mercatflor.cat\/wp-content\/uploads\/2017\/03\/DSC_0135-214x142.jpg 214w, https:\/\/www.mercatflor.cat\/wp-content\/uploads\/2017\/03\/DSC_0135-768x509.jpg 768w, https:\/\/www.mercatflor.cat\/wp-content\/uploads\/2017\/03\/DSC_0135.jpg 906w\" sizes=\"auto, (max-width: 300px) 100vw, 300px\" \/><\/a> <a href=\"https:\/\/www.mercatflor.cat\/wp-content\/uploads\/2017\/03\/DSC_0131.jpg\"><img loading=\"lazy\" decoding=\"async\" class=\"alignnone wp-image-8674 size-medium\" src=\"https:\/\/www.mercatflor.cat\/wp-content\/uploads\/2017\/03\/DSC_0131-300x199.jpg\" alt=\"\" width=\"300\" height=\"199\" srcset=\"https:\/\/www.mercatflor.cat\/wp-content\/uploads\/2017\/03\/DSC_0131-300x199.jpg 300w, https:\/\/www.mercatflor.cat\/wp-content\/uploads\/2017\/03\/DSC_0131-214x142.jpg 214w, https:\/\/www.mercatflor.cat\/wp-content\/uploads\/2017\/03\/DSC_0131-768x509.jpg 768w, https:\/\/www.mercatflor.cat\/wp-content\/uploads\/2017\/03\/DSC_0131.jpg 906w\" sizes=\"auto, (max-width: 300px) 100vw, 300px\" \/><\/a> <a href=\"https:\/\/www.mercatflor.cat\/wp-content\/uploads\/2017\/03\/DSC_0126.jpg\"><img loading=\"lazy\" decoding=\"async\" class=\"alignnone size-full wp-image-8673\" src=\"https:\/\/www.mercatflor.cat\/wp-content\/uploads\/2017\/03\/DSC_0126.jpg\" alt=\"\" width=\"906\" height=\"600\" srcset=\"https:\/\/www.mercatflor.cat\/wp-content\/uploads\/2017\/03\/DSC_0126.jpg 906w, https:\/\/www.mercatflor.cat\/wp-content\/uploads\/2017\/03\/DSC_0126-214x142.jpg 214w, https:\/\/www.mercatflor.cat\/wp-content\/uploads\/2017\/03\/DSC_0126-300x199.jpg 300w, https:\/\/www.mercatflor.cat\/wp-content\/uploads\/2017\/03\/DSC_0126-768x509.jpg 768w\" sizes=\"auto, (max-width: 906px) 100vw, 906px\" \/><\/a><\/p>\n<p>&nbsp;<\/p>\n","protected":false},"excerpt":{"rendered":"<p>La celebraci\u00f3n de la Semana Grande, los pasados \u200b\u200b13, 15 y 17 de marzo, fue un a\u00f1o m\u00e1s el pistoletazo de salida de la campa\u00f1a de primavera en el Mercat de Flor i Planta. A lo largo de estos tres d\u00edas, clientes y compradores pudieron ver y adquirir ya una amplia muestra de los productos [&hellip;]<\/p>\n","protected":false},"author":2,"featured_media":8668,"comment_status":"closed","ping_status":"closed","sticky":false,"template":"","format":"standard","meta":{"footnotes":""},"categories":[125,4],"tags":[],"class_list":["post-8684","post","type-post","status-publish","format-standard","has-post-thumbnail","hentry","category-noticias","category-sin-categoria-es"],"aioseo_notices":[],"_links":{"self":[{"href":"https:\/\/www.mercatflor.cat\/es\/wp-json\/wp\/v2\/posts\/8684","targetHints":{"allow":["GET"]}}],"collection":[{"href":"https:\/\/www.mercatflor.cat\/es\/wp-json\/wp\/v2\/posts"}],"about":[{"href":"https:\/\/www.mercatflor.cat\/es\/wp-json\/wp\/v2\/types\/post"}],"author":[{"embeddable":true,"href":"https:\/\/www.mercatflor.cat\/es\/wp-json\/wp\/v2\/users\/2"}],"replies":[{"embeddable":true,"href":"https:\/\/www.mercatflor.cat\/es\/wp-json\/wp\/v2\/comments?post=8684"}],"version-history":[{"count":2,"href":"https:\/\/www.mercatflor.cat\/es\/wp-json\/wp\/v2\/posts\/8684\/revisions"}],"predecessor-version":[{"id":8686,"href":"https:\/\/www.mercatflor.cat\/es\/wp-json\/wp\/v2\/posts\/8684\/revisions\/8686"}],"wp:featuredmedia":[{"embeddable":true,"href":"https:\/\/www.mercatflor.cat\/es\/wp-json\/wp\/v2\/media\/8668"}],"wp:attachment":[{"href":"https:\/\/www.mercatflor.cat\/es\/wp-json\/wp\/v2\/media?parent=8684"}],"wp:term":[{"taxonomy":"category","embeddable":true,"href":"https:\/\/www.mercatflor.cat\/es\/wp-json\/wp\/v2\/categories?post=8684"},{"taxonomy":"post_tag","embeddable":true,"href":"https:\/\/www.mercatflor.cat\/es\/wp-json\/wp\/v2\/tags?post=8684"}],"curies":[{"name":"wp","href":"https:\/\/api.w.org\/{rel}","templated":true}]}}