{"id":8655,"date":"2017-03-17T16:58:36","date_gmt":"2017-03-17T16:58:36","guid":{"rendered":"https:\/\/www.mercatflor.cat\/sin-categoria-es\/2017\/03\/sito-vilarrubla-assumeix-la-presidencia-del-mercat-de-flor-i-planta-ornamental-de-catalunya-2\/"},"modified":"2017-04-18T12:43:17","modified_gmt":"2017-04-18T12:43:17","slug":"sito-vilarrubla-assumeix-la-presidencia-del-mercat-de-flor-i-planta-ornamental-de-catalunya","status":"publish","type":"post","link":"https:\/\/www.mercatflor.cat\/es\/sin-categoria-es\/2017\/03\/sito-vilarrubla-assumeix-la-presidencia-del-mercat-de-flor-i-planta-ornamental-de-catalunya\/","title":{"rendered":"Sito Vilarrubla asume la presidencia\u00a0del Mercat de Flor i Planta Ornamental de Catalunya"},"content":{"rendered":"<p><strong><em>La Junta Rectora del mercado de Vilassar de Mar se ha reestructurado para hacer frente a los retos comerciales que se est\u00e1n asumiendo.<\/em><\/strong><\/p>\n<p>Desde el pasado 6 de marzo,\u00a0Sito Vilarrubla i Rius, de la empresa Mil Flors, es el nuevo presidente del\u00a0Mercat de Flor i Planta Ornamental de Catalunya, en sustituci\u00f3n de Josep Past\u00f3. Vilarrubla assume temporalmente\u00a0la presidencia de la Sociedad porqu\u00e9 Past\u00f3 ha cogido un periodo de excedencia con el objetivo de poner en marcha un conjunto de acciones comerciales que requieren de su dedicaci\u00f3n exclusiva.<\/p>\n<p>Sito Vilarrubla es gerente de la empresa Mil Flors, mayorista de flor cortada desde hace cerca de 35 a\u00f1os y socio del Mercat desde 1999. Ha formado parte de la Junta Rectora desde el a\u00f1o 2006, ejerciendo distintas funciones.<\/p>\n<p>El resto de cargos de la Junta quedan ahora del siguiente modo:<\/p>\n<p>Presidente: SITO VILARRUBLA RIUS (Mil Flors)<\/p>\n<p>Vicepresidenta: MONTSE GEL BRUGAT (Plantes Gel)<\/p>\n<p>Tesorero: LLU\u00cdS BARTR\u00c9S GARC\u00cdA<\/p>\n<p>Vicetesorero: TONI ANDR\u00c9S CASANOVAS (Plantes Burriac)<\/p>\n<p>Secretario: MIGUEL VALENCIA JIM\u00c9NEZ (Horticultura Vaypa)<\/p>\n<p>Vicesecretario: FINA RIBAS PAR\u00cdS (Vivers Tei\u00e0)<\/p>\n<p>Vocal: ANDREU CUQUET ALBIOL (Janma Flors)<\/p>\n<p>Vocal: LLU\u00cdS RODR\u00cdGUEZ GRAU (Els 4 rellotges)<\/p>\n<p>&nbsp;<\/p>\n<p>As\u00ed mismo, como presidente del Mercat de Flor, Sito Vilarrubla asumir\u00e1 tambi\u00e9n la presidencia de la Confederaci\u00f3n de Horticultura Ornamental de Catalunya (CHOC), impulsora del movimiento Viles Florides.<\/p>\n","protected":false},"excerpt":{"rendered":"<p>La Junta Rectora del mercado de Vilassar de Mar se ha reestructurado para hacer frente a los retos comerciales que se est\u00e1n asumiendo. Desde el pasado 6 de marzo,\u00a0Sito Vilarrubla i Rius, de la empresa Mil Flors, es el nuevo presidente del\u00a0Mercat de Flor i Planta Ornamental de Catalunya, en sustituci\u00f3n de Josep Past\u00f3. Vilarrubla [&hellip;]<\/p>\n","protected":false},"author":2,"featured_media":8653,"comment_status":"closed","ping_status":"closed","sticky":false,"template":"","format":"standard","meta":{"footnotes":""},"categories":[125,4],"tags":[],"class_list":["post-8655","post","type-post","status-publish","format-standard","has-post-thumbnail","hentry","category-noticias","category-sin-categoria-es"],"aioseo_notices":[],"_links":{"self":[{"href":"https:\/\/www.mercatflor.cat\/es\/wp-json\/wp\/v2\/posts\/8655","targetHints":{"allow":["GET"]}}],"collection":[{"href":"https:\/\/www.mercatflor.cat\/es\/wp-json\/wp\/v2\/posts"}],"about":[{"href":"https:\/\/www.mercatflor.cat\/es\/wp-json\/wp\/v2\/types\/post"}],"author":[{"embeddable":true,"href":"https:\/\/www.mercatflor.cat\/es\/wp-json\/wp\/v2\/users\/2"}],"replies":[{"embeddable":true,"href":"https:\/\/www.mercatflor.cat\/es\/wp-json\/wp\/v2\/comments?post=8655"}],"version-history":[{"count":4,"href":"https:\/\/www.mercatflor.cat\/es\/wp-json\/wp\/v2\/posts\/8655\/revisions"}],"predecessor-version":[{"id":8793,"href":"https:\/\/www.mercatflor.cat\/es\/wp-json\/wp\/v2\/posts\/8655\/revisions\/8793"}],"wp:featuredmedia":[{"embeddable":true,"href":"https:\/\/www.mercatflor.cat\/es\/wp-json\/wp\/v2\/media\/8653"}],"wp:attachment":[{"href":"https:\/\/www.mercatflor.cat\/es\/wp-json\/wp\/v2\/media?parent=8655"}],"wp:term":[{"taxonomy":"category","embeddable":true,"href":"https:\/\/www.mercatflor.cat\/es\/wp-json\/wp\/v2\/categories?post=8655"},{"taxonomy":"post_tag","embeddable":true,"href":"https:\/\/www.mercatflor.cat\/es\/wp-json\/wp\/v2\/tags?post=8655"}],"curies":[{"name":"wp","href":"https:\/\/api.w.org\/{rel}","templated":true}]}}