{"id":8430,"date":"2017-01-03T14:33:28","date_gmt":"2017-01-03T14:33:28","guid":{"rendered":"http:\/\/www.mercatflor.cat\/sin-categoria\/2017\/01\/es-temps-de-fruiters-2\/"},"modified":"2017-01-03T14:39:19","modified_gmt":"2017-01-03T14:39:19","slug":"es-temps-de-fruiters","status":"publish","type":"post","link":"https:\/\/www.mercatflor.cat\/es\/sin-categoria-es\/2017\/01\/es-temps-de-fruiters\/","title":{"rendered":"Es tiempo de frutales"},"content":{"rendered":"<p>El invierno es la estaci\u00f3n id\u00f3nea para plantar los \u00e1rboles frutales, especialmente los de hoja caduca. Perales, manzanos, melocotoneros, albaricoqueros, nectarinos, cerezos, higueras, ciruelos, caquis, membrillos, granados, almendros, avellanos &#8230; son los m\u00e1s habituales y en el Mercat te ofrecemos una gran variedad para plantar ya sea en el suelo en el jard\u00edn o en un buen contenedor en la azotea o balc\u00f3n.<\/p>\n<p>Adem\u00e1s, tambi\u00e9n contamos con todo tipo de c\u00edtricos, desde naranjos y limoneros, hasta limos, kumquats, limequats, manos de Buda&#8230;<\/p>\n<p>Si eres cliente registrado, ven a comprobarlo en la Venta Directa, cada lunes, mi\u00e9rcoles y viernes de 9 a 13 h y de 15 a 17h o bien llama a nuestros Servicios Comerciales, al Tel. +34 93 750 00 00.<\/p>\n","protected":false},"excerpt":{"rendered":"<p>El invierno es la estaci\u00f3n id\u00f3nea para plantar los \u00e1rboles frutales, especialmente los de hoja caduca. Perales, manzanos, melocotoneros, albaricoqueros, nectarinos, cerezos, higueras, ciruelos, caquis, membrillos, granados, almendros, avellanos &#8230; son los m\u00e1s habituales y en el Mercat te ofrecemos una gran variedad para plantar ya sea en el suelo en el jard\u00edn o en [&hellip;]<\/p>\n","protected":false},"author":2,"featured_media":8427,"comment_status":"closed","ping_status":"closed","sticky":false,"template":"","format":"standard","meta":{"footnotes":""},"categories":[125,4],"tags":[],"class_list":["post-8430","post","type-post","status-publish","format-standard","has-post-thumbnail","hentry","category-noticias","category-sin-categoria-es"],"aioseo_notices":[],"_links":{"self":[{"href":"https:\/\/www.mercatflor.cat\/es\/wp-json\/wp\/v2\/posts\/8430","targetHints":{"allow":["GET"]}}],"collection":[{"href":"https:\/\/www.mercatflor.cat\/es\/wp-json\/wp\/v2\/posts"}],"about":[{"href":"https:\/\/www.mercatflor.cat\/es\/wp-json\/wp\/v2\/types\/post"}],"author":[{"embeddable":true,"href":"https:\/\/www.mercatflor.cat\/es\/wp-json\/wp\/v2\/users\/2"}],"replies":[{"embeddable":true,"href":"https:\/\/www.mercatflor.cat\/es\/wp-json\/wp\/v2\/comments?post=8430"}],"version-history":[{"count":2,"href":"https:\/\/www.mercatflor.cat\/es\/wp-json\/wp\/v2\/posts\/8430\/revisions"}],"predecessor-version":[{"id":8432,"href":"https:\/\/www.mercatflor.cat\/es\/wp-json\/wp\/v2\/posts\/8430\/revisions\/8432"}],"wp:featuredmedia":[{"embeddable":true,"href":"https:\/\/www.mercatflor.cat\/es\/wp-json\/wp\/v2\/media\/8427"}],"wp:attachment":[{"href":"https:\/\/www.mercatflor.cat\/es\/wp-json\/wp\/v2\/media?parent=8430"}],"wp:term":[{"taxonomy":"category","embeddable":true,"href":"https:\/\/www.mercatflor.cat\/es\/wp-json\/wp\/v2\/categories?post=8430"},{"taxonomy":"post_tag","embeddable":true,"href":"https:\/\/www.mercatflor.cat\/es\/wp-json\/wp\/v2\/tags?post=8430"}],"curies":[{"name":"wp","href":"https:\/\/api.w.org\/{rel}","templated":true}]}}