{"id":8335,"date":"2016-12-23T16:26:16","date_gmt":"2016-12-23T16:26:16","guid":{"rendered":"http:\/\/www.mercatflor.cat\/sin-categoria-es\/2016\/12\/el-26-de-desembre-sant-esteve-tancat-2\/"},"modified":"2016-12-23T16:40:56","modified_gmt":"2016-12-23T16:40:56","slug":"el-26-de-desembre-sant-esteve-tancat","status":"publish","type":"post","link":"https:\/\/www.mercatflor.cat\/es\/sin-categoria-es\/2016\/12\/el-26-de-desembre-sant-esteve-tancat\/","title":{"rendered":"El 26 de diciembre, San Esteban, cerramos!"},"content":{"rendered":"<p>Recuerda que el pr\u00f3ximo lunes 26 de diciembre, d\u00eda de San Esteban, es festivo en Catalunya y, por tanto, el Mercat de Flor i Planta Ornamental de Catalunya permanecer\u00e1 cerrado.<\/p>\n<p>Podr\u00e1s acceder a la Venta Directa el mi\u00e9rcoles 28 y el viernes 30 de diciembre en el horario habitual.<\/p>\n<p>FELIZ NAVIDAD!<\/p>\n","protected":false},"excerpt":{"rendered":"<p>Recuerda que el pr\u00f3ximo lunes 26 de diciembre, d\u00eda de San Esteban, es festivo en Catalunya y, por tanto, el Mercat de Flor i Planta Ornamental de Catalunya permanecer\u00e1 cerrado. Podr\u00e1s acceder a la Venta Directa el mi\u00e9rcoles 28 y el viernes 30 de diciembre en el horario habitual. FELIZ NAVIDAD!<\/p>\n","protected":false},"author":2,"featured_media":8337,"comment_status":"closed","ping_status":"closed","sticky":false,"template":"","format":"standard","meta":{"footnotes":""},"categories":[125,4],"tags":[],"class_list":["post-8335","post","type-post","status-publish","format-standard","has-post-thumbnail","hentry","category-noticias","category-sin-categoria-es"],"aioseo_notices":[],"_links":{"self":[{"href":"https:\/\/www.mercatflor.cat\/es\/wp-json\/wp\/v2\/posts\/8335","targetHints":{"allow":["GET"]}}],"collection":[{"href":"https:\/\/www.mercatflor.cat\/es\/wp-json\/wp\/v2\/posts"}],"about":[{"href":"https:\/\/www.mercatflor.cat\/es\/wp-json\/wp\/v2\/types\/post"}],"author":[{"embeddable":true,"href":"https:\/\/www.mercatflor.cat\/es\/wp-json\/wp\/v2\/users\/2"}],"replies":[{"embeddable":true,"href":"https:\/\/www.mercatflor.cat\/es\/wp-json\/wp\/v2\/comments?post=8335"}],"version-history":[{"count":2,"href":"https:\/\/www.mercatflor.cat\/es\/wp-json\/wp\/v2\/posts\/8335\/revisions"}],"predecessor-version":[{"id":8338,"href":"https:\/\/www.mercatflor.cat\/es\/wp-json\/wp\/v2\/posts\/8335\/revisions\/8338"}],"wp:featuredmedia":[{"embeddable":true,"href":"https:\/\/www.mercatflor.cat\/es\/wp-json\/wp\/v2\/media\/8337"}],"wp:attachment":[{"href":"https:\/\/www.mercatflor.cat\/es\/wp-json\/wp\/v2\/media?parent=8335"}],"wp:term":[{"taxonomy":"category","embeddable":true,"href":"https:\/\/www.mercatflor.cat\/es\/wp-json\/wp\/v2\/categories?post=8335"},{"taxonomy":"post_tag","embeddable":true,"href":"https:\/\/www.mercatflor.cat\/es\/wp-json\/wp\/v2\/tags?post=8335"}],"curies":[{"name":"wp","href":"https:\/\/api.w.org\/{rel}","templated":true}]}}