{"id":8323,"date":"2016-09-16T10:34:55","date_gmt":"2016-09-16T10:34:55","guid":{"rendered":"http:\/\/www.mercatflor.cat\/sin-categoria-es\/2016\/09\/aquiflor-ens-donem-a-coneixer-a-toulouse-2\/"},"modified":"2016-12-21T13:21:50","modified_gmt":"2016-12-21T13:21:50","slug":"aquiflor-ens-donem-a-coneixer-a-toulouse","status":"publish","type":"post","link":"https:\/\/www.mercatflor.cat\/es\/sin-categoria-es\/2016\/09\/aquiflor-ens-donem-a-coneixer-a-toulouse\/","title":{"rendered":"Aquiflor: nos damos a conocer en Toulouse"},"content":{"rendered":"<p>El Mercat de Flor i Planta Ornamental de Catalunya participamos a la feria\u00a0<strong>AQUIFLOR Salon d&#8217;Automne<\/strong>,\u00a0que se celebr\u00f3 el pasado jueves 15 de septiembre en el March\u00e9 de Interet National -MIN- de Toulouse, en Francia.<\/p>\n<p>Tuvimos oportunidad de encontrarnos con algunos clientes de la venta directa y los servicios comerciales y al mismo tiempo explicar nuestra amplia oferta de productos a futuros compradores, que mostraron mucho inter\u00e9s en la flor y la planta cultivada en Catalu\u00f1a por su extraordinaria relaci\u00f3n calidad-precio.<\/p>\n<p>El Mercat nos presentamos en Toulouse con una nueva marca comercial dise\u00f1ada para dar a conocer y vender nuestros productos en el territorio franc\u00e9s: FLEURS ET PLANTAS DU SUD. Con ella queremos atraer a un nuevo conjunto de clientes franceses que sepan tener en cuenta el valor a\u00f1adido de la planta mediterr\u00e1nea durante todo el a\u00f1o.<\/p>\n<p>Ya ver\u00e9is como se oir\u00e1 hablar de ello!<\/p>\n<p><a href=\"http:\/\/www.mercatflor.cat\/wp-content\/uploads\/2016\/09\/DSC_0025.jpg\"><img loading=\"lazy\" decoding=\"async\" class=\"alignleft wp-image-8122 size-large\" src=\"http:\/\/www.mercatflor.cat\/wp-content\/uploads\/2016\/09\/DSC_0025-1024x678.jpg\" alt=\"DSC_0025\" width=\"604\" height=\"400\" srcset=\"https:\/\/www.mercatflor.cat\/wp-content\/uploads\/2016\/09\/DSC_0025-1024x678.jpg 1024w, https:\/\/www.mercatflor.cat\/wp-content\/uploads\/2016\/09\/DSC_0025-214x142.jpg 214w, https:\/\/www.mercatflor.cat\/wp-content\/uploads\/2016\/09\/DSC_0025-300x199.jpg 300w, https:\/\/www.mercatflor.cat\/wp-content\/uploads\/2016\/09\/DSC_0025-768x509.jpg 768w\" sizes=\"auto, (max-width: 604px) 100vw, 604px\" \/><\/a><\/p>\n","protected":false},"excerpt":{"rendered":"<p>El Mercat de Flor i Planta Ornamental de Catalunya participamos a la feria\u00a0AQUIFLOR Salon d&#8217;Automne,\u00a0que se celebr\u00f3 el pasado jueves 15 de septiembre en el March\u00e9 de Interet National -MIN- de Toulouse, en Francia. Tuvimos oportunidad de encontrarnos con algunos clientes de la venta directa y los servicios comerciales y al mismo tiempo explicar nuestra [&hellip;]<\/p>\n","protected":false},"author":2,"featured_media":8106,"comment_status":"closed","ping_status":"closed","sticky":false,"template":"","format":"standard","meta":{"footnotes":""},"categories":[125,4],"tags":[336,362,337,363,184,194,189,196,338,364],"class_list":["post-8323","post","type-post","status-publish","format-standard","has-post-thumbnail","hentry","category-noticias","category-sin-categoria-es","tag-aquiflor","tag-aquiflor-es","tag-fleurs","tag-fleurs-es","tag-mercat","tag-mercat-es","tag-plantes","tag-plantes-es","tag-sud","tag-sud-es"],"aioseo_notices":[],"_links":{"self":[{"href":"https:\/\/www.mercatflor.cat\/es\/wp-json\/wp\/v2\/posts\/8323","targetHints":{"allow":["GET"]}}],"collection":[{"href":"https:\/\/www.mercatflor.cat\/es\/wp-json\/wp\/v2\/posts"}],"about":[{"href":"https:\/\/www.mercatflor.cat\/es\/wp-json\/wp\/v2\/types\/post"}],"author":[{"embeddable":true,"href":"https:\/\/www.mercatflor.cat\/es\/wp-json\/wp\/v2\/users\/2"}],"replies":[{"embeddable":true,"href":"https:\/\/www.mercatflor.cat\/es\/wp-json\/wp\/v2\/comments?post=8323"}],"version-history":[{"count":2,"href":"https:\/\/www.mercatflor.cat\/es\/wp-json\/wp\/v2\/posts\/8323\/revisions"}],"predecessor-version":[{"id":8325,"href":"https:\/\/www.mercatflor.cat\/es\/wp-json\/wp\/v2\/posts\/8323\/revisions\/8325"}],"wp:featuredmedia":[{"embeddable":true,"href":"https:\/\/www.mercatflor.cat\/es\/wp-json\/wp\/v2\/media\/8106"}],"wp:attachment":[{"href":"https:\/\/www.mercatflor.cat\/es\/wp-json\/wp\/v2\/media?parent=8323"}],"wp:term":[{"taxonomy":"category","embeddable":true,"href":"https:\/\/www.mercatflor.cat\/es\/wp-json\/wp\/v2\/categories?post=8323"},{"taxonomy":"post_tag","embeddable":true,"href":"https:\/\/www.mercatflor.cat\/es\/wp-json\/wp\/v2\/tags?post=8323"}],"curies":[{"name":"wp","href":"https:\/\/api.w.org\/{rel}","templated":true}]}}