{"id":8317,"date":"2016-09-20T11:48:53","date_gmt":"2016-09-20T11:48:53","guid":{"rendered":"http:\/\/www.mercatflor.cat\/sin-categoria-es\/2016\/09\/participem-de-nou-a-expohogar-2\/"},"modified":"2016-12-21T11:55:18","modified_gmt":"2016-12-21T11:55:18","slug":"participem-de-nou-a-expohogar","status":"publish","type":"post","link":"https:\/\/www.mercatflor.cat\/es\/sin-categoria-es\/2016\/09\/participem-de-nou-a-expohogar\/","title":{"rendered":"Participamos de nuevo a Expohogar"},"content":{"rendered":"<p>El Mercat\u00a0hemos tenido nuevamente presencia en la feria Expohogar de Barcelona, que este a\u00f1o se ha celebrado del 17 al 20 de septiembre en el Recinto de Montju\u00efc de Fira Barcelona.<\/p>\n<p>Con el objetivo de reforzar el consumo de flores y plantas entre el p\u00fablico profesional dedicado al sector del regalo y la decoraci\u00f3n, hemos contado con un stand informativo y hemos colaborado en las exhibiciones y talleres de arte floral que se han hecho al espacio Special Expert Event por parte de las escuelas de arte floral.<\/p>\n<p><a href=\"http:\/\/www.mercatflor.cat\/wp-content\/uploads\/2016\/09\/IMG-20160917-WA0004.jpg\"><img loading=\"lazy\" decoding=\"async\" class=\"aligncenter wp-image-8149 size-large\" src=\"http:\/\/www.mercatflor.cat\/wp-content\/uploads\/2016\/09\/IMG-20160917-WA0004-1024x765.jpg\" alt=\"IMG-20160917-WA0004\" width=\"604\" height=\"451\" srcset=\"https:\/\/www.mercatflor.cat\/wp-content\/uploads\/2016\/09\/IMG-20160917-WA0004-1024x765.jpg 1024w, https:\/\/www.mercatflor.cat\/wp-content\/uploads\/2016\/09\/IMG-20160917-WA0004-214x160.jpg 214w, https:\/\/www.mercatflor.cat\/wp-content\/uploads\/2016\/09\/IMG-20160917-WA0004-300x224.jpg 300w, https:\/\/www.mercatflor.cat\/wp-content\/uploads\/2016\/09\/IMG-20160917-WA0004-768x574.jpg 768w, https:\/\/www.mercatflor.cat\/wp-content\/uploads\/2016\/09\/IMG-20160917-WA0004.jpg 1600w\" sizes=\"auto, (max-width: 604px) 100vw, 604px\" \/><\/a><\/p>\n<p><a href=\"http:\/\/www.mercatflor.cat\/wp-content\/uploads\/2016\/09\/IMG-20160917-WA0002.jpg\"><img loading=\"lazy\" decoding=\"async\" class=\"aligncenter wp-image-8148 size-large\" src=\"http:\/\/www.mercatflor.cat\/wp-content\/uploads\/2016\/09\/IMG-20160917-WA0002-765x1024.jpg\" alt=\"IMG-20160917-WA0002\" width=\"604\" height=\"808\" srcset=\"https:\/\/www.mercatflor.cat\/wp-content\/uploads\/2016\/09\/IMG-20160917-WA0002-765x1024.jpg 765w, https:\/\/www.mercatflor.cat\/wp-content\/uploads\/2016\/09\/IMG-20160917-WA0002-120x160.jpg 120w, https:\/\/www.mercatflor.cat\/wp-content\/uploads\/2016\/09\/IMG-20160917-WA0002-224x300.jpg 224w, https:\/\/www.mercatflor.cat\/wp-content\/uploads\/2016\/09\/IMG-20160917-WA0002-768x1028.jpg 768w, https:\/\/www.mercatflor.cat\/wp-content\/uploads\/2016\/09\/IMG-20160917-WA0002.jpg 1195w\" sizes=\"auto, (max-width: 604px) 100vw, 604px\" \/><\/a><\/p>\n","protected":false},"excerpt":{"rendered":"<p>El Mercat\u00a0hemos tenido nuevamente presencia en la feria Expohogar de Barcelona, que este a\u00f1o se ha celebrado del 17 al 20 de septiembre en el Recinto de Montju\u00efc de Fira Barcelona. Con el objetivo de reforzar el consumo de flores y plantas entre el p\u00fablico profesional dedicado al sector del regalo y la decoraci\u00f3n, hemos [&hellip;]<\/p>\n","protected":false},"author":2,"featured_media":8105,"comment_status":"closed","ping_status":"closed","sticky":false,"template":"","format":"standard","meta":{"footnotes":""},"categories":[125,4],"tags":[343,358,342,359,188,192,184,194,189,196],"class_list":["post-8317","post","type-post","status-publish","format-standard","has-post-thumbnail","hentry","category-noticias","category-sin-categoria-es","tag-art-floral","tag-art-floral-es","tag-expohogar","tag-expohogar-es","tag-flors","tag-flors-es","tag-mercat","tag-mercat-es","tag-plantes","tag-plantes-es"],"aioseo_notices":[],"_links":{"self":[{"href":"https:\/\/www.mercatflor.cat\/es\/wp-json\/wp\/v2\/posts\/8317","targetHints":{"allow":["GET"]}}],"collection":[{"href":"https:\/\/www.mercatflor.cat\/es\/wp-json\/wp\/v2\/posts"}],"about":[{"href":"https:\/\/www.mercatflor.cat\/es\/wp-json\/wp\/v2\/types\/post"}],"author":[{"embeddable":true,"href":"https:\/\/www.mercatflor.cat\/es\/wp-json\/wp\/v2\/users\/2"}],"replies":[{"embeddable":true,"href":"https:\/\/www.mercatflor.cat\/es\/wp-json\/wp\/v2\/comments?post=8317"}],"version-history":[{"count":2,"href":"https:\/\/www.mercatflor.cat\/es\/wp-json\/wp\/v2\/posts\/8317\/revisions"}],"predecessor-version":[{"id":8319,"href":"https:\/\/www.mercatflor.cat\/es\/wp-json\/wp\/v2\/posts\/8317\/revisions\/8319"}],"wp:featuredmedia":[{"embeddable":true,"href":"https:\/\/www.mercatflor.cat\/es\/wp-json\/wp\/v2\/media\/8105"}],"wp:attachment":[{"href":"https:\/\/www.mercatflor.cat\/es\/wp-json\/wp\/v2\/media?parent=8317"}],"wp:term":[{"taxonomy":"category","embeddable":true,"href":"https:\/\/www.mercatflor.cat\/es\/wp-json\/wp\/v2\/categories?post=8317"},{"taxonomy":"post_tag","embeddable":true,"href":"https:\/\/www.mercatflor.cat\/es\/wp-json\/wp\/v2\/tags?post=8317"}],"curies":[{"name":"wp","href":"https:\/\/api.w.org\/{rel}","templated":true}]}}