{"id":8218,"date":"2016-11-28T12:21:54","date_gmt":"2016-11-28T12:21:54","guid":{"rendered":"http:\/\/www.mercatflor.cat\/sin-categoria-es\/2016\/11\/els-avets-de-nadal-al-nostre-mercat-2\/"},"modified":"2016-12-02T13:39:02","modified_gmt":"2016-12-02T13:39:02","slug":"els-avets-de-nadal-al-nostre-mercat","status":"publish","type":"post","link":"https:\/\/www.mercatflor.cat\/es\/noticias\/2016\/11\/els-avets-de-nadal-al-nostre-mercat\/","title":{"rendered":"Los abetos de Navidad, tambi\u00e9n en el Mercat"},"content":{"rendered":"<p>Del 28 de noviembre al 23 de diciembre el Mercat de Flor i Planta Ornamental de Catalunya ofrece\u00a0un a\u00f1o m\u00e1s el Mercado de Navidad, en el que nuestros clientes profesionales pueden comprar abetos y \u00e1rboles de Navidad de todo tipo, adem\u00e1s de diferentes clases de verde ornamental, corcho, mu\u00e9rdago, acebo\u2026<\/p>\n<p>El Mercado de Navidad se ubica, como es habitual, en un recinto debidamente limitado en el \u00e1rea exterior de nuestras instalaciones\u00a0y abre lunes, mi\u00e9rcoles y viernes de 9 a 13 horas y de 14.30 a 17 horas. Para acceder es necesario estar debidamente registrado como cliente del Mercat.<\/p>\n<p>&nbsp;<\/p>\n<p><a href=\"http:\/\/www.mercatflor.cat\/wp-content\/uploads\/2016\/11\/DSC_0008.jpg\"><img loading=\"lazy\" decoding=\"async\" class=\"alignnone size-medium wp-image-8212\" src=\"http:\/\/www.mercatflor.cat\/wp-content\/uploads\/2016\/11\/DSC_0008-300x225.jpg\" alt=\"DSC_0008\" width=\"300\" height=\"225\" srcset=\"https:\/\/www.mercatflor.cat\/wp-content\/uploads\/2016\/11\/DSC_0008-300x225.jpg 300w, https:\/\/www.mercatflor.cat\/wp-content\/uploads\/2016\/11\/DSC_0008-214x160.jpg 214w, https:\/\/www.mercatflor.cat\/wp-content\/uploads\/2016\/11\/DSC_0008.jpg 349w\" sizes=\"auto, (max-width: 300px) 100vw, 300px\" \/><\/a>\u00a0<a href=\"http:\/\/www.mercatflor.cat\/wp-content\/uploads\/2016\/11\/DSC_0009.jpg\"><img loading=\"lazy\" decoding=\"async\" class=\"alignnone size-medium wp-image-8213\" src=\"http:\/\/www.mercatflor.cat\/wp-content\/uploads\/2016\/11\/DSC_0009-300x225.jpg\" alt=\"DSC_0009\" width=\"300\" height=\"225\" srcset=\"https:\/\/www.mercatflor.cat\/wp-content\/uploads\/2016\/11\/DSC_0009-300x225.jpg 300w, https:\/\/www.mercatflor.cat\/wp-content\/uploads\/2016\/11\/DSC_0009-214x160.jpg 214w, https:\/\/www.mercatflor.cat\/wp-content\/uploads\/2016\/11\/DSC_0009.jpg 349w\" sizes=\"auto, (max-width: 300px) 100vw, 300px\" \/><\/a><\/p>\n<p><a href=\"http:\/\/www.mercatflor.cat\/wp-content\/uploads\/2016\/11\/DSC_0013.jpg\"><img loading=\"lazy\" decoding=\"async\" class=\"alignnone size-medium wp-image-8215\" src=\"http:\/\/www.mercatflor.cat\/wp-content\/uploads\/2016\/11\/DSC_0013-300x225.jpg\" alt=\"DSC_0013\" width=\"300\" height=\"225\" srcset=\"https:\/\/www.mercatflor.cat\/wp-content\/uploads\/2016\/11\/DSC_0013-300x225.jpg 300w, https:\/\/www.mercatflor.cat\/wp-content\/uploads\/2016\/11\/DSC_0013-214x160.jpg 214w, https:\/\/www.mercatflor.cat\/wp-content\/uploads\/2016\/11\/DSC_0013.jpg 349w\" sizes=\"auto, (max-width: 300px) 100vw, 300px\" \/><\/a>\u00a0<a href=\"http:\/\/www.mercatflor.cat\/wp-content\/uploads\/2016\/11\/DSC_0016.jpg\"><img loading=\"lazy\" decoding=\"async\" class=\"alignnone size-medium wp-image-8216\" src=\"http:\/\/www.mercatflor.cat\/wp-content\/uploads\/2016\/11\/DSC_0016-300x225.jpg\" alt=\"DSC_0016\" width=\"300\" height=\"225\" srcset=\"https:\/\/www.mercatflor.cat\/wp-content\/uploads\/2016\/11\/DSC_0016-300x225.jpg 300w, https:\/\/www.mercatflor.cat\/wp-content\/uploads\/2016\/11\/DSC_0016-214x160.jpg 214w, https:\/\/www.mercatflor.cat\/wp-content\/uploads\/2016\/11\/DSC_0016.jpg 349w\" sizes=\"auto, (max-width: 300px) 100vw, 300px\" \/><\/a><\/p>\n<p><a href=\"http:\/\/www.mercatflor.cat\/wp-content\/uploads\/2016\/11\/DSC_0010.jpg\"><img loading=\"lazy\" decoding=\"async\" class=\"alignnone size-medium wp-image-8214\" src=\"http:\/\/www.mercatflor.cat\/wp-content\/uploads\/2016\/11\/DSC_0010-300x225.jpg\" alt=\"DSC_0010\" width=\"300\" height=\"225\" srcset=\"https:\/\/www.mercatflor.cat\/wp-content\/uploads\/2016\/11\/DSC_0010-300x225.jpg 300w, https:\/\/www.mercatflor.cat\/wp-content\/uploads\/2016\/11\/DSC_0010-214x160.jpg 214w, https:\/\/www.mercatflor.cat\/wp-content\/uploads\/2016\/11\/DSC_0010.jpg 349w\" sizes=\"auto, (max-width: 300px) 100vw, 300px\" \/><\/a><\/p>\n","protected":false},"excerpt":{"rendered":"<p>Del 28 de noviembre al 23 de diciembre el Mercat de Flor i Planta Ornamental de Catalunya ofrece\u00a0un a\u00f1o m\u00e1s el Mercado de Navidad, en el que nuestros clientes profesionales pueden comprar abetos y \u00e1rboles de Navidad de todo tipo, adem\u00e1s de diferentes clases de verde ornamental, corcho, mu\u00e9rdago, acebo\u2026 El Mercado de Navidad se [&hellip;]<\/p>\n","protected":false},"author":2,"featured_media":8209,"comment_status":"closed","ping_status":"closed","sticky":false,"template":"","format":"standard","meta":{"footnotes":""},"categories":[125],"tags":[],"class_list":["post-8218","post","type-post","status-publish","format-standard","has-post-thumbnail","hentry","category-noticias"],"aioseo_notices":[],"_links":{"self":[{"href":"https:\/\/www.mercatflor.cat\/es\/wp-json\/wp\/v2\/posts\/8218","targetHints":{"allow":["GET"]}}],"collection":[{"href":"https:\/\/www.mercatflor.cat\/es\/wp-json\/wp\/v2\/posts"}],"about":[{"href":"https:\/\/www.mercatflor.cat\/es\/wp-json\/wp\/v2\/types\/post"}],"author":[{"embeddable":true,"href":"https:\/\/www.mercatflor.cat\/es\/wp-json\/wp\/v2\/users\/2"}],"replies":[{"embeddable":true,"href":"https:\/\/www.mercatflor.cat\/es\/wp-json\/wp\/v2\/comments?post=8218"}],"version-history":[{"count":2,"href":"https:\/\/www.mercatflor.cat\/es\/wp-json\/wp\/v2\/posts\/8218\/revisions"}],"predecessor-version":[{"id":8220,"href":"https:\/\/www.mercatflor.cat\/es\/wp-json\/wp\/v2\/posts\/8218\/revisions\/8220"}],"wp:featuredmedia":[{"embeddable":true,"href":"https:\/\/www.mercatflor.cat\/es\/wp-json\/wp\/v2\/media\/8209"}],"wp:attachment":[{"href":"https:\/\/www.mercatflor.cat\/es\/wp-json\/wp\/v2\/media?parent=8218"}],"wp:term":[{"taxonomy":"category","embeddable":true,"href":"https:\/\/www.mercatflor.cat\/es\/wp-json\/wp\/v2\/categories?post=8218"},{"taxonomy":"post_tag","embeddable":true,"href":"https:\/\/www.mercatflor.cat\/es\/wp-json\/wp\/v2\/tags?post=8218"}],"curies":[{"name":"wp","href":"https:\/\/api.w.org\/{rel}","templated":true}]}}