{"id":7747,"date":"2016-05-11T08:17:26","date_gmt":"2016-05-11T08:17:26","guid":{"rendered":"http:\/\/www.mercatflor.cat\/sin-categoria-es\/2016\/05\/el-16-de-maig-mercat-extraordinari-de-9-a-13h-2\/"},"modified":"2016-05-13T08:46:11","modified_gmt":"2016-05-13T08:46:11","slug":"el-16-de-mayo-mercadoextraordinario-de-9-a-13h","status":"publish","type":"post","link":"https:\/\/www.mercatflor.cat\/es\/noticias\/2016\/05\/el-16-de-mayo-mercadoextraordinario-de-9-a-13h\/","title":{"rendered":"El 16 de mayo, Mercado Extraordinario de 9 a 13h"},"content":{"rendered":"<p>El pr\u00f3ximo\u00a0lunes\u00a016 de mayo, festividad\u00a0de la Pascua Granada y este a\u00f1o festivo en Catalunya, el Mercat de Flor i Planta Ornamental abrir\u00e1\u00a0su\u00a0sala de Venta Directa de 9 a 13h.<\/p>\n<p><span style=\"color: #000000;\"><strong>As\u00ed, habr\u00e1\u00a0MERCADO EXTRAORDINARIO de 9 a 13 horas.<\/strong><\/span><\/p>\n<p><em>(Por la tarde el Mercat permanecer\u00e1 cerrado).<\/em><\/p>\n","protected":false},"excerpt":{"rendered":"<p>El pr\u00f3ximo\u00a0lunes\u00a016 de mayo, festividad\u00a0de la Pascua Granada y este a\u00f1o festivo en Catalunya, el Mercat de Flor i Planta Ornamental abrir\u00e1\u00a0su\u00a0sala de Venta Directa de 9 a 13h. As\u00ed, habr\u00e1\u00a0MERCADO EXTRAORDINARIO de 9 a 13 horas. (Por la tarde el Mercat permanecer\u00e1 cerrado).<\/p>\n","protected":false},"author":2,"featured_media":7740,"comment_status":"closed","ping_status":"closed","sticky":false,"template":"","format":"standard","meta":{"footnotes":""},"categories":[125],"tags":[],"class_list":["post-7747","post","type-post","status-publish","format-standard","has-post-thumbnail","hentry","category-noticias"],"aioseo_notices":[],"aioseo_head":"\n\t\t<!-- All in One SEO 5.0.0.1 - aioseo.com -->\n\t<meta name=\"description\" content=\"El pr\u00f3ximo lunes 16 de mayo, festividad de la Pascua Granada y este a\u00f1o festivo en Catalunya, el Mercat de Flor i Planta Ornamental abrir\u00e1 su sala de Venta Directa de 9 a 13h. As\u00ed, habr\u00e1 MERCADO EXTRAORDINARIO de 9 a 13 horas. (Por la tarde el Mercat permanecer\u00e1 cerrado).\" \/>\n\t<meta name=\"robots\" content=\"max-image-preview:large\" \/>\n\t<meta name=\"author\" content=\"Agn\u00e8s Cespedes\"\/>\n\t<link rel=\"canonical\" href=\"https:\/\/www.mercatflor.cat\/es\/noticias\/2016\/05\/el-16-de-mayo-mercadoextraordinario-de-9-a-13h\/\" \/>\n\t<meta name=\"generator\" content=\"All in One SEO (AIOSEO) 5.0.0.1\" \/>\n\t\t<meta property=\"og:locale\" content=\"es_ES\" \/>\n\t\t<meta property=\"og:site_name\" content=\"Mercat de Flor i Planta Ornamental |\" \/>\n\t\t<meta property=\"og:type\" content=\"article\" \/>\n\t\t<meta property=\"og:title\" content=\"El 16 de mayo, Mercado Extraordinario de 9 a 13h | Mercat de Flor i Planta Ornamental\" \/>\n\t\t<meta property=\"og:description\" content=\"El pr\u00f3ximo lunes 16 de mayo, festividad de la Pascua Granada y este a\u00f1o festivo en Catalunya, el Mercat de Flor i Planta Ornamental abrir\u00e1 su sala de Venta Directa de 9 a 13h. As\u00ed, habr\u00e1 MERCADO EXTRAORDINARIO de 9 a 13 horas. (Por la tarde el Mercat permanecer\u00e1 cerrado).\" \/>\n\t\t<meta property=\"og:url\" content=\"https:\/\/www.mercatflor.cat\/es\/noticias\/2016\/05\/el-16-de-mayo-mercadoextraordinario-de-9-a-13h\/\" \/>\n\t\t<meta property=\"article:published_time\" content=\"2016-05-11T08:17:26+00:00\" \/>\n\t\t<meta property=\"article:modified_time\" content=\"2016-05-13T08:46:11+00:00\" \/>\n\t\t<meta name=\"twitter:card\" content=\"summary\" \/>\n\t\t<meta name=\"twitter:title\" content=\"El 16 de mayo, Mercado Extraordinario de 9 a 13h | Mercat de Flor i Planta Ornamental\" \/>\n\t\t<meta name=\"twitter:description\" content=\"El pr\u00f3ximo lunes 16 de mayo, festividad de la Pascua Granada y este a\u00f1o festivo en Catalunya, el Mercat de Flor i Planta Ornamental abrir\u00e1 su sala de Venta Directa de 9 a 13h. As\u00ed, habr\u00e1 MERCADO EXTRAORDINARIO de 9 a 13 horas. (Por la tarde el Mercat permanecer\u00e1 cerrado).\" \/>\n\t\t<script type=\"application\/ld+json\" class=\"aioseo-schema\">\n\t\t\t{\"@context\":\"https:\\\/\\\/schema.org\",\"@graph\":[{\"@type\":\"Article\",\"@id\":\"https:\\\/\\\/www.mercatflor.cat\\\/es\\\/noticias\\\/2016\\\/05\\\/el-16-de-mayo-mercadoextraordinario-de-9-a-13h\\\/#article\",\"name\":\"El 16 de mayo, Mercado Extraordinario de 9 a 13h | Mercat de Flor i Planta Ornamental\",\"headline\":\"El 16 de mayo, Mercado Extraordinario de 9 a 13h\",\"author\":{\"@id\":\"https:\\\/\\\/www.mercatflor.cat\\\/es\\\/author\\\/promocio\\\/#author\"},\"publisher\":{\"@id\":\"https:\\\/\\\/www.mercatflor.cat\\\/es\\\/#organization\"},\"image\":{\"@type\":\"ImageObject\",\"url\":\"https:\\\/\\\/www.mercatflor.cat\\\/wp-content\\\/uploads\\\/2016\\\/05\\\/Mercat-extra-16-CAT.jpg\",\"width\":349,\"height\":262},\"datePublished\":\"2016-05-11T08:17:26+00:00\",\"dateModified\":\"2016-05-13T08:46:11+00:00\",\"inLanguage\":\"es-ES\",\"mainEntityOfPage\":{\"@id\":\"https:\\\/\\\/www.mercatflor.cat\\\/es\\\/noticias\\\/2016\\\/05\\\/el-16-de-mayo-mercadoextraordinario-de-9-a-13h\\\/#webpage\"},\"isPartOf\":{\"@id\":\"https:\\\/\\\/www.mercatflor.cat\\\/es\\\/noticias\\\/2016\\\/05\\\/el-16-de-mayo-mercadoextraordinario-de-9-a-13h\\\/#webpage\"},\"articleSection\":\"Noticias\"},{\"@type\":\"BreadcrumbList\",\"@id\":\"https:\\\/\\\/www.mercatflor.cat\\\/es\\\/noticias\\\/2016\\\/05\\\/el-16-de-mayo-mercadoextraordinario-de-9-a-13h\\\/#breadcrumblist\",\"itemListElement\":[{\"@type\":\"ListItem\",\"@id\":\"https:\\\/\\\/www.mercatflor.cat\\\/es\\\/#listItem\",\"position\":1,\"name\":\"Home\",\"item\":\"https:\\\/\\\/www.mercatflor.cat\\\/es\\\/\",\"nextItem\":{\"@type\":\"ListItem\",\"@id\":\"https:\\\/\\\/www.mercatflor.cat\\\/es\\\/category\\\/noticias\\\/#listItem\",\"name\":\"Noticias\"}},{\"@type\":\"ListItem\",\"@id\":\"https:\\\/\\\/www.mercatflor.cat\\\/es\\\/category\\\/noticias\\\/#listItem\",\"position\":2,\"name\":\"Noticias\",\"item\":\"https:\\\/\\\/www.mercatflor.cat\\\/es\\\/category\\\/noticias\\\/\",\"nextItem\":{\"@type\":\"ListItem\",\"@id\":\"https:\\\/\\\/www.mercatflor.cat\\\/es\\\/noticias\\\/2016\\\/05\\\/el-16-de-mayo-mercadoextraordinario-de-9-a-13h\\\/#listItem\",\"name\":\"El 16 de mayo, Mercado Extraordinario de 9 a 13h\"},\"previousItem\":{\"@type\":\"ListItem\",\"@id\":\"https:\\\/\\\/www.mercatflor.cat\\\/es\\\/#listItem\",\"name\":\"Home\"}},{\"@type\":\"ListItem\",\"@id\":\"https:\\\/\\\/www.mercatflor.cat\\\/es\\\/noticias\\\/2016\\\/05\\\/el-16-de-mayo-mercadoextraordinario-de-9-a-13h\\\/#listItem\",\"position\":3,\"name\":\"El 16 de mayo, Mercado Extraordinario de 9 a 13h\",\"previousItem\":{\"@type\":\"ListItem\",\"@id\":\"https:\\\/\\\/www.mercatflor.cat\\\/es\\\/category\\\/noticias\\\/#listItem\",\"name\":\"Noticias\"}}]},{\"@type\":\"Organization\",\"@id\":\"https:\\\/\\\/www.mercatflor.cat\\\/es\\\/#organization\",\"name\":\"Mercat de Flor i Planta Ornamental\",\"url\":\"https:\\\/\\\/www.mercatflor.cat\\\/es\\\/\"},{\"@type\":\"Person\",\"@id\":\"https:\\\/\\\/www.mercatflor.cat\\\/es\\\/author\\\/promocio\\\/#author\",\"url\":\"https:\\\/\\\/www.mercatflor.cat\\\/es\\\/author\\\/promocio\\\/\",\"name\":\"Agn\\u00e8s Cespedes\",\"image\":{\"@type\":\"ImageObject\",\"@id\":\"https:\\\/\\\/www.mercatflor.cat\\\/es\\\/noticias\\\/2016\\\/05\\\/el-16-de-mayo-mercadoextraordinario-de-9-a-13h\\\/#authorImage\",\"url\":\"https:\\\/\\\/secure.gravatar.com\\\/avatar\\\/bcf16198e7ce572c825d1d9be24adef449a41d47a5cc2fad5a45e8cb5f882c7d?s=96&d=mm&r=g\",\"width\":96,\"height\":96,\"caption\":\"Agn\\u00e8s Cespedes\"}},{\"@type\":\"WebPage\",\"@id\":\"https:\\\/\\\/www.mercatflor.cat\\\/es\\\/noticias\\\/2016\\\/05\\\/el-16-de-mayo-mercadoextraordinario-de-9-a-13h\\\/#webpage\",\"url\":\"https:\\\/\\\/www.mercatflor.cat\\\/es\\\/noticias\\\/2016\\\/05\\\/el-16-de-mayo-mercadoextraordinario-de-9-a-13h\\\/\",\"name\":\"El 16 de mayo, Mercado Extraordinario de 9 a 13h | Mercat de Flor i Planta Ornamental\",\"description\":\"El pr\\u00f3ximo lunes 16 de mayo, festividad de la Pascua Granada y este a\\u00f1o festivo en Catalunya, el Mercat de Flor i Planta Ornamental abrir\\u00e1 su sala de Venta Directa de 9 a 13h. As\\u00ed, habr\\u00e1 MERCADO EXTRAORDINARIO de 9 a 13 horas. (Por la tarde el Mercat permanecer\\u00e1 cerrado).\",\"inLanguage\":\"es-ES\",\"isPartOf\":{\"@id\":\"https:\\\/\\\/www.mercatflor.cat\\\/es\\\/#website\"},\"breadcrumb\":{\"@id\":\"https:\\\/\\\/www.mercatflor.cat\\\/es\\\/noticias\\\/2016\\\/05\\\/el-16-de-mayo-mercadoextraordinario-de-9-a-13h\\\/#breadcrumblist\"},\"author\":{\"@id\":\"https:\\\/\\\/www.mercatflor.cat\\\/es\\\/author\\\/promocio\\\/#author\"},\"creator\":{\"@id\":\"https:\\\/\\\/www.mercatflor.cat\\\/es\\\/author\\\/promocio\\\/#author\"},\"image\":{\"@type\":\"ImageObject\",\"url\":\"https:\\\/\\\/www.mercatflor.cat\\\/wp-content\\\/uploads\\\/2016\\\/05\\\/Mercat-extra-16-CAT.jpg\",\"@id\":\"https:\\\/\\\/www.mercatflor.cat\\\/es\\\/noticias\\\/2016\\\/05\\\/el-16-de-mayo-mercadoextraordinario-de-9-a-13h\\\/#mainImage\",\"width\":349,\"height\":262},\"primaryImageOfPage\":{\"@id\":\"https:\\\/\\\/www.mercatflor.cat\\\/es\\\/noticias\\\/2016\\\/05\\\/el-16-de-mayo-mercadoextraordinario-de-9-a-13h\\\/#mainImage\"},\"datePublished\":\"2016-05-11T08:17:26+00:00\",\"dateModified\":\"2016-05-13T08:46:11+00:00\"},{\"@type\":\"WebSite\",\"@id\":\"https:\\\/\\\/www.mercatflor.cat\\\/es\\\/#website\",\"url\":\"https:\\\/\\\/www.mercatflor.cat\\\/es\\\/\",\"name\":\"Mercat de Flor i Planta Ornamental\",\"inLanguage\":\"es-ES\",\"publisher\":{\"@id\":\"https:\\\/\\\/www.mercatflor.cat\\\/es\\\/#organization\"}}]}\n\t\t<\/script>\n\t\t<!-- All in One SEO -->\n\n","aioseo_head_json":{"title":"El 16 de mayo, Mercado Extraordinario de 9 a 13h | Mercat de Flor i Planta Ornamental","description":"El pr\u00f3ximo lunes 16 de mayo, festividad de la Pascua Granada y este a\u00f1o festivo en Catalunya, el Mercat de Flor i Planta Ornamental abrir\u00e1 su sala de Venta Directa de 9 a 13h. As\u00ed, habr\u00e1 MERCADO EXTRAORDINARIO de 9 a 13 horas. (Por la tarde el Mercat permanecer\u00e1 cerrado).","canonical_url":"https:\/\/www.mercatflor.cat\/es\/noticias\/2016\/05\/el-16-de-mayo-mercadoextraordinario-de-9-a-13h\/","robots":"max-image-preview:large","keywords":"","webmasterTools":{"miscellaneous":""},"schema":{"@context":"https:\/\/schema.org","@graph":[{"@type":"Article","@id":"https:\/\/www.mercatflor.cat\/es\/noticias\/2016\/05\/el-16-de-mayo-mercadoextraordinario-de-9-a-13h\/#article","name":"El 16 de mayo, Mercado Extraordinario de 9 a 13h | Mercat de Flor i Planta Ornamental","headline":"El 16 de mayo, Mercado Extraordinario de 9 a 13h","author":{"@id":"https:\/\/www.mercatflor.cat\/es\/author\/promocio\/#author"},"publisher":{"@id":"https:\/\/www.mercatflor.cat\/es\/#organization"},"image":{"@type":"ImageObject","url":"https:\/\/www.mercatflor.cat\/wp-content\/uploads\/2016\/05\/Mercat-extra-16-CAT.jpg","width":349,"height":262},"datePublished":"2016-05-11T08:17:26+00:00","dateModified":"2016-05-13T08:46:11+00:00","inLanguage":"es-ES","mainEntityOfPage":{"@id":"https:\/\/www.mercatflor.cat\/es\/noticias\/2016\/05\/el-16-de-mayo-mercadoextraordinario-de-9-a-13h\/#webpage"},"isPartOf":{"@id":"https:\/\/www.mercatflor.cat\/es\/noticias\/2016\/05\/el-16-de-mayo-mercadoextraordinario-de-9-a-13h\/#webpage"},"articleSection":"Noticias"},{"@type":"BreadcrumbList","@id":"https:\/\/www.mercatflor.cat\/es\/noticias\/2016\/05\/el-16-de-mayo-mercadoextraordinario-de-9-a-13h\/#breadcrumblist","itemListElement":[{"@type":"ListItem","@id":"https:\/\/www.mercatflor.cat\/es\/#listItem","position":1,"name":"Home","item":"https:\/\/www.mercatflor.cat\/es\/","nextItem":{"@type":"ListItem","@id":"https:\/\/www.mercatflor.cat\/es\/category\/noticias\/#listItem","name":"Noticias"}},{"@type":"ListItem","@id":"https:\/\/www.mercatflor.cat\/es\/category\/noticias\/#listItem","position":2,"name":"Noticias","item":"https:\/\/www.mercatflor.cat\/es\/category\/noticias\/","nextItem":{"@type":"ListItem","@id":"https:\/\/www.mercatflor.cat\/es\/noticias\/2016\/05\/el-16-de-mayo-mercadoextraordinario-de-9-a-13h\/#listItem","name":"El 16 de mayo, Mercado Extraordinario de 9 a 13h"},"previousItem":{"@type":"ListItem","@id":"https:\/\/www.mercatflor.cat\/es\/#listItem","name":"Home"}},{"@type":"ListItem","@id":"https:\/\/www.mercatflor.cat\/es\/noticias\/2016\/05\/el-16-de-mayo-mercadoextraordinario-de-9-a-13h\/#listItem","position":3,"name":"El 16 de mayo, Mercado Extraordinario de 9 a 13h","previousItem":{"@type":"ListItem","@id":"https:\/\/www.mercatflor.cat\/es\/category\/noticias\/#listItem","name":"Noticias"}}]},{"@type":"Organization","@id":"https:\/\/www.mercatflor.cat\/es\/#organization","name":"Mercat de Flor i Planta Ornamental","url":"https:\/\/www.mercatflor.cat\/es\/"},{"@type":"Person","@id":"https:\/\/www.mercatflor.cat\/es\/author\/promocio\/#author","url":"https:\/\/www.mercatflor.cat\/es\/author\/promocio\/","name":"Agn\u00e8s Cespedes","image":{"@type":"ImageObject","@id":"https:\/\/www.mercatflor.cat\/es\/noticias\/2016\/05\/el-16-de-mayo-mercadoextraordinario-de-9-a-13h\/#authorImage","url":"https:\/\/secure.gravatar.com\/avatar\/bcf16198e7ce572c825d1d9be24adef449a41d47a5cc2fad5a45e8cb5f882c7d?s=96&d=mm&r=g","width":96,"height":96,"caption":"Agn\u00e8s Cespedes"}},{"@type":"WebPage","@id":"https:\/\/www.mercatflor.cat\/es\/noticias\/2016\/05\/el-16-de-mayo-mercadoextraordinario-de-9-a-13h\/#webpage","url":"https:\/\/www.mercatflor.cat\/es\/noticias\/2016\/05\/el-16-de-mayo-mercadoextraordinario-de-9-a-13h\/","name":"El 16 de mayo, Mercado Extraordinario de 9 a 13h | Mercat de Flor i Planta Ornamental","description":"El pr\u00f3ximo lunes 16 de mayo, festividad de la Pascua Granada y este a\u00f1o festivo en Catalunya, el Mercat de Flor i Planta Ornamental abrir\u00e1 su sala de Venta Directa de 9 a 13h. As\u00ed, habr\u00e1 MERCADO EXTRAORDINARIO de 9 a 13 horas. (Por la tarde el Mercat permanecer\u00e1 cerrado).","inLanguage":"es-ES","isPartOf":{"@id":"https:\/\/www.mercatflor.cat\/es\/#website"},"breadcrumb":{"@id":"https:\/\/www.mercatflor.cat\/es\/noticias\/2016\/05\/el-16-de-mayo-mercadoextraordinario-de-9-a-13h\/#breadcrumblist"},"author":{"@id":"https:\/\/www.mercatflor.cat\/es\/author\/promocio\/#author"},"creator":{"@id":"https:\/\/www.mercatflor.cat\/es\/author\/promocio\/#author"},"image":{"@type":"ImageObject","url":"https:\/\/www.mercatflor.cat\/wp-content\/uploads\/2016\/05\/Mercat-extra-16-CAT.jpg","@id":"https:\/\/www.mercatflor.cat\/es\/noticias\/2016\/05\/el-16-de-mayo-mercadoextraordinario-de-9-a-13h\/#mainImage","width":349,"height":262},"primaryImageOfPage":{"@id":"https:\/\/www.mercatflor.cat\/es\/noticias\/2016\/05\/el-16-de-mayo-mercadoextraordinario-de-9-a-13h\/#mainImage"},"datePublished":"2016-05-11T08:17:26+00:00","dateModified":"2016-05-13T08:46:11+00:00"},{"@type":"WebSite","@id":"https:\/\/www.mercatflor.cat\/es\/#website","url":"https:\/\/www.mercatflor.cat\/es\/","name":"Mercat de Flor i Planta Ornamental","inLanguage":"es-ES","publisher":{"@id":"https:\/\/www.mercatflor.cat\/es\/#organization"}}]},"og:locale":"es_ES","og:site_name":"Mercat de Flor i Planta Ornamental |","og:type":"article","og:title":"El 16 de mayo, Mercado Extraordinario de 9 a 13h | Mercat de Flor i Planta Ornamental","og:description":"El pr\u00f3ximo lunes 16 de mayo, festividad de la Pascua Granada y este a\u00f1o festivo en Catalunya, el Mercat de Flor i Planta Ornamental abrir\u00e1 su sala de Venta Directa de 9 a 13h. As\u00ed, habr\u00e1 MERCADO EXTRAORDINARIO de 9 a 13 horas. (Por la tarde el Mercat permanecer\u00e1 cerrado).","og:url":"https:\/\/www.mercatflor.cat\/es\/noticias\/2016\/05\/el-16-de-mayo-mercadoextraordinario-de-9-a-13h\/","article:published_time":"2016-05-11T08:17:26+00:00","article:modified_time":"2016-05-13T08:46:11+00:00","twitter:card":"summary","twitter:title":"El 16 de mayo, Mercado Extraordinario de 9 a 13h | Mercat de Flor i Planta Ornamental","twitter:description":"El pr\u00f3ximo lunes 16 de mayo, festividad de la Pascua Granada y este a\u00f1o festivo en Catalunya, el Mercat de Flor i Planta Ornamental abrir\u00e1 su sala de Venta Directa de 9 a 13h. As\u00ed, habr\u00e1 MERCADO EXTRAORDINARIO de 9 a 13 horas. (Por la tarde el Mercat permanecer\u00e1 cerrado)."},"aioseo_meta_data":{"post_id":"7747","title":null,"description":null,"keywords":null,"keyphrases":null,"canonical_url":null,"og_title":null,"og_description":null,"og_object_type":"default","og_image_type":"default","og_image_url":null,"og_image_width":null,"og_image_height":null,"og_image_custom_url":null,"og_image_custom_fields":null,"og_video":null,"og_custom_url":null,"og_article_section":null,"og_article_tags":null,"twitter_use_og":false,"twitter_card":"default","twitter_image_type":"default","twitter_image_url":null,"twitter_image_custom_url":null,"twitter_image_custom_fields":null,"twitter_title":null,"twitter_description":null,"schema":{"blockGraphs":[],"customGraphs":[],"default":{"data":{"Article":[],"Course":[],"Dataset":[],"FAQPage":[],"Movie":[],"Person":[],"Product":[],"ProductReview":[],"Car":[],"Recipe":[],"Service":[],"SoftwareApplication":[],"WebPage":[]},"graphName":"","isEnabled":true},"graphs":[]},"schema_type":null,"schema_type_options":null,"pillar_content":false,"robots_default":true,"robots_noindex":false,"robots_noarchive":false,"robots_nosnippet":false,"robots_nofollow":false,"robots_noimageindex":false,"robots_noodp":false,"robots_notranslate":false,"robots_max_snippet":null,"robots_max_videopreview":null,"robots_max_imagepreview":"large","priority":null,"frequency":null,"local_seo":null,"breadcrumb_settings":null,"limit_modified_date":false,"ai":null,"created":"2021-01-21 16:05:32","updated":"2025-10-03 00:32:39","primary_term":null,"seo_analyzer_scan_date":null,"focus_keyword":null,"additional_keywords":null,"truseo_locale":null},"aioseo_breadcrumb":"<div class=\"aioseo-breadcrumbs\"><span class=\"aioseo-breadcrumb\">\n\t\t\t<a href=\"https:\/\/www.mercatflor.cat\/es\/\" title=\"Home\">Home<\/a>\n\t\t<\/span><span class=\"aioseo-breadcrumb-separator\">&raquo;<\/span><span class=\"aioseo-breadcrumb\">\n\t\t\t<a href=\"https:\/\/www.mercatflor.cat\/es\/category\/noticias\/\" title=\"Noticias\">Noticias<\/a>\n\t\t<\/span><span class=\"aioseo-breadcrumb-separator\">&raquo;<\/span><span class=\"aioseo-breadcrumb\">\n\t\t\tEl 16 de mayo, Mercado Extraordinario de 9 a 13h\n\t\t<\/span><\/div>","aioseo_breadcrumb_json":[{"label":"Home","link":"https:\/\/www.mercatflor.cat\/es\/"},{"label":"Noticias","link":"https:\/\/www.mercatflor.cat\/es\/category\/noticias\/"},{"label":"El 16 de mayo, Mercado Extraordinario de 9 a 13h","link":"https:\/\/www.mercatflor.cat\/es\/noticias\/2016\/05\/el-16-de-mayo-mercadoextraordinario-de-9-a-13h\/"}],"_links":{"self":[{"href":"https:\/\/www.mercatflor.cat\/es\/wp-json\/wp\/v2\/posts\/7747","targetHints":{"allow":["GET"]}}],"collection":[{"href":"https:\/\/www.mercatflor.cat\/es\/wp-json\/wp\/v2\/posts"}],"about":[{"href":"https:\/\/www.mercatflor.cat\/es\/wp-json\/wp\/v2\/types\/post"}],"author":[{"embeddable":true,"href":"https:\/\/www.mercatflor.cat\/es\/wp-json\/wp\/v2\/users\/2"}],"replies":[{"embeddable":true,"href":"https:\/\/www.mercatflor.cat\/es\/wp-json\/wp\/v2\/comments?post=7747"}],"version-history":[{"count":2,"href":"https:\/\/www.mercatflor.cat\/es\/wp-json\/wp\/v2\/posts\/7747\/revisions"}],"predecessor-version":[{"id":7749,"href":"https:\/\/www.mercatflor.cat\/es\/wp-json\/wp\/v2\/posts\/7747\/revisions\/7749"}],"wp:featuredmedia":[{"embeddable":true,"href":"https:\/\/www.mercatflor.cat\/es\/wp-json\/wp\/v2\/media\/7740"}],"wp:attachment":[{"href":"https:\/\/www.mercatflor.cat\/es\/wp-json\/wp\/v2\/media?parent=7747"}],"wp:term":[{"taxonomy":"category","embeddable":true,"href":"https:\/\/www.mercatflor.cat\/es\/wp-json\/wp\/v2\/categories?post=7747"},{"taxonomy":"post_tag","embeddable":true,"href":"https:\/\/www.mercatflor.cat\/es\/wp-json\/wp\/v2\/tags?post=7747"}],"curies":[{"name":"wp","href":"https:\/\/api.w.org\/{rel}","templated":true}]}}