{"id":7662,"date":"2016-04-11T09:03:12","date_gmt":"2016-04-11T09:03:12","guid":{"rendered":"http:\/\/www.mercatflor.cat\/sin-categoria-es\/2016\/04\/eduard-maynegra-6e-a-la-copa-deuropa-2\/"},"modified":"2016-05-02T13:25:22","modified_gmt":"2016-05-02T13:25:22","slug":"eduard-maynegra-6e-a-la-copa-deuropa","status":"publish","type":"post","link":"https:\/\/www.mercatflor.cat\/es\/noticias\/2016\/04\/eduard-maynegra-6e-a-la-copa-deuropa\/","title":{"rendered":"Eduard Maynegra, 6\u00ba en la Copa de Europa de Art Floral"},"content":{"rendered":"<p>El amigo y cliente del Mercat Eduard Maynegra, de Flors Laguarda de Santa Coloma de Farners, ha obtenido una muy meritoria 6\u00aa posici\u00f3n en la Copa de Europa de Arte Floral Europa Cup &#8211; European Florist Championship que se ha celebrado del 7 al 9 de abril en G\u00e9nova, Italia. Este es un magn\u00edfico resultado para el florista catal\u00e1n, que acud\u00eda a la cita como vigente campe\u00f3n de Espa\u00f1a de Arte Floral, con el apoyo, entre otros, del Mercat de Flor i\u00a0Planta.<\/p>\n<p>La competici\u00f3n, que ha sido este a\u00f1o disputad\u00edsima, ha contado con floristas de 23 pa\u00edses, que se presentaron al concurso muy preparados todos ellos y demostrando un alt\u00edsimo nivel. El ganador ha sido el h\u00fangaro Tam\u00e0s Endre Mezoffy, que participaba por segunda vez, seguido del ruso Roman Steinhauer y la finlandesa Pirjo Koppi, tercera.<\/p>\n<p>Eduard lo ha dado todo en unos trabajos excelentes y una vez m\u00e1s ha demostrado que se encuentra entre los mejores floristas del pa\u00eds y del continente.<\/p>\n<p>Puede ver algunos de sus trabajos en los siguientes enlaces:<\/p>\n<p><img loading=\"lazy\" decoding=\"async\" class=\"size-medium wp-image-7614 alignright\" src=\"http:\/\/www.mercatflor.cat\/wp-content\/uploads\/2016\/04\/Eduard-6-web-300x225.jpg\" alt=\"Eduard Maynegra ram\" width=\"300\" height=\"225\" srcset=\"https:\/\/www.mercatflor.cat\/wp-content\/uploads\/2016\/04\/Eduard-6-web-300x225.jpg 300w, https:\/\/www.mercatflor.cat\/wp-content\/uploads\/2016\/04\/Eduard-6-web-214x160.jpg 214w, https:\/\/www.mercatflor.cat\/wp-content\/uploads\/2016\/04\/Eduard-6-web.jpg 349w\" sizes=\"auto, (max-width: 300px) 100vw, 300px\" \/><\/p>\n<p><a href=\"https:\/\/www.facebook.com\/EuropaCup2016\" target=\"_blank\">Copa d&#8217;Europa: P\u00e1gina de facebook con\u00a0algunas fotograf\u00edas de cada una de las tareas desarrolladas.<\/a><\/p>\n<p><a href=\"http:\/\/www.flowerweb.com\/en\/article\/192911\/Results-designer-Eduard-Maynegra-Laguarda-day-one-from-the-Europa-Cup-2016-in-Genoa\" target=\"_blank\">Flowerweb: Trabajos de Eduard Maynegra del 1r dia<\/a><\/p>\n<p><a href=\"http:\/\/www.flowerweb.com\/en\/article\/192934\/Results-designer-Eduard-Maynegra-Laguarda-day-Two-of-the-Europa-Cup-2016-in-Genoa\" target=\"_blank\">Flowerweb: Trabajos de Eduard Maynegra del 2\u00ba d\u00eda<\/a><\/p>\n<div class=\"text_exposed_show\"><\/div>\n<p>El cuadro\u00a0de resultados de cada participante en cada una de las pruebas\u00a0los\u00a0puedes ver aqu\u00ed:<\/p>\n<p><a href=\"http:\/\/www.mercatflor.cat\/wp-content\/uploads\/2016\/04\/Task-1.jpg\" target=\"_blank\">Resultados 1r trabajo: Parata Floreale di San Remo\u00a0<\/a><\/p>\n<p><a href=\"http:\/\/www.mercatflor.cat\/wp-content\/uploads\/2016\/04\/Task-2.jpg\" target=\"_blank\">Resultados 2\u00ba trabajo: Pasta, Pesto\u00a0eFiori<\/a><\/p>\n<p><a href=\"http:\/\/www.mercatflor.cat\/wp-content\/uploads\/2016\/04\/Task-3.jpg\" target=\"_blank\">Resultados 3\u00ba trabajo: Matrimonio in Vespa<\/a><\/p>\n<p><a href=\"http:\/\/www.mercatflor.cat\/wp-content\/uploads\/2016\/04\/Task-4.jpg\" target=\"_blank\">Resultados 4\u00ba trabajo: Piante e fashion<\/a><\/p>\n<p><a href=\"http:\/\/www.mercatflor.cat\/wp-content\/uploads\/2016\/04\/Task-5.jpg\" target=\"_blank\">Resultados 5\u00ba trabajo: Amore e lussuria<\/a><\/p>\n<p><a href=\"http:\/\/www.mercatflor.cat\/wp-content\/uploads\/2016\/04\/Task-6.jpg\" target=\"_blank\">Resultados 6\u00ba trabajo: Primavera a sorpresa<\/a><\/p>\n<p><a href=\"http:\/\/www.mercatflor.cat\/wp-content\/uploads\/2016\/04\/Resultat-final.jpg\" target=\"_blank\">RESULTADOS FINALES<br \/>\n<\/a><\/p>\n<div id=\"attachment_7622\" style=\"width: 310px\" class=\"wp-caption alignleft\"><img loading=\"lazy\" decoding=\"async\" aria-describedby=\"caption-attachment-7622\" class=\"wp-image-7622 size-medium\" src=\"http:\/\/www.mercatflor.cat\/wp-content\/uploads\/2016\/04\/Eduard-1a-provab-300x225.jpg\" alt=\"Eduard 1a provab\" width=\"300\" height=\"225\" srcset=\"https:\/\/www.mercatflor.cat\/wp-content\/uploads\/2016\/04\/Eduard-1a-provab-300x225.jpg 300w, https:\/\/www.mercatflor.cat\/wp-content\/uploads\/2016\/04\/Eduard-1a-provab-214x160.jpg 214w, https:\/\/www.mercatflor.cat\/wp-content\/uploads\/2016\/04\/Eduard-1a-provab-768x576.jpg 768w, https:\/\/www.mercatflor.cat\/wp-content\/uploads\/2016\/04\/Eduard-1a-provab.jpg 960w\" sizes=\"auto, (max-width: 300px) 100vw, 300px\" \/><p id=\"caption-attachment-7622\" class=\"wp-caption-text\">\u00daltimos retoques a la decoraci\u00f3n del Fiat 500 de la 1a prueba.<\/p><\/div>\n<div id=\"attachment_7623\" style=\"width: 310px\" class=\"wp-caption alignleft\"><img loading=\"lazy\" decoding=\"async\" aria-describedby=\"caption-attachment-7623\" class=\"wp-image-7623 size-medium\" src=\"http:\/\/www.mercatflor.cat\/wp-content\/uploads\/2016\/04\/Eduard-2a-prova-300x225.jpg\" alt=\"Eduard 2a prova\" width=\"300\" height=\"225\" srcset=\"https:\/\/www.mercatflor.cat\/wp-content\/uploads\/2016\/04\/Eduard-2a-prova-300x225.jpg 300w, https:\/\/www.mercatflor.cat\/wp-content\/uploads\/2016\/04\/Eduard-2a-prova-214x160.jpg 214w, https:\/\/www.mercatflor.cat\/wp-content\/uploads\/2016\/04\/Eduard-2a-prova.jpg 480w\" sizes=\"auto, (max-width: 300px) 100vw, 300px\" \/><p id=\"caption-attachment-7623\" class=\"wp-caption-text\">Empezando\u00a0a disponer la flor sobre la original estructura con que\u00a0Eduard elabor\u00f3 la\u00a02a prueba.<\/p><\/div>\n<p>&nbsp;<\/p>\n<p>&nbsp;<\/p>\n<p>&nbsp;<\/p>\n<p>&nbsp;<\/p>\n<p>&nbsp;<\/p>\n<p>&nbsp;<\/p>\n<p>&nbsp;<\/p>\n<p>&nbsp;<\/p>\n<p><strong>Cuando os encontr\u00e9is\u00a0Eduard\u00a0por el Mercat, comprando para <span class=\"text_exposed_show\">su florister\u00eda, no dej\u00e9is de felicitarle! Enhorabuena Eduard!<\/span><\/strong><\/p>\n<div class=\"text_exposed_show\">\n<p>(Fotos de <a class=\"profileLink\" href=\"https:\/\/www.facebook.com\/Projecte-G%C3%A8nova-2016-269378963393324\/\" data-hovercard=\"\/ajax\/hovercard\/page.php?id=269378963393324\">Projecte G\u00e8nova 2016<\/a>\u00a0y de Florint.)<\/p>\n<\/div>\n","protected":false},"excerpt":{"rendered":"<p>El amigo y cliente del Mercat Eduard Maynegra, de Flors Laguarda de Santa Coloma de Farners, ha obtenido una muy meritoria 6\u00aa posici\u00f3n en la Copa de Europa de Arte Floral Europa Cup &#8211; European Florist Championship que se ha celebrado del 7 al 9 de abril en G\u00e9nova, Italia. Este es un magn\u00edfico resultado [&hellip;]<\/p>\n","protected":false},"author":2,"featured_media":7590,"comment_status":"closed","ping_status":"closed","sticky":false,"template":"","format":"standard","meta":{"footnotes":""},"categories":[125],"tags":[],"class_list":["post-7662","post","type-post","status-publish","format-standard","has-post-thumbnail","hentry","category-noticias"],"aioseo_notices":[],"aioseo_head":"\n\t\t<!-- All in One SEO 5.0.0.1 - aioseo.com -->\n\t<meta name=\"description\" content=\"El amigo y cliente del Mercat Eduard Maynegra, de Flors Laguarda de Santa Coloma de Farners, ha obtenido una muy meritoria 6\u00aa posici\u00f3n en la Copa de Europa de Arte Floral Europa Cup - European Florist Championship que se ha celebrado del 7 al 9 de abril en G\u00e9nova, Italia. Este es un magn\u00edfico resultado\" \/>\n\t<meta name=\"robots\" content=\"max-image-preview:large\" \/>\n\t<meta name=\"author\" content=\"Agn\u00e8s Cespedes\"\/>\n\t<link rel=\"canonical\" href=\"https:\/\/www.mercatflor.cat\/es\/noticias\/2016\/04\/eduard-maynegra-6e-a-la-copa-deuropa\/\" \/>\n\t<meta name=\"generator\" content=\"All in One SEO (AIOSEO) 5.0.0.1\" \/>\n\t\t<meta property=\"og:locale\" content=\"es_ES\" \/>\n\t\t<meta property=\"og:site_name\" content=\"Mercat de Flor i Planta Ornamental |\" \/>\n\t\t<meta property=\"og:type\" content=\"article\" \/>\n\t\t<meta property=\"og:title\" content=\"Eduard Maynegra, 6\u00ba en la Copa de Europa de Art Floral | Mercat de Flor i Planta Ornamental\" \/>\n\t\t<meta property=\"og:description\" content=\"El amigo y cliente del Mercat Eduard Maynegra, de Flors Laguarda de Santa Coloma de Farners, ha obtenido una muy meritoria 6\u00aa posici\u00f3n en la Copa de Europa de Arte Floral Europa Cup - European Florist Championship que se ha celebrado del 7 al 9 de abril en G\u00e9nova, Italia. Este es un magn\u00edfico resultado\" \/>\n\t\t<meta property=\"og:url\" content=\"https:\/\/www.mercatflor.cat\/es\/noticias\/2016\/04\/eduard-maynegra-6e-a-la-copa-deuropa\/\" \/>\n\t\t<meta property=\"article:published_time\" content=\"2016-04-11T09:03:12+00:00\" \/>\n\t\t<meta property=\"article:modified_time\" content=\"2016-05-02T13:25:22+00:00\" \/>\n\t\t<meta name=\"twitter:card\" content=\"summary\" \/>\n\t\t<meta name=\"twitter:title\" content=\"Eduard Maynegra, 6\u00ba en la Copa de Europa de Art Floral | Mercat de Flor i Planta Ornamental\" \/>\n\t\t<meta name=\"twitter:description\" content=\"El amigo y cliente del Mercat Eduard Maynegra, de Flors Laguarda de Santa Coloma de Farners, ha obtenido una muy meritoria 6\u00aa posici\u00f3n en la Copa de Europa de Arte Floral Europa Cup - European Florist Championship que se ha celebrado del 7 al 9 de abril en G\u00e9nova, Italia. Este es un magn\u00edfico resultado\" \/>\n\t\t<script type=\"application\/ld+json\" class=\"aioseo-schema\">\n\t\t\t{\"@context\":\"https:\\\/\\\/schema.org\",\"@graph\":[{\"@type\":\"Article\",\"@id\":\"https:\\\/\\\/www.mercatflor.cat\\\/es\\\/noticias\\\/2016\\\/04\\\/eduard-maynegra-6e-a-la-copa-deuropa\\\/#article\",\"name\":\"Eduard Maynegra, 6\\u00ba en la Copa de Europa de Art Floral | Mercat de Flor i Planta Ornamental\",\"headline\":\"Eduard Maynegra, 6\\u00ba en la Copa de Europa de Art Floral\",\"author\":{\"@id\":\"https:\\\/\\\/www.mercatflor.cat\\\/es\\\/author\\\/promocio\\\/#author\"},\"publisher\":{\"@id\":\"https:\\\/\\\/www.mercatflor.cat\\\/es\\\/#organization\"},\"image\":{\"@type\":\"ImageObject\",\"url\":\"https:\\\/\\\/www.mercatflor.cat\\\/wp-content\\\/uploads\\\/2016\\\/04\\\/Eduard-Web-ESP.jpg\",\"width\":349,\"height\":262},\"datePublished\":\"2016-04-11T09:03:12+00:00\",\"dateModified\":\"2016-05-02T13:25:22+00:00\",\"inLanguage\":\"es-ES\",\"mainEntityOfPage\":{\"@id\":\"https:\\\/\\\/www.mercatflor.cat\\\/es\\\/noticias\\\/2016\\\/04\\\/eduard-maynegra-6e-a-la-copa-deuropa\\\/#webpage\"},\"isPartOf\":{\"@id\":\"https:\\\/\\\/www.mercatflor.cat\\\/es\\\/noticias\\\/2016\\\/04\\\/eduard-maynegra-6e-a-la-copa-deuropa\\\/#webpage\"},\"articleSection\":\"Noticias\"},{\"@type\":\"BreadcrumbList\",\"@id\":\"https:\\\/\\\/www.mercatflor.cat\\\/es\\\/noticias\\\/2016\\\/04\\\/eduard-maynegra-6e-a-la-copa-deuropa\\\/#breadcrumblist\",\"itemListElement\":[{\"@type\":\"ListItem\",\"@id\":\"https:\\\/\\\/www.mercatflor.cat\\\/es\\\/#listItem\",\"position\":1,\"name\":\"Home\",\"item\":\"https:\\\/\\\/www.mercatflor.cat\\\/es\\\/\",\"nextItem\":{\"@type\":\"ListItem\",\"@id\":\"https:\\\/\\\/www.mercatflor.cat\\\/es\\\/category\\\/noticias\\\/#listItem\",\"name\":\"Noticias\"}},{\"@type\":\"ListItem\",\"@id\":\"https:\\\/\\\/www.mercatflor.cat\\\/es\\\/category\\\/noticias\\\/#listItem\",\"position\":2,\"name\":\"Noticias\",\"item\":\"https:\\\/\\\/www.mercatflor.cat\\\/es\\\/category\\\/noticias\\\/\",\"nextItem\":{\"@type\":\"ListItem\",\"@id\":\"https:\\\/\\\/www.mercatflor.cat\\\/es\\\/noticias\\\/2016\\\/04\\\/eduard-maynegra-6e-a-la-copa-deuropa\\\/#listItem\",\"name\":\"Eduard Maynegra, 6\\u00ba en la Copa de Europa de Art Floral\"},\"previousItem\":{\"@type\":\"ListItem\",\"@id\":\"https:\\\/\\\/www.mercatflor.cat\\\/es\\\/#listItem\",\"name\":\"Home\"}},{\"@type\":\"ListItem\",\"@id\":\"https:\\\/\\\/www.mercatflor.cat\\\/es\\\/noticias\\\/2016\\\/04\\\/eduard-maynegra-6e-a-la-copa-deuropa\\\/#listItem\",\"position\":3,\"name\":\"Eduard Maynegra, 6\\u00ba en la Copa de Europa de Art Floral\",\"previousItem\":{\"@type\":\"ListItem\",\"@id\":\"https:\\\/\\\/www.mercatflor.cat\\\/es\\\/category\\\/noticias\\\/#listItem\",\"name\":\"Noticias\"}}]},{\"@type\":\"Organization\",\"@id\":\"https:\\\/\\\/www.mercatflor.cat\\\/es\\\/#organization\",\"name\":\"Mercat de Flor i Planta Ornamental\",\"url\":\"https:\\\/\\\/www.mercatflor.cat\\\/es\\\/\"},{\"@type\":\"Person\",\"@id\":\"https:\\\/\\\/www.mercatflor.cat\\\/es\\\/author\\\/promocio\\\/#author\",\"url\":\"https:\\\/\\\/www.mercatflor.cat\\\/es\\\/author\\\/promocio\\\/\",\"name\":\"Agn\\u00e8s Cespedes\",\"image\":{\"@type\":\"ImageObject\",\"@id\":\"https:\\\/\\\/www.mercatflor.cat\\\/es\\\/noticias\\\/2016\\\/04\\\/eduard-maynegra-6e-a-la-copa-deuropa\\\/#authorImage\",\"url\":\"https:\\\/\\\/secure.gravatar.com\\\/avatar\\\/bcf16198e7ce572c825d1d9be24adef449a41d47a5cc2fad5a45e8cb5f882c7d?s=96&d=mm&r=g\",\"width\":96,\"height\":96,\"caption\":\"Agn\\u00e8s Cespedes\"}},{\"@type\":\"WebPage\",\"@id\":\"https:\\\/\\\/www.mercatflor.cat\\\/es\\\/noticias\\\/2016\\\/04\\\/eduard-maynegra-6e-a-la-copa-deuropa\\\/#webpage\",\"url\":\"https:\\\/\\\/www.mercatflor.cat\\\/es\\\/noticias\\\/2016\\\/04\\\/eduard-maynegra-6e-a-la-copa-deuropa\\\/\",\"name\":\"Eduard Maynegra, 6\\u00ba en la Copa de Europa de Art Floral | Mercat de Flor i Planta Ornamental\",\"description\":\"El amigo y cliente del Mercat Eduard Maynegra, de Flors Laguarda de Santa Coloma de Farners, ha obtenido una muy meritoria 6\\u00aa posici\\u00f3n en la Copa de Europa de Arte Floral Europa Cup - European Florist Championship que se ha celebrado del 7 al 9 de abril en G\\u00e9nova, Italia. Este es un magn\\u00edfico resultado\",\"inLanguage\":\"es-ES\",\"isPartOf\":{\"@id\":\"https:\\\/\\\/www.mercatflor.cat\\\/es\\\/#website\"},\"breadcrumb\":{\"@id\":\"https:\\\/\\\/www.mercatflor.cat\\\/es\\\/noticias\\\/2016\\\/04\\\/eduard-maynegra-6e-a-la-copa-deuropa\\\/#breadcrumblist\"},\"author\":{\"@id\":\"https:\\\/\\\/www.mercatflor.cat\\\/es\\\/author\\\/promocio\\\/#author\"},\"creator\":{\"@id\":\"https:\\\/\\\/www.mercatflor.cat\\\/es\\\/author\\\/promocio\\\/#author\"},\"image\":{\"@type\":\"ImageObject\",\"url\":\"https:\\\/\\\/www.mercatflor.cat\\\/wp-content\\\/uploads\\\/2016\\\/04\\\/Eduard-Web-ESP.jpg\",\"@id\":\"https:\\\/\\\/www.mercatflor.cat\\\/es\\\/noticias\\\/2016\\\/04\\\/eduard-maynegra-6e-a-la-copa-deuropa\\\/#mainImage\",\"width\":349,\"height\":262},\"primaryImageOfPage\":{\"@id\":\"https:\\\/\\\/www.mercatflor.cat\\\/es\\\/noticias\\\/2016\\\/04\\\/eduard-maynegra-6e-a-la-copa-deuropa\\\/#mainImage\"},\"datePublished\":\"2016-04-11T09:03:12+00:00\",\"dateModified\":\"2016-05-02T13:25:22+00:00\"},{\"@type\":\"WebSite\",\"@id\":\"https:\\\/\\\/www.mercatflor.cat\\\/es\\\/#website\",\"url\":\"https:\\\/\\\/www.mercatflor.cat\\\/es\\\/\",\"name\":\"Mercat de Flor i Planta Ornamental\",\"inLanguage\":\"es-ES\",\"publisher\":{\"@id\":\"https:\\\/\\\/www.mercatflor.cat\\\/es\\\/#organization\"}}]}\n\t\t<\/script>\n\t\t<!-- All in One SEO -->\n\n","aioseo_head_json":{"title":"Eduard Maynegra, 6\u00ba en la Copa de Europa de Art Floral | Mercat de Flor i Planta Ornamental","description":"El amigo y cliente del Mercat Eduard Maynegra, de Flors Laguarda de Santa Coloma de Farners, ha obtenido una muy meritoria 6\u00aa posici\u00f3n en la Copa de Europa de Arte Floral Europa Cup - European Florist Championship que se ha celebrado del 7 al 9 de abril en G\u00e9nova, Italia. Este es un magn\u00edfico resultado","canonical_url":"https:\/\/www.mercatflor.cat\/es\/noticias\/2016\/04\/eduard-maynegra-6e-a-la-copa-deuropa\/","robots":"max-image-preview:large","keywords":"","webmasterTools":{"miscellaneous":""},"schema":{"@context":"https:\/\/schema.org","@graph":[{"@type":"Article","@id":"https:\/\/www.mercatflor.cat\/es\/noticias\/2016\/04\/eduard-maynegra-6e-a-la-copa-deuropa\/#article","name":"Eduard Maynegra, 6\u00ba en la Copa de Europa de Art Floral | Mercat de Flor i Planta Ornamental","headline":"Eduard Maynegra, 6\u00ba en la Copa de Europa de Art Floral","author":{"@id":"https:\/\/www.mercatflor.cat\/es\/author\/promocio\/#author"},"publisher":{"@id":"https:\/\/www.mercatflor.cat\/es\/#organization"},"image":{"@type":"ImageObject","url":"https:\/\/www.mercatflor.cat\/wp-content\/uploads\/2016\/04\/Eduard-Web-ESP.jpg","width":349,"height":262},"datePublished":"2016-04-11T09:03:12+00:00","dateModified":"2016-05-02T13:25:22+00:00","inLanguage":"es-ES","mainEntityOfPage":{"@id":"https:\/\/www.mercatflor.cat\/es\/noticias\/2016\/04\/eduard-maynegra-6e-a-la-copa-deuropa\/#webpage"},"isPartOf":{"@id":"https:\/\/www.mercatflor.cat\/es\/noticias\/2016\/04\/eduard-maynegra-6e-a-la-copa-deuropa\/#webpage"},"articleSection":"Noticias"},{"@type":"BreadcrumbList","@id":"https:\/\/www.mercatflor.cat\/es\/noticias\/2016\/04\/eduard-maynegra-6e-a-la-copa-deuropa\/#breadcrumblist","itemListElement":[{"@type":"ListItem","@id":"https:\/\/www.mercatflor.cat\/es\/#listItem","position":1,"name":"Home","item":"https:\/\/www.mercatflor.cat\/es\/","nextItem":{"@type":"ListItem","@id":"https:\/\/www.mercatflor.cat\/es\/category\/noticias\/#listItem","name":"Noticias"}},{"@type":"ListItem","@id":"https:\/\/www.mercatflor.cat\/es\/category\/noticias\/#listItem","position":2,"name":"Noticias","item":"https:\/\/www.mercatflor.cat\/es\/category\/noticias\/","nextItem":{"@type":"ListItem","@id":"https:\/\/www.mercatflor.cat\/es\/noticias\/2016\/04\/eduard-maynegra-6e-a-la-copa-deuropa\/#listItem","name":"Eduard Maynegra, 6\u00ba en la Copa de Europa de Art Floral"},"previousItem":{"@type":"ListItem","@id":"https:\/\/www.mercatflor.cat\/es\/#listItem","name":"Home"}},{"@type":"ListItem","@id":"https:\/\/www.mercatflor.cat\/es\/noticias\/2016\/04\/eduard-maynegra-6e-a-la-copa-deuropa\/#listItem","position":3,"name":"Eduard Maynegra, 6\u00ba en la Copa de Europa de Art Floral","previousItem":{"@type":"ListItem","@id":"https:\/\/www.mercatflor.cat\/es\/category\/noticias\/#listItem","name":"Noticias"}}]},{"@type":"Organization","@id":"https:\/\/www.mercatflor.cat\/es\/#organization","name":"Mercat de Flor i Planta Ornamental","url":"https:\/\/www.mercatflor.cat\/es\/"},{"@type":"Person","@id":"https:\/\/www.mercatflor.cat\/es\/author\/promocio\/#author","url":"https:\/\/www.mercatflor.cat\/es\/author\/promocio\/","name":"Agn\u00e8s Cespedes","image":{"@type":"ImageObject","@id":"https:\/\/www.mercatflor.cat\/es\/noticias\/2016\/04\/eduard-maynegra-6e-a-la-copa-deuropa\/#authorImage","url":"https:\/\/secure.gravatar.com\/avatar\/bcf16198e7ce572c825d1d9be24adef449a41d47a5cc2fad5a45e8cb5f882c7d?s=96&d=mm&r=g","width":96,"height":96,"caption":"Agn\u00e8s Cespedes"}},{"@type":"WebPage","@id":"https:\/\/www.mercatflor.cat\/es\/noticias\/2016\/04\/eduard-maynegra-6e-a-la-copa-deuropa\/#webpage","url":"https:\/\/www.mercatflor.cat\/es\/noticias\/2016\/04\/eduard-maynegra-6e-a-la-copa-deuropa\/","name":"Eduard Maynegra, 6\u00ba en la Copa de Europa de Art Floral | Mercat de Flor i Planta Ornamental","description":"El amigo y cliente del Mercat Eduard Maynegra, de Flors Laguarda de Santa Coloma de Farners, ha obtenido una muy meritoria 6\u00aa posici\u00f3n en la Copa de Europa de Arte Floral Europa Cup - European Florist Championship que se ha celebrado del 7 al 9 de abril en G\u00e9nova, Italia. Este es un magn\u00edfico resultado","inLanguage":"es-ES","isPartOf":{"@id":"https:\/\/www.mercatflor.cat\/es\/#website"},"breadcrumb":{"@id":"https:\/\/www.mercatflor.cat\/es\/noticias\/2016\/04\/eduard-maynegra-6e-a-la-copa-deuropa\/#breadcrumblist"},"author":{"@id":"https:\/\/www.mercatflor.cat\/es\/author\/promocio\/#author"},"creator":{"@id":"https:\/\/www.mercatflor.cat\/es\/author\/promocio\/#author"},"image":{"@type":"ImageObject","url":"https:\/\/www.mercatflor.cat\/wp-content\/uploads\/2016\/04\/Eduard-Web-ESP.jpg","@id":"https:\/\/www.mercatflor.cat\/es\/noticias\/2016\/04\/eduard-maynegra-6e-a-la-copa-deuropa\/#mainImage","width":349,"height":262},"primaryImageOfPage":{"@id":"https:\/\/www.mercatflor.cat\/es\/noticias\/2016\/04\/eduard-maynegra-6e-a-la-copa-deuropa\/#mainImage"},"datePublished":"2016-04-11T09:03:12+00:00","dateModified":"2016-05-02T13:25:22+00:00"},{"@type":"WebSite","@id":"https:\/\/www.mercatflor.cat\/es\/#website","url":"https:\/\/www.mercatflor.cat\/es\/","name":"Mercat de Flor i Planta Ornamental","inLanguage":"es-ES","publisher":{"@id":"https:\/\/www.mercatflor.cat\/es\/#organization"}}]},"og:locale":"es_ES","og:site_name":"Mercat de Flor i Planta Ornamental |","og:type":"article","og:title":"Eduard Maynegra, 6\u00ba en la Copa de Europa de Art Floral | Mercat de Flor i Planta Ornamental","og:description":"El amigo y cliente del Mercat Eduard Maynegra, de Flors Laguarda de Santa Coloma de Farners, ha obtenido una muy meritoria 6\u00aa posici\u00f3n en la Copa de Europa de Arte Floral Europa Cup - European Florist Championship que se ha celebrado del 7 al 9 de abril en G\u00e9nova, Italia. Este es un magn\u00edfico resultado","og:url":"https:\/\/www.mercatflor.cat\/es\/noticias\/2016\/04\/eduard-maynegra-6e-a-la-copa-deuropa\/","article:published_time":"2016-04-11T09:03:12+00:00","article:modified_time":"2016-05-02T13:25:22+00:00","twitter:card":"summary","twitter:title":"Eduard Maynegra, 6\u00ba en la Copa de Europa de Art Floral | Mercat de Flor i Planta Ornamental","twitter:description":"El amigo y cliente del Mercat Eduard Maynegra, de Flors Laguarda de Santa Coloma de Farners, ha obtenido una muy meritoria 6\u00aa posici\u00f3n en la Copa de Europa de Arte Floral Europa Cup - European Florist Championship que se ha celebrado del 7 al 9 de abril en G\u00e9nova, Italia. Este es un magn\u00edfico resultado"},"aioseo_meta_data":{"post_id":"7662","title":null,"description":null,"keywords":null,"keyphrases":null,"canonical_url":null,"og_title":null,"og_description":null,"og_object_type":"default","og_image_type":"default","og_image_url":null,"og_image_width":null,"og_image_height":null,"og_image_custom_url":null,"og_image_custom_fields":null,"og_video":null,"og_custom_url":null,"og_article_section":null,"og_article_tags":null,"twitter_use_og":false,"twitter_card":"default","twitter_image_type":"default","twitter_image_url":null,"twitter_image_custom_url":null,"twitter_image_custom_fields":null,"twitter_title":null,"twitter_description":null,"schema":{"blockGraphs":[],"customGraphs":[],"default":{"data":{"Article":[],"Course":[],"Dataset":[],"FAQPage":[],"Movie":[],"Person":[],"Product":[],"ProductReview":[],"Car":[],"Recipe":[],"Service":[],"SoftwareApplication":[],"WebPage":[]},"graphName":"","isEnabled":true},"graphs":[]},"schema_type":null,"schema_type_options":null,"pillar_content":false,"robots_default":true,"robots_noindex":false,"robots_noarchive":false,"robots_nosnippet":false,"robots_nofollow":false,"robots_noimageindex":false,"robots_noodp":false,"robots_notranslate":false,"robots_max_snippet":null,"robots_max_videopreview":null,"robots_max_imagepreview":"large","priority":null,"frequency":null,"local_seo":null,"breadcrumb_settings":null,"limit_modified_date":false,"ai":null,"created":"2021-01-21 16:03:06","updated":"2025-10-03 00:31:57","primary_term":null,"seo_analyzer_scan_date":null,"focus_keyword":null,"additional_keywords":null,"truseo_locale":null},"aioseo_breadcrumb":"<div class=\"aioseo-breadcrumbs\"><span class=\"aioseo-breadcrumb\">\n\t\t\t<a href=\"https:\/\/www.mercatflor.cat\/es\/\" title=\"Home\">Home<\/a>\n\t\t<\/span><span class=\"aioseo-breadcrumb-separator\">&raquo;<\/span><span class=\"aioseo-breadcrumb\">\n\t\t\t<a href=\"https:\/\/www.mercatflor.cat\/es\/category\/noticias\/\" title=\"Noticias\">Noticias<\/a>\n\t\t<\/span><span class=\"aioseo-breadcrumb-separator\">&raquo;<\/span><span class=\"aioseo-breadcrumb\">\n\t\t\tEduard Maynegra, 6\u00ba en la Copa de Europa de Art Floral\n\t\t<\/span><\/div>","aioseo_breadcrumb_json":[{"label":"Home","link":"https:\/\/www.mercatflor.cat\/es\/"},{"label":"Noticias","link":"https:\/\/www.mercatflor.cat\/es\/category\/noticias\/"},{"label":"Eduard Maynegra, 6\u00ba en la Copa de Europa de Art Floral","link":"https:\/\/www.mercatflor.cat\/es\/noticias\/2016\/04\/eduard-maynegra-6e-a-la-copa-deuropa\/"}],"_links":{"self":[{"href":"https:\/\/www.mercatflor.cat\/es\/wp-json\/wp\/v2\/posts\/7662","targetHints":{"allow":["GET"]}}],"collection":[{"href":"https:\/\/www.mercatflor.cat\/es\/wp-json\/wp\/v2\/posts"}],"about":[{"href":"https:\/\/www.mercatflor.cat\/es\/wp-json\/wp\/v2\/types\/post"}],"author":[{"embeddable":true,"href":"https:\/\/www.mercatflor.cat\/es\/wp-json\/wp\/v2\/users\/2"}],"replies":[{"embeddable":true,"href":"https:\/\/www.mercatflor.cat\/es\/wp-json\/wp\/v2\/comments?post=7662"}],"version-history":[{"count":2,"href":"https:\/\/www.mercatflor.cat\/es\/wp-json\/wp\/v2\/posts\/7662\/revisions"}],"predecessor-version":[{"id":7664,"href":"https:\/\/www.mercatflor.cat\/es\/wp-json\/wp\/v2\/posts\/7662\/revisions\/7664"}],"wp:featuredmedia":[{"embeddable":true,"href":"https:\/\/www.mercatflor.cat\/es\/wp-json\/wp\/v2\/media\/7590"}],"wp:attachment":[{"href":"https:\/\/www.mercatflor.cat\/es\/wp-json\/wp\/v2\/media?parent=7662"}],"wp:term":[{"taxonomy":"category","embeddable":true,"href":"https:\/\/www.mercatflor.cat\/es\/wp-json\/wp\/v2\/categories?post=7662"},{"taxonomy":"post_tag","embeddable":true,"href":"https:\/\/www.mercatflor.cat\/es\/wp-json\/wp\/v2\/tags?post=7662"}],"curies":[{"name":"wp","href":"https:\/\/api.w.org\/{rel}","templated":true}]}}