{"id":7656,"date":"2016-04-14T11:14:00","date_gmt":"2016-04-14T11:14:00","guid":{"rendered":"http:\/\/www.mercatflor.cat\/sin-categoria-es\/2016\/04\/viles-florides-et-convida-al-salo-de-turisme-de-barcelona-2\/"},"modified":"2016-04-25T14:00:17","modified_gmt":"2016-04-25T14:00:17","slug":"viles-florides-et-convida-al-salo-de-turisme-de-barcelona","status":"publish","type":"post","link":"https:\/\/www.mercatflor.cat\/es\/noticias\/2016\/04\/viles-florides-et-convida-al-salo-de-turisme-de-barcelona\/","title":{"rendered":"Viles Florides te invita al Sal\u00f3n de Turismo de Barcelona"},"content":{"rendered":"<p><a href=\"http:\/\/www.vilesflorides.cat\" target=\"_blank\">Viles Florides<\/a>, el movimiento de la\u00a0Confederaci\u00f3 d&#8217;Horticultura Ornamental de Catalunya que impulsa una red de municipios que fomentan y\u00a0cuidan\u00a0del verde urbano, la jardiner\u00eda y las actividades sostenibles con el medio ambiente, participa de nuevo al\u00a0Sal\u00f3n de Turismo de Barcelona, el B-Travel, que se celebra este fin de semana (del 15 al 17 de abril) en Fira Barcelona.<\/p>\n<p>Y para invitar a todos los socios y clientes del\u00a0Mercat de Flor i Planta Ornamental de Catalunya a visitarles a su estand y disfrutar del Sal\u00f3n, ofrece invitaciones gratu\u00edtas, que pod\u00e9is obtener siguiendo estos pasos:<\/p>\n<ol>\n<li><strong>Entrad a <a href=\"http:\/\/www.b-travel.com\/ca\/entradas\">http:\/\/www.b-travel.com\/ca\/entradas<\/a><\/strong><\/li>\n<li><strong>Despu\u00e9s haced\u00a0la \u201ccompra\u201d on-line y en el momento de pagar os pedir\u00e1\u00a0si se dispone de un c\u00f3digo de invitaci\u00f3n. <\/strong><\/li>\n<li><strong>Introducid el siguiente c\u00f3digo:\u00a0<span style=\"color: #ff0000;\">AA94B29B<\/span> (<em>Se puede usar de modo ilimatado.)<\/em><\/strong><\/li>\n<\/ol>\n<p>&nbsp;<\/p>\n<p>Y ya pod\u00e9is ir a informaros de los mejores destinos tur\u00edsticos para este verano.<\/p>\n<p>\u00a1Buen viaje!<\/p>\n","protected":false},"excerpt":{"rendered":"<p>Viles Florides, el movimiento de la\u00a0Confederaci\u00f3 d&#8217;Horticultura Ornamental de Catalunya que impulsa una red de municipios que fomentan y\u00a0cuidan\u00a0del verde urbano, la jardiner\u00eda y las actividades sostenibles con el medio ambiente, participa de nuevo al\u00a0Sal\u00f3n de Turismo de Barcelona, el B-Travel, que se celebra este fin de semana (del 15 al 17 de abril) en [&hellip;]<\/p>\n","protected":false},"author":2,"featured_media":7638,"comment_status":"closed","ping_status":"closed","sticky":false,"template":"","format":"standard","meta":{"footnotes":""},"categories":[125],"tags":[191,194,272,273],"class_list":["post-7656","post","type-post","status-publish","format-standard","has-post-thumbnail","hentry","category-noticias","tag-flor-es","tag-mercat-es","tag-salo-turisme-es","tag-viles-florides-es"],"aioseo_notices":[],"_links":{"self":[{"href":"https:\/\/www.mercatflor.cat\/es\/wp-json\/wp\/v2\/posts\/7656","targetHints":{"allow":["GET"]}}],"collection":[{"href":"https:\/\/www.mercatflor.cat\/es\/wp-json\/wp\/v2\/posts"}],"about":[{"href":"https:\/\/www.mercatflor.cat\/es\/wp-json\/wp\/v2\/types\/post"}],"author":[{"embeddable":true,"href":"https:\/\/www.mercatflor.cat\/es\/wp-json\/wp\/v2\/users\/2"}],"replies":[{"embeddable":true,"href":"https:\/\/www.mercatflor.cat\/es\/wp-json\/wp\/v2\/comments?post=7656"}],"version-history":[{"count":2,"href":"https:\/\/www.mercatflor.cat\/es\/wp-json\/wp\/v2\/posts\/7656\/revisions"}],"predecessor-version":[{"id":7658,"href":"https:\/\/www.mercatflor.cat\/es\/wp-json\/wp\/v2\/posts\/7656\/revisions\/7658"}],"wp:featuredmedia":[{"embeddable":true,"href":"https:\/\/www.mercatflor.cat\/es\/wp-json\/wp\/v2\/media\/7638"}],"wp:attachment":[{"href":"https:\/\/www.mercatflor.cat\/es\/wp-json\/wp\/v2\/media?parent=7656"}],"wp:term":[{"taxonomy":"category","embeddable":true,"href":"https:\/\/www.mercatflor.cat\/es\/wp-json\/wp\/v2\/categories?post=7656"},{"taxonomy":"post_tag","embeddable":true,"href":"https:\/\/www.mercatflor.cat\/es\/wp-json\/wp\/v2\/tags?post=7656"}],"curies":[{"name":"wp","href":"https:\/\/api.w.org\/{rel}","templated":true}]}}