{"id":7643,"date":"2016-04-13T11:44:03","date_gmt":"2016-04-13T11:44:03","guid":{"rendered":"http:\/\/www.mercatflor.cat\/sin-categoria-es\/2016\/04\/millorem-latencio-al-client-al-departament-comercial-2\/"},"modified":"2016-05-02T13:33:01","modified_gmt":"2016-05-02T13:33:01","slug":"millorem-latencio-al-client-al-departament-comercial","status":"publish","type":"post","link":"https:\/\/www.mercatflor.cat\/es\/noticias\/2016\/04\/millorem-latencio-al-client-al-departament-comercial\/","title":{"rendered":"Mejoramos la atenci\u00f3n al cliente en el Departamento Comercial"},"content":{"rendered":"<p>El Departamento Comercial del Mercat de Flor i Planta ha decidido incorporar una administrativa-comercial para mejorar la atenci\u00f3n al cliente -y tambi\u00e9n al socio-, frente el aumento de actividad generado en esta campa\u00f1a de primavera. Se trata de Noelia L\u00f3pez, una cara conocida en el Mercat ya que en los \u00faltimos ocho meses hab\u00eda estado en el servicio de Informaci\u00f3n, dando atenci\u00f3n personal y telef\u00f3nica.<\/p>\n<p>&nbsp;<\/p>\n<p>&nbsp;<\/p>\n<div id=\"attachment_7633\" style=\"width: 209px\" class=\"wp-caption alignright\"><img loading=\"lazy\" decoding=\"async\" aria-describedby=\"caption-attachment-7633\" class=\"wp-image-7633 size-medium\" src=\"http:\/\/www.mercatflor.cat\/wp-content\/uploads\/2016\/04\/DSC_0002-199x300.jpg\" alt=\"DSC_0002\" width=\"199\" height=\"300\" srcset=\"https:\/\/www.mercatflor.cat\/wp-content\/uploads\/2016\/04\/DSC_0002-199x300.jpg 199w, https:\/\/www.mercatflor.cat\/wp-content\/uploads\/2016\/04\/DSC_0002-106x160.jpg 106w, https:\/\/www.mercatflor.cat\/wp-content\/uploads\/2016\/04\/DSC_0002-768x1160.jpg 768w, https:\/\/www.mercatflor.cat\/wp-content\/uploads\/2016\/04\/DSC_0002-678x1024.jpg 678w\" sizes=\"auto, (max-width: 199px) 100vw, 199px\" \/><p id=\"caption-attachment-7633\" class=\"wp-caption-text\">Noelia L\u00f3pez<\/p><\/div>\n<p>Noelia L\u00f3pez es diplomada\u00a0en Ciencias\u00a0Empresariales y Turismo, \u00a0graduada en Comunicaci\u00f3n Audiovisual, y habla perfectamente ingl\u00e9s y franc\u00e9s. Es por esta raz\u00f3n que reforzar\u00e1 sobretodo la captaci\u00f3n y atenci\u00f3n de los clientes internacionales del Mercat, sobretodo los que provienen del Sur de Francia, cada vez m\u00e1s numerosos.<\/p>\n<p>De este modo, el Mercat quiere impulsar, de modo paulatino y muy medido, su actividad comercial m\u00e1s all\u00e1 del recinto de Venta Directa, ofreciendo servicios de grupaje y transporte para los clientes extranjeros, \u00e1reas alejadas, o que por el volumen de compra no cuentan con veh\u00edculos adecuados.<\/p>\n<p><span style=\"color: #ff0000;\"><strong>Si necesit\u00e1is contactar con el departamento comercial, no dud\u00e9is a llamar al Tel.\u00a0<\/strong><\/span><span style=\"color: #ff0000;\"><strong>+34 93 750 00 00 o escribir\u00a0a comercial@mercatflor.cat y ahora tambi\u00e9n\u00a0noelia@mercatflor.cat<\/strong><\/span><\/p>\n<p>&nbsp;<\/p>\n","protected":false},"excerpt":{"rendered":"<p>El Departamento Comercial del Mercat de Flor i Planta ha decidido incorporar una administrativa-comercial para mejorar la atenci\u00f3n al cliente -y tambi\u00e9n al socio-, frente el aumento de actividad generado en esta campa\u00f1a de primavera. Se trata de Noelia L\u00f3pez, una cara conocida en el Mercat ya que en los \u00faltimos ocho meses hab\u00eda estado [&hellip;]<\/p>\n","protected":false},"author":2,"featured_media":7608,"comment_status":"closed","ping_status":"closed","sticky":false,"template":"","format":"standard","meta":{"footnotes":""},"categories":[125],"tags":[268,191,269,194,195],"class_list":["post-7643","post","type-post","status-publish","format-standard","has-post-thumbnail","hentry","category-noticias","tag-comercial-es","tag-flor-es","tag-grupatge-es","tag-mercat-es","tag-planta-es"],"aioseo_notices":[],"_links":{"self":[{"href":"https:\/\/www.mercatflor.cat\/es\/wp-json\/wp\/v2\/posts\/7643","targetHints":{"allow":["GET"]}}],"collection":[{"href":"https:\/\/www.mercatflor.cat\/es\/wp-json\/wp\/v2\/posts"}],"about":[{"href":"https:\/\/www.mercatflor.cat\/es\/wp-json\/wp\/v2\/types\/post"}],"author":[{"embeddable":true,"href":"https:\/\/www.mercatflor.cat\/es\/wp-json\/wp\/v2\/users\/2"}],"replies":[{"embeddable":true,"href":"https:\/\/www.mercatflor.cat\/es\/wp-json\/wp\/v2\/comments?post=7643"}],"version-history":[{"count":2,"href":"https:\/\/www.mercatflor.cat\/es\/wp-json\/wp\/v2\/posts\/7643\/revisions"}],"predecessor-version":[{"id":7645,"href":"https:\/\/www.mercatflor.cat\/es\/wp-json\/wp\/v2\/posts\/7643\/revisions\/7645"}],"wp:featuredmedia":[{"embeddable":true,"href":"https:\/\/www.mercatflor.cat\/es\/wp-json\/wp\/v2\/media\/7608"}],"wp:attachment":[{"href":"https:\/\/www.mercatflor.cat\/es\/wp-json\/wp\/v2\/media?parent=7643"}],"wp:term":[{"taxonomy":"category","embeddable":true,"href":"https:\/\/www.mercatflor.cat\/es\/wp-json\/wp\/v2\/categories?post=7643"},{"taxonomy":"post_tag","embeddable":true,"href":"https:\/\/www.mercatflor.cat\/es\/wp-json\/wp\/v2\/tags?post=7643"}],"curies":[{"name":"wp","href":"https:\/\/api.w.org\/{rel}","templated":true}]}}