{"id":7559,"date":"2016-04-04T10:01:59","date_gmt":"2016-04-04T10:01:59","guid":{"rendered":"http:\/\/www.mercatflor.cat\/sin-categoria-es\/2016\/04\/tot-el-nostre-suport-a-eduard-maynegra-per-la-copa-deuropa-dart-floral-2\/"},"modified":"2016-04-08T11:52:25","modified_gmt":"2016-04-08T11:52:25","slug":"tot-el-nostre-suport-a-eduard-maynegra-per-la-copa-deuropa-dart-floral","status":"publish","type":"post","link":"https:\/\/www.mercatflor.cat\/es\/noticias\/2016\/04\/tot-el-nostre-suport-a-eduard-maynegra-per-la-copa-deuropa-dart-floral\/","title":{"rendered":"Todo nuestro apoyo a Eduard Maynegra en la Copa de Europa de Arte Floral"},"content":{"rendered":"<p>El florista Eduard Maynegra, de Flors Laguarda de Santa Coloma de Farners, competir\u00e1 los pr\u00f3ximos 8 y 9 de abril en la Copa de Europa de Arte Floral que tendr\u00e1 lugar en G\u00e9nova, Italia.<\/p>\n<p>En este reto, que asume como actual campe\u00f3n de Espa\u00f1a de Arte Floral, cuenta con el apoyo del Mercat de Flor\u00a0i\u00a0Planta Ornamental de Catalunya, que queremos as\u00ed impulsar la flor\u00edstica de nuestro pa\u00eds y darle un merecido eco internacional.<\/p>\n<p>&nbsp;<\/p>\n<p>Eduard Maynegra tendr\u00e1 que\u00a0realizar un total de seis\u00a0trabajos\u00a0florales:<\/p>\n<p>Trabajo\u00a01: Parata Florale di San Remo<\/p>\n<p>Trabajo\u00a02: Pasta, Pesto e Fiori<\/p>\n<p>Trabajo\u00a03: Matrimonio in Vespa<\/p>\n<p>Trabajo\u00a04: Piante e fashion di un designer italiano<\/p>\n<p>Trabajo\u00a05: Amore e Lussuria<\/p>\n<p>Trabajo\u00a06: Primavera a sorpresa<\/p>\n<p>&nbsp;<\/p>\n<p>Esperamos que Eduard retorne de Italia vencedor de esta Copa de Europa.<\/p>\n<p>Animemoslo en las redes sociales con &#8230; #EndavantEduard!<\/p>\n<p>Pulsa sobre el logo de la Copa de Europa para descargar el programa de la competici\u00f3n, conocer todos los participantes y los miembros del jurado.<\/p>\n<p><a href=\"http:\/\/europacup2016.com\/wp-content\/uploads\/2016\/03\/Europa-Cup-2016-Brochure-.pdf\" target=\"_blank\"><img loading=\"lazy\" decoding=\"async\" class=\" wp-image-7556\" src=\"http:\/\/www.mercatflor.cat\/wp-content\/uploads\/2016\/04\/Logo-Europa_Cup-300x152.jpg\" alt=\"Europa Cup Florint\" width=\"373\" height=\"189\" srcset=\"https:\/\/www.mercatflor.cat\/wp-content\/uploads\/2016\/04\/Logo-Europa_Cup-300x152.jpg 300w, https:\/\/www.mercatflor.cat\/wp-content\/uploads\/2016\/04\/Logo-Europa_Cup-214x109.jpg 214w, https:\/\/www.mercatflor.cat\/wp-content\/uploads\/2016\/04\/Logo-Europa_Cup-768x389.jpg 768w, https:\/\/www.mercatflor.cat\/wp-content\/uploads\/2016\/04\/Logo-Europa_Cup-1024x519.jpg 1024w\" sizes=\"auto, (max-width: 373px) 100vw, 373px\" \/><\/a><\/p>\n","protected":false},"excerpt":{"rendered":"<p>El florista Eduard Maynegra, de Flors Laguarda de Santa Coloma de Farners, competir\u00e1 los pr\u00f3ximos 8 y 9 de abril en la Copa de Europa de Arte Floral que tendr\u00e1 lugar en G\u00e9nova, Italia. En este reto, que asume como actual campe\u00f3n de Espa\u00f1a de Arte Floral, cuenta con el apoyo del Mercat de Flor\u00a0i\u00a0Planta [&hellip;]<\/p>\n","protected":false},"author":2,"featured_media":7553,"comment_status":"closed","ping_status":"closed","sticky":false,"template":"","format":"standard","meta":{"footnotes":""},"categories":[125],"tags":[251,252,253,254,191,255,256,257,194,195],"class_list":["post-7559","post","type-post","status-publish","format-standard","has-post-thumbnail","hentry","category-noticias","tag-art-es","tag-copa-es","tag-eduard-es","tag-europa-es","tag-flor-es","tag-floral-es","tag-florint-es","tag-maynegra-es","tag-mercat-es","tag-planta-es"],"aioseo_notices":[],"_links":{"self":[{"href":"https:\/\/www.mercatflor.cat\/es\/wp-json\/wp\/v2\/posts\/7559","targetHints":{"allow":["GET"]}}],"collection":[{"href":"https:\/\/www.mercatflor.cat\/es\/wp-json\/wp\/v2\/posts"}],"about":[{"href":"https:\/\/www.mercatflor.cat\/es\/wp-json\/wp\/v2\/types\/post"}],"author":[{"embeddable":true,"href":"https:\/\/www.mercatflor.cat\/es\/wp-json\/wp\/v2\/users\/2"}],"replies":[{"embeddable":true,"href":"https:\/\/www.mercatflor.cat\/es\/wp-json\/wp\/v2\/comments?post=7559"}],"version-history":[{"count":3,"href":"https:\/\/www.mercatflor.cat\/es\/wp-json\/wp\/v2\/posts\/7559\/revisions"}],"predecessor-version":[{"id":7576,"href":"https:\/\/www.mercatflor.cat\/es\/wp-json\/wp\/v2\/posts\/7559\/revisions\/7576"}],"wp:featuredmedia":[{"embeddable":true,"href":"https:\/\/www.mercatflor.cat\/es\/wp-json\/wp\/v2\/media\/7553"}],"wp:attachment":[{"href":"https:\/\/www.mercatflor.cat\/es\/wp-json\/wp\/v2\/media?parent=7559"}],"wp:term":[{"taxonomy":"category","embeddable":true,"href":"https:\/\/www.mercatflor.cat\/es\/wp-json\/wp\/v2\/categories?post=7559"},{"taxonomy":"post_tag","embeddable":true,"href":"https:\/\/www.mercatflor.cat\/es\/wp-json\/wp\/v2\/tags?post=7559"}],"curies":[{"name":"wp","href":"https:\/\/api.w.org\/{rel}","templated":true}]}}