{"id":7500,"date":"2016-03-18T10:52:45","date_gmt":"2016-03-18T10:52:45","guid":{"rendered":"http:\/\/www.mercatflor.cat\/?p=7500"},"modified":"2016-03-18T10:59:52","modified_gmt":"2016-03-18T10:59:52","slug":"pascuas-en-el-mercat-dias-de-apertura","status":"publish","type":"post","link":"https:\/\/www.mercatflor.cat\/es\/noticias\/2016\/03\/pascuas-en-el-mercat-dias-de-apertura\/","title":{"rendered":"Pascuas en el Mercat: D\u00edas de apertura"},"content":{"rendered":"<p>Os\u00a0informamos\u00a0que el pr\u00f3ximo viernes <strong>25 de marzo<\/strong>, en motivo\u00a0de la festividad de Viernes Santo, el Mercat de Flor i Planta Ornamental de Catalunya permanecer\u00e1\u00a0<strong>CERRADO<\/strong>.<\/p>\n<p>As\u00ed mismo, el Lunes de Pascua, d\u00eda 28 de marzo, aun y ser igualmente festivo en Catalu\u00f1a, el Mercat abrir\u00e1\u00a0de modo EXTRAORDINARIO en horario reducido, de 9 a 13 horas.<\/p>\n<p>&nbsp;<\/p>\n<p>&nbsp;<\/p>\n<p>Por tanto, los horarios de\u00a0Semana Santa ser\u00e1n:<\/p>\n<p><strong><span style=\"text-decoration: underline;\">Lunes 21 de mar\u00e7<\/span>: De 9 a 13 y de 15 a 17 horas.<\/strong><br \/>\n<strong><span style=\"text-decoration: underline;\">Mi\u00e9rcoles 23 de mar\u00e7<\/span>: De 9 a 13 y de 15 a 17 horas.<\/strong><br \/>\n<strong><span style=\"text-decoration: underline;\">Viernes 25 de mar\u00e7<\/span>\u00a0(Viernes Santo): <span style=\"color: #ff0000;\">CERRADO<\/span><\/strong><br \/>\n<strong><span style=\"text-decoration: underline;\">Lunes 28 de mar\u00e7<\/span>\u00a0(Lunes\u00a0de Pascua): <span style=\"color: #ff0000;\">MERCADO EXTRAORDINARIO<\/span> de 9 a 13 horas.<\/strong><\/p>\n","protected":false},"excerpt":{"rendered":"<p>Os\u00a0informamos\u00a0que el pr\u00f3ximo viernes 25 de marzo, en motivo\u00a0de la festividad de Viernes Santo, el Mercat de Flor i Planta Ornamental de Catalunya permanecer\u00e1\u00a0CERRADO. As\u00ed mismo, el Lunes de Pascua, d\u00eda 28 de marzo, aun y ser igualmente festivo en Catalu\u00f1a, el Mercat abrir\u00e1\u00a0de modo EXTRAORDINARIO en horario reducido, de 9 a 13 horas. &nbsp; [&hellip;]<\/p>\n","protected":false},"author":2,"featured_media":7504,"comment_status":"closed","ping_status":"closed","sticky":false,"template":"","format":"standard","meta":{"footnotes":""},"categories":[125],"tags":[],"class_list":["post-7500","post","type-post","status-publish","format-standard","has-post-thumbnail","hentry","category-noticias"],"aioseo_notices":[],"_links":{"self":[{"href":"https:\/\/www.mercatflor.cat\/es\/wp-json\/wp\/v2\/posts\/7500","targetHints":{"allow":["GET"]}}],"collection":[{"href":"https:\/\/www.mercatflor.cat\/es\/wp-json\/wp\/v2\/posts"}],"about":[{"href":"https:\/\/www.mercatflor.cat\/es\/wp-json\/wp\/v2\/types\/post"}],"author":[{"embeddable":true,"href":"https:\/\/www.mercatflor.cat\/es\/wp-json\/wp\/v2\/users\/2"}],"replies":[{"embeddable":true,"href":"https:\/\/www.mercatflor.cat\/es\/wp-json\/wp\/v2\/comments?post=7500"}],"version-history":[{"count":2,"href":"https:\/\/www.mercatflor.cat\/es\/wp-json\/wp\/v2\/posts\/7500\/revisions"}],"predecessor-version":[{"id":7505,"href":"https:\/\/www.mercatflor.cat\/es\/wp-json\/wp\/v2\/posts\/7500\/revisions\/7505"}],"wp:featuredmedia":[{"embeddable":true,"href":"https:\/\/www.mercatflor.cat\/es\/wp-json\/wp\/v2\/media\/7504"}],"wp:attachment":[{"href":"https:\/\/www.mercatflor.cat\/es\/wp-json\/wp\/v2\/media?parent=7500"}],"wp:term":[{"taxonomy":"category","embeddable":true,"href":"https:\/\/www.mercatflor.cat\/es\/wp-json\/wp\/v2\/categories?post=7500"},{"taxonomy":"post_tag","embeddable":true,"href":"https:\/\/www.mercatflor.cat\/es\/wp-json\/wp\/v2\/tags?post=7500"}],"curies":[{"name":"wp","href":"https:\/\/api.w.org\/{rel}","templated":true}]}}