{"id":7468,"date":"2016-03-01T10:40:09","date_gmt":"2016-03-01T10:40:09","guid":{"rendered":"http:\/\/www.mercatflor.cat\/sin-categoria-es\/2016\/03\/lart-floral-i-la-formacio-protagonistes-a-la-setmana-gran-2\/"},"modified":"2016-03-02T14:21:14","modified_gmt":"2016-03-02T14:21:14","slug":"lart-floral-i-la-formacio-protagonistes-a-la-setmana-gran","status":"publish","type":"post","link":"https:\/\/www.mercatflor.cat\/es\/noticias\/2016\/03\/lart-floral-i-la-formacio-protagonistes-a-la-setmana-gran\/","title":{"rendered":"El arte floral y la formaci\u00f3n, protagonistas de la Semana Grande"},"content":{"rendered":"<p><a href=\"http:\/\/www.mercatflor.cat\/es\/noticias\/2016\/02\/celebrem-la-nostra-setmana-gran\/\" target=\"_blank\">La celebraci\u00f3n de la <span style=\"color: #ff0000;\"><strong>SEMANA GRAN<\/strong><\/span><strong><span style=\"color: #ff0000;\">DE<\/span><\/strong><\/a> del Mercat los\u00a0pr\u00f3ximos 7, 9\u00a0y\u00a011 de marzo incluye este a\u00f1o una magn\u00edfica propuesta formativa en arte floral para clientes y profesionales de la florister\u00eda a cargo de <strong><a href=\"http:\/\/www.floos.org\" target=\"_blank\">FLOOS, a crafter&#8217;s secret<\/a>,<\/strong> la plataforma de recetas florales dirigida por Carles Jubany.<\/p>\n<p>Se\u00a0trata de un conjunto de demostraciones de arte floral que se har\u00e1n cada ma\u00f1ana y que se van a complementar por las tardes con\u00a0unos talleres donde\u00a0los\u00a0participantes podr\u00e1n elaborar algunos de los trabajos que habr\u00e1n visto en la sesi\u00f3n matinal.<\/p>\n<p>El programa de las jornadas es el siguiente:<\/p>\n<p><span style=\"color: #ff0000;\">Lunes\u00a07:<\/span>\u00a0<strong><em>Nuestra<strong>\u00a0<\/strong>florister\u00eda<\/em><\/strong>\u00a0con Brigitte Heinrichs (Alemania)<\/p>\n<ul>\n<li>11h. Demostraci\u00f3n<\/li>\n<li>15h. Curso<\/li>\n<\/ul>\n<p><span style=\"color: #ff0000;\">Mi\u00e9rcoles\u00a09:<\/span> \u00a0<strong><em>Plantaci\u00f3n de primavera<\/em><\/strong>\u00a0con\u00a0Brigitte Heinrichs (Alemania) y\u00a0Joseph Massie (Inglaterra)<\/p>\n<ul>\n<li>11h. Demostraci\u00f3n<\/li>\n<li>15h. Curso<\/li>\n<\/ul>\n<p><span style=\"color: #ff0000;\">Viernes\u00a011:<\/span> <strong><em>Bouquets contempor\u00e1neos<\/em><\/strong>\u00a0conJoseph Massie (Inglaterra)<\/p>\n<ul>\n<li>11h. Demostraci\u00f3n<\/li>\n<li>15h. Curso<\/li>\n<\/ul>\n<p>&nbsp;<\/p>\n<p><span style=\"color: #339966;\"><span style=\"color: #000000;\">Conoce<\/span><a href=\"http:\/\/www.mercatflor.cat\/sin-categoria\/2016\/03\/els-professors-dart-floral-de-la-setmana-gran\/\" target=\"_blank\"><span style=\"color: #000000;\">\u00a0<\/span><\/a><strong><a href=\"http:\/\/www.mercatflor.cat\/es\/sin-categoria\/2016\/03\/els-professors-dart-floral-de-la-setmana-gran\/\" target=\"_blank\">AQU\u00cd\u00a0<\/a><\/strong><\/span>la trayectoria de los profesores\/autores de <strong>FLOOS<\/strong> que toman parte en\u00a0la <span style=\"color: #ff0000;\"><strong>Semana Grande<\/strong><\/span>.<\/p>\n<p>Para participar es necesario ser comprador registrado del Mercat e\u00a0inscribirse\u00a0previamente llamando\u00a0al Tel. 937 500 000 o enviando un email a <a href=\"mailto:promocio@mercatflor.cat\">promocio@mercatflor.cat<\/a><\/p>\n<p>&nbsp;<\/p>\n<p>&nbsp;<\/p>\n<p>&nbsp;<\/p>\n","protected":false},"excerpt":{"rendered":"<p>La celebraci\u00f3n de la SEMANA GRANDE del Mercat los\u00a0pr\u00f3ximos 7, 9\u00a0y\u00a011 de marzo incluye este a\u00f1o una magn\u00edfica propuesta formativa en arte floral para clientes y profesionales de la florister\u00eda a cargo de FLOOS, a crafter&#8217;s secret, la plataforma de recetas florales dirigida por Carles Jubany. Se\u00a0trata de un conjunto de demostraciones de arte floral [&hellip;]<\/p>\n","protected":false},"author":2,"featured_media":7460,"comment_status":"closed","ping_status":"closed","sticky":false,"template":"","format":"standard","meta":{"footnotes":""},"categories":[125],"tags":[],"class_list":["post-7468","post","type-post","status-publish","format-standard","has-post-thumbnail","hentry","category-noticias"],"aioseo_notices":[],"_links":{"self":[{"href":"https:\/\/www.mercatflor.cat\/es\/wp-json\/wp\/v2\/posts\/7468","targetHints":{"allow":["GET"]}}],"collection":[{"href":"https:\/\/www.mercatflor.cat\/es\/wp-json\/wp\/v2\/posts"}],"about":[{"href":"https:\/\/www.mercatflor.cat\/es\/wp-json\/wp\/v2\/types\/post"}],"author":[{"embeddable":true,"href":"https:\/\/www.mercatflor.cat\/es\/wp-json\/wp\/v2\/users\/2"}],"replies":[{"embeddable":true,"href":"https:\/\/www.mercatflor.cat\/es\/wp-json\/wp\/v2\/comments?post=7468"}],"version-history":[{"count":4,"href":"https:\/\/www.mercatflor.cat\/es\/wp-json\/wp\/v2\/posts\/7468\/revisions"}],"predecessor-version":[{"id":7472,"href":"https:\/\/www.mercatflor.cat\/es\/wp-json\/wp\/v2\/posts\/7468\/revisions\/7472"}],"wp:featuredmedia":[{"embeddable":true,"href":"https:\/\/www.mercatflor.cat\/es\/wp-json\/wp\/v2\/media\/7460"}],"wp:attachment":[{"href":"https:\/\/www.mercatflor.cat\/es\/wp-json\/wp\/v2\/media?parent=7468"}],"wp:term":[{"taxonomy":"category","embeddable":true,"href":"https:\/\/www.mercatflor.cat\/es\/wp-json\/wp\/v2\/categories?post=7468"},{"taxonomy":"post_tag","embeddable":true,"href":"https:\/\/www.mercatflor.cat\/es\/wp-json\/wp\/v2\/tags?post=7468"}],"curies":[{"name":"wp","href":"https:\/\/api.w.org\/{rel}","templated":true}]}}