{"id":7457,"date":"2016-03-01T10:48:56","date_gmt":"2016-03-01T10:48:56","guid":{"rendered":"http:\/\/www.mercatflor.cat\/sin-categoria\/2016\/03\/els-professors-dart-floral-de-la-setmana-gran-2\/"},"modified":"2016-03-02T12:23:25","modified_gmt":"2016-03-02T12:23:25","slug":"els-professors-dart-floral-de-la-setmana-gran","status":"publish","type":"post","link":"https:\/\/www.mercatflor.cat\/es\/sin-categoria-es\/2016\/03\/els-professors-dart-floral-de-la-setmana-gran\/","title":{"rendered":"Los profesores de arte floral de la Semana Grande"},"content":{"rendered":"<p>&nbsp;<\/p>\n<p>Aqu\u00ed tienes\u00a0los\u00a0curr\u00edculums de los profesores\/autores que har\u00e1n las demostraciones y talleres de la Semana Grande:<\/p>\n<p><em> (Fuente de los textos y las fotograf\u00edas: www.floos.org)<\/em><\/p>\n<p>&nbsp;<\/p>\n<p>&nbsp;<\/p>\n<p>&nbsp;<\/p>\n<p><strong>CARLES JUBANY<\/strong><\/p>\n<p><a href=\"http:\/\/www.floos.org\/\">http:\/\/www.floos.org<\/a><\/p>\n<p><img loading=\"lazy\" decoding=\"async\" class=\"size-medium wp-image-7439 alignright\" src=\"http:\/\/www.mercatflor.cat\/wp-content\/uploads\/2016\/03\/Jubany1-300x270.jpg\" alt=\"Jubany1\" width=\"300\" height=\"270\" srcset=\"https:\/\/www.mercatflor.cat\/wp-content\/uploads\/2016\/03\/Jubany1-300x270.jpg 300w, https:\/\/www.mercatflor.cat\/wp-content\/uploads\/2016\/03\/Jubany1-178x160.jpg 178w, https:\/\/www.mercatflor.cat\/wp-content\/uploads\/2016\/03\/Jubany1.jpg 465w\" sizes=\"auto, (max-width: 300px) 100vw, 300px\" \/>Carles naci\u00f3 entre las flores&#8230; En el a\u00f1o 1925, sus abuelos maternos abrieron la primera florister\u00eda en Sant Celoni (Barcelona). \u00c9l forma parte de la tercera generaci\u00f3n de floristas de \u201cCan Fontanillas\u201d. Su recorrido en el dise\u00f1o floral se inicia a los 17 a\u00f1os, cuando comienza a formarse en las escuelas catalanas de Arte Floral. A lo largo de estos a\u00f1os se ha formado asistiendo a seminarios con profesores reconocidos internacionalmente.<\/p>\n<p>Tambi\u00e9n trabaja habitualmente como docente en talleres, seminarios y demostraciones en varios pa\u00edses: Grecia, Rumania, Francia, Inglaterra, Irlanda, Escocia, Gales, Alemania, Uruguay, EEUU, M\u00e9jico, Espa\u00f1a y Catalunya. Actualmente es el propietario de dos florister\u00edas, donde trabaja con todo tipo de dise\u00f1os florales.<\/p>\n<p>&nbsp;<\/p>\n<p><strong>BRIGITTE HEINRICHS<\/strong><\/p>\n<p><a href=\"http:\/\/www.brigitteheinrichs.com\/\">http:\/\/www.brigitteheinrichs.com<\/a><\/p>\n<p><img loading=\"lazy\" decoding=\"async\" class=\"alignleft size-medium wp-image-7437\" src=\"http:\/\/www.mercatflor.cat\/wp-content\/uploads\/2016\/03\/Brigitte-300x270.jpg\" alt=\"Brigitte\" width=\"300\" height=\"270\" srcset=\"https:\/\/www.mercatflor.cat\/wp-content\/uploads\/2016\/03\/Brigitte-300x270.jpg 300w, https:\/\/www.mercatflor.cat\/wp-content\/uploads\/2016\/03\/Brigitte-178x160.jpg 178w, https:\/\/www.mercatflor.cat\/wp-content\/uploads\/2016\/03\/Brigitte.jpg 465w\" sizes=\"auto, (max-width: 300px) 100vw, 300px\" \/>Dise\u00f1ar con materiales naturales es su idea principal. As\u00ed que se ha asociado constantemente el lema\u00a0\u00abProyectar con la naturaleza\u00bb\u00a0a\u00a0su trabajo.<\/p>\n<p>La maestra\u00a0florista vive en Alemania y su trabajo la lleva por todo el pa\u00eds y, de hecho, por el resto del mundo: ha trabajado y demostrado\u00a0en Inglaterra, Escocia, Polonia, Dinamarca, Austria, Suiza, Italia y Espa\u00f1a, pero tambi\u00e9n en Rusia, China, Dubai, Macao, Hong Kong, Corea, Taiw\u00e1n, Malasia y Pakist\u00e1n, Australia y Nueva Zelanda.<\/p>\n<p>Adquiri\u00f3 experiencia profesional trabajando con Gregor Lersch en Bad Neuenahr (Alemania), Gail Jones en Hamilton (Nueva Zelanda) y en varios dise\u00f1os de presentaci\u00f3n y exposici\u00f3n nacional e internacional, tales como \u00abLa Presentaci\u00f3n del dise\u00f1o de la flor alemana\u00bb en el\u00a0Floritopia\u00a0en Corea, encargado por el Ministerio de Agricultura alem\u00e1n.<\/p>\n<p>&nbsp;<\/p>\n<p><strong>JOSEPH MASSIE<\/strong><\/p>\n<p><a href=\"http:\/\/www.josephmassie.com\/\">http:\/\/www.josephmassie.com\/<\/a><\/p>\n<p><img loading=\"lazy\" decoding=\"async\" class=\"size-medium wp-image-7440 alignright\" src=\"http:\/\/www.mercatflor.cat\/wp-content\/uploads\/2016\/03\/Massie1-300x270.jpg\" alt=\"Massie1\" width=\"300\" height=\"270\" srcset=\"https:\/\/www.mercatflor.cat\/wp-content\/uploads\/2016\/03\/Massie1-300x270.jpg 300w, https:\/\/www.mercatflor.cat\/wp-content\/uploads\/2016\/03\/Massie1-178x160.jpg 178w, https:\/\/www.mercatflor.cat\/wp-content\/uploads\/2016\/03\/Massie1.jpg 465w\" sizes=\"auto, (max-width: 300px) 100vw, 300px\" \/>Los medios de comunicaci\u00f3n se refieren a Joseph como \u00abel artista floral de su generaci\u00f3n &#8216;, Joseph Massie es ampliamente considerado como uno de los mejores artistas bot\u00e1nicos de Europa. Con apenas\u00a0catorce a\u00f1os, Joseph quer\u00eda desesperadamente un trabajo de fin de semana, y despu\u00e9s de superar las pruebas\u00a0con \u00e9xito consigui\u00f3 un trabajo en una florister\u00eda en su ciudad natal. Liverpool, Reino Unido. Evolucionando para\u00a0perseguir su pasi\u00f3n, Joseph auto financi\u00f3 sus estudios y comenz\u00f3 a perfeccionar su pr\u00e1ctica y desarrollar un esp\u00edritu creativo, participando en intensas sesiones de entrenamiento con los mejores dise\u00f1adores y artistas internacionales. Joseph comenz\u00f3 a participar en concursos regionales, seguido de concursos de dise\u00f1o floral nacionales, y a los diecinueve a\u00f1os de edad, gan\u00f3 su primer concurso nacional de dise\u00f1o, el BFA joven florista del A\u00f1o 2007.<\/p>\n<p>Despu\u00e9s de su victoria por el t\u00edtulo nacional, Joseph dio sus primeros pasos en el escenario mundial en Eurofleurs (B\u00e9lgica, Bruselas, &#8217;08). El \u00e9xito europeo fue seguido en r\u00e1pida sucesi\u00f3n al competir en el muy respetado Competencia WorldSkills 40a (Calgary, Canad\u00e1, 09), donde se convirti\u00f3 en el primer y \u00fanico competidor del Reino Unido para siempre llevar a casa una medalla de bronce, (en el puesto tercero en el mundo) en Floristas. Joseph complet\u00f3 su extraordinaria carrera internacional al terminar Medalla de Plata (en el puesto segundo en Europa) a Eurofleurs, el Campeonato Europeo de la Juventud (Manchester, Reino Unido) en 2010.<\/p>\n<p>Sus logros fueron repetidos en su tierra natal, ganando diecisiete concursos nacionales e internacionales y premios, entre ellos cinco medallas de oro consecutivas RHS &#8211; y cuatro premios Best in Show &#8211; en el mundialmente conocido RHS Chelsea Flower Show (&#8217;09 \/ &#8217;10 \/ &#8217;11 \/ &#8217;12 \/ &#8217;13).\u00a0Joseph es la persona m\u00e1s joven en lograr esta haza\u00f1a.<\/p>\n<p>&nbsp;<\/p>\n","protected":false},"excerpt":{"rendered":"<p>&nbsp; Aqu\u00ed tienes\u00a0los\u00a0curr\u00edculums de los profesores\/autores que har\u00e1n las demostraciones y talleres de la Semana Grande: (Fuente de los textos y las fotograf\u00edas: www.floos.org) &nbsp; &nbsp; &nbsp; CARLES JUBANY http:\/\/www.floos.org Carles naci\u00f3 entre las flores&#8230; En el a\u00f1o 1925, sus abuelos maternos abrieron la primera florister\u00eda en Sant Celoni (Barcelona). \u00c9l forma parte de la [&hellip;]<\/p>\n","protected":false},"author":2,"featured_media":7462,"comment_status":"closed","ping_status":"closed","sticky":false,"template":"","format":"standard","meta":{"footnotes":""},"categories":[4],"tags":[],"class_list":["post-7457","post","type-post","status-publish","format-standard","has-post-thumbnail","hentry","category-sin-categoria-es"],"aioseo_notices":[],"_links":{"self":[{"href":"https:\/\/www.mercatflor.cat\/es\/wp-json\/wp\/v2\/posts\/7457","targetHints":{"allow":["GET"]}}],"collection":[{"href":"https:\/\/www.mercatflor.cat\/es\/wp-json\/wp\/v2\/posts"}],"about":[{"href":"https:\/\/www.mercatflor.cat\/es\/wp-json\/wp\/v2\/types\/post"}],"author":[{"embeddable":true,"href":"https:\/\/www.mercatflor.cat\/es\/wp-json\/wp\/v2\/users\/2"}],"replies":[{"embeddable":true,"href":"https:\/\/www.mercatflor.cat\/es\/wp-json\/wp\/v2\/comments?post=7457"}],"version-history":[{"count":3,"href":"https:\/\/www.mercatflor.cat\/es\/wp-json\/wp\/v2\/posts\/7457\/revisions"}],"predecessor-version":[{"id":7467,"href":"https:\/\/www.mercatflor.cat\/es\/wp-json\/wp\/v2\/posts\/7457\/revisions\/7467"}],"wp:featuredmedia":[{"embeddable":true,"href":"https:\/\/www.mercatflor.cat\/es\/wp-json\/wp\/v2\/media\/7462"}],"wp:attachment":[{"href":"https:\/\/www.mercatflor.cat\/es\/wp-json\/wp\/v2\/media?parent=7457"}],"wp:term":[{"taxonomy":"category","embeddable":true,"href":"https:\/\/www.mercatflor.cat\/es\/wp-json\/wp\/v2\/categories?post=7457"},{"taxonomy":"post_tag","embeddable":true,"href":"https:\/\/www.mercatflor.cat\/es\/wp-json\/wp\/v2\/tags?post=7457"}],"curies":[{"name":"wp","href":"https:\/\/api.w.org\/{rel}","templated":true}]}}