{"id":7414,"date":"2016-02-22T18:53:40","date_gmt":"2016-02-22T18:53:40","guid":{"rendered":"http:\/\/www.mercatflor.cat\/sin-categoria-es\/2016\/02\/el-mercat-no-difon-preus-en-cap-pagina-web-2\/"},"modified":"2016-03-02T15:10:07","modified_gmt":"2016-03-02T15:10:07","slug":"el-mercat-no-difon-preus-en-cap-pagina-web","status":"publish","type":"post","link":"https:\/\/www.mercatflor.cat\/es\/noticias\/2016\/02\/el-mercat-no-difon-preus-en-cap-pagina-web\/","title":{"rendered":"El Mercat NO difunde precios en ninguna p\u00e1gina web"},"content":{"rendered":"<p>El Mercat de Flor i Planta Ornamental de Catalunya\u00a0NO vende ni difunde precios ni disponibles de flores, plantas ni complementos en ninguna p\u00e1gina web. Por ahora, el Mercat s\u00f3lo facilita esta informaci\u00f3n a profesionales debidamente registrados que se ponen en contacto con el Departamento comercial.<\/p>\n<p><span style=\"text-decoration: underline;\">Las webs en las que se publican listas de precios y disponibles de productos de la venta directa son ajenas al propio Mercado<\/span>. Es por esta raz\u00f3n que no nos hacemos responsables de su veracidad ni de las posibles incidencias que puedan generar entre los que a trav\u00e9s de ellas realicen sus compras.<\/p>\n<p><strong>La futura puesta en marcha de la venta online oficial del Mercado de Flor y Planta se comunicar\u00e1 debidamente y por diversas v\u00edas a socios y clientes.<\/strong><\/p>\n","protected":false},"excerpt":{"rendered":"<p>El Mercat de Flor i Planta Ornamental de Catalunya\u00a0NO vende ni difunde precios ni disponibles de flores, plantas ni complementos en ninguna p\u00e1gina web. Por ahora, el Mercat s\u00f3lo facilita esta informaci\u00f3n a profesionales debidamente registrados que se ponen en contacto con el Departamento comercial. Las webs en las que se publican listas de precios [&hellip;]<\/p>\n","protected":false},"author":2,"featured_media":7412,"comment_status":"closed","ping_status":"closed","sticky":false,"template":"","format":"standard","meta":{"footnotes":""},"categories":[125],"tags":[191,194,195,235,236],"class_list":["post-7414","post","type-post","status-publish","format-standard","has-post-thumbnail","hentry","category-noticias","tag-flor-es","tag-mercat-es","tag-planta-es","tag-preus-es","tag-web-es"],"aioseo_notices":[],"_links":{"self":[{"href":"https:\/\/www.mercatflor.cat\/es\/wp-json\/wp\/v2\/posts\/7414","targetHints":{"allow":["GET"]}}],"collection":[{"href":"https:\/\/www.mercatflor.cat\/es\/wp-json\/wp\/v2\/posts"}],"about":[{"href":"https:\/\/www.mercatflor.cat\/es\/wp-json\/wp\/v2\/types\/post"}],"author":[{"embeddable":true,"href":"https:\/\/www.mercatflor.cat\/es\/wp-json\/wp\/v2\/users\/2"}],"replies":[{"embeddable":true,"href":"https:\/\/www.mercatflor.cat\/es\/wp-json\/wp\/v2\/comments?post=7414"}],"version-history":[{"count":2,"href":"https:\/\/www.mercatflor.cat\/es\/wp-json\/wp\/v2\/posts\/7414\/revisions"}],"predecessor-version":[{"id":7480,"href":"https:\/\/www.mercatflor.cat\/es\/wp-json\/wp\/v2\/posts\/7414\/revisions\/7480"}],"wp:featuredmedia":[{"embeddable":true,"href":"https:\/\/www.mercatflor.cat\/es\/wp-json\/wp\/v2\/media\/7412"}],"wp:attachment":[{"href":"https:\/\/www.mercatflor.cat\/es\/wp-json\/wp\/v2\/media?parent=7414"}],"wp:term":[{"taxonomy":"category","embeddable":true,"href":"https:\/\/www.mercatflor.cat\/es\/wp-json\/wp\/v2\/categories?post=7414"},{"taxonomy":"post_tag","embeddable":true,"href":"https:\/\/www.mercatflor.cat\/es\/wp-json\/wp\/v2\/tags?post=7414"}],"curies":[{"name":"wp","href":"https:\/\/api.w.org\/{rel}","templated":true}]}}