{"id":6681,"date":"2016-01-19T10:10:29","date_gmt":"2016-01-19T10:10:29","guid":{"rendered":"http:\/\/www.mercatflor.cat\/sin-categoria-es\/2016\/01\/et-convidem-a-expohogar-primavera-2\/"},"modified":"2016-01-20T10:57:40","modified_gmt":"2016-01-20T10:57:40","slug":"et-convidem-a-expohogar-primavera","status":"publish","type":"post","link":"https:\/\/www.mercatflor.cat\/es\/noticias\/2016\/01\/et-convidem-a-expohogar-primavera\/","title":{"rendered":"Te invitamos a Expohogar Primavera"},"content":{"rendered":"<p>Fira Barcelona y el\u00a0Mercat de Flor i Planta Ornamental de Catalunya te invitamos a una nueva edici\u00f3n del Sal\u00f3n de decoraci\u00f3n, regalo y bisuter\u00eda EXPOHOGAR, que se celebra del 23 al 26 de enero en el Recinto de Montju\u00efc, Palacio 1, de Fira de Barcelona, en Plaza Espanya.<\/p>\n<p>Puedes obtener tu invitaci\u00f3n, de forma gratuita, en el siguiente enlace\u00a0(ser\u00e1 necesario que rellenes un peque\u00f1o formulario).<\/p>\n<p><a href=\"http:\/\/www.mercatflor.cat\/wp-content\/uploads\/2016\/01\/Invitaci\u00f3-Expohogar.pdf\" target=\"_blank\"><img loading=\"lazy\" decoding=\"async\" class=\"alignleft size-full wp-image-6677\" src=\"http:\/\/www.mercatflor.cat\/wp-content\/uploads\/2016\/01\/Boto-invitacio.jpg\" alt=\"Boto invitacio\" width=\"227\" height=\"85\" srcset=\"https:\/\/www.mercatflor.cat\/wp-content\/uploads\/2016\/01\/Boto-invitacio.jpg 227w, https:\/\/www.mercatflor.cat\/wp-content\/uploads\/2016\/01\/Boto-invitacio-214x80.jpg 214w\" sizes=\"auto, (max-width: 227px) 100vw, 227px\" \/><\/a><\/p>\n<p>&nbsp;<\/p>\n<p>&nbsp;<\/p>\n<p>&nbsp;<\/p>\n<p>El\u00a0Mercat nos encontrar\u00e1s en el\u00a0estand n\u00ba4 del Special Expert Event,<br \/>\nla nueva zona creada por el sal\u00f3n para el desarrollo de las actividades profesionales, entre las que habr\u00e1 demostraciones de arte floral de Rosa Valls\u00a0y\u00a0Daniel Santamar\u00eda, entre otras.<\/p>\n<p>Puedes ver el programa\u00a0completo\u00a0<a href=\"http:\/\/www.expohogar.com\/ca\/programa-actividades\" target=\"_blank\">aqu\u00ed<\/a><a href=\"http:\/\/www.expohogar.com\/ca\/programa-actividades\">.<\/a><\/p>\n<p>TE ESPERAMOS!<\/p>\n","protected":false},"excerpt":{"rendered":"<p>Fira Barcelona y el\u00a0Mercat de Flor i Planta Ornamental de Catalunya te invitamos a una nueva edici\u00f3n del Sal\u00f3n de decoraci\u00f3n, regalo y bisuter\u00eda EXPOHOGAR, que se celebra del 23 al 26 de enero en el Recinto de Montju\u00efc, Palacio 1, de Fira de Barcelona, en Plaza Espanya. Puedes obtener tu invitaci\u00f3n, de forma gratuita, [&hellip;]<\/p>\n","protected":false},"author":2,"featured_media":6680,"comment_status":"closed","ping_status":"closed","sticky":false,"template":"","format":"standard","meta":{"footnotes":""},"categories":[125],"tags":[],"class_list":["post-6681","post","type-post","status-publish","format-standard","has-post-thumbnail","hentry","category-noticias"],"aioseo_notices":[],"_links":{"self":[{"href":"https:\/\/www.mercatflor.cat\/es\/wp-json\/wp\/v2\/posts\/6681","targetHints":{"allow":["GET"]}}],"collection":[{"href":"https:\/\/www.mercatflor.cat\/es\/wp-json\/wp\/v2\/posts"}],"about":[{"href":"https:\/\/www.mercatflor.cat\/es\/wp-json\/wp\/v2\/types\/post"}],"author":[{"embeddable":true,"href":"https:\/\/www.mercatflor.cat\/es\/wp-json\/wp\/v2\/users\/2"}],"replies":[{"embeddable":true,"href":"https:\/\/www.mercatflor.cat\/es\/wp-json\/wp\/v2\/comments?post=6681"}],"version-history":[{"count":3,"href":"https:\/\/www.mercatflor.cat\/es\/wp-json\/wp\/v2\/posts\/6681\/revisions"}],"predecessor-version":[{"id":6684,"href":"https:\/\/www.mercatflor.cat\/es\/wp-json\/wp\/v2\/posts\/6681\/revisions\/6684"}],"wp:featuredmedia":[{"embeddable":true,"href":"https:\/\/www.mercatflor.cat\/es\/wp-json\/wp\/v2\/media\/6680"}],"wp:attachment":[{"href":"https:\/\/www.mercatflor.cat\/es\/wp-json\/wp\/v2\/media?parent=6681"}],"wp:term":[{"taxonomy":"category","embeddable":true,"href":"https:\/\/www.mercatflor.cat\/es\/wp-json\/wp\/v2\/categories?post=6681"},{"taxonomy":"post_tag","embeddable":true,"href":"https:\/\/www.mercatflor.cat\/es\/wp-json\/wp\/v2\/tags?post=6681"}],"curies":[{"name":"wp","href":"https:\/\/api.w.org\/{rel}","templated":true}]}}