{"id":6540,"date":"2016-01-08T09:10:07","date_gmt":"2016-01-08T09:10:07","guid":{"rendered":"http:\/\/www.mercatflor.cat\/sin-categoria-es\/2016\/01\/antecedents-historics-2\/"},"modified":"2016-01-08T12:06:57","modified_gmt":"2016-01-08T12:06:57","slug":"antecedentes-historicos","status":"publish","type":"post","link":"https:\/\/www.mercatflor.cat\/es\/sin-categoria-es\/2016\/01\/antecedentes-historicos\/","title":{"rendered":"Antecedentes hist\u00f3ricos"},"content":{"rendered":"<p>El sector se inici\u00f3 el a\u00f1o 1925 en Vilassar de Mar cuando fueron importadas las primeras plantas italianas de clavel. La primera gran expansi\u00f3n del mercado se produjo hacia los a\u00f1os sesenta, cuando la flor del Maresme ascendi\u00f3 con fuerza en los mercados europeos. La creaci\u00f3n del Mercat de Flor i Planta Ornamental de Catalunya en el a\u00f1o 1983 responde al deseo de potenciar la voluntad de modernizaci\u00f3n del sector agr\u00edcola de las comarcas catalanas y de los sectores agr\u00edcolas de todo el Estado espa\u00f1ol.<\/p>\n","protected":false},"excerpt":{"rendered":"<p>El sector se inici\u00f3 el a\u00f1o 1925 en Vilassar de Mar cuando fueron importadas las primeras plantas italianas de clavel. La primera gran expansi\u00f3n del mercado se produjo hacia los a\u00f1os sesenta, cuando la flor del Maresme ascendi\u00f3 con fuerza en los mercados europeos. La creaci\u00f3n del Mercat de Flor i Planta Ornamental de Catalunya [&hellip;]<\/p>\n","protected":false},"author":2,"featured_media":0,"comment_status":"closed","ping_status":"closed","sticky":false,"template":"","format":"standard","meta":{"footnotes":""},"categories":[4],"tags":[],"class_list":["post-6540","post","type-post","status-publish","format-standard","hentry","category-sin-categoria-es"],"aioseo_notices":[],"_links":{"self":[{"href":"https:\/\/www.mercatflor.cat\/es\/wp-json\/wp\/v2\/posts\/6540","targetHints":{"allow":["GET"]}}],"collection":[{"href":"https:\/\/www.mercatflor.cat\/es\/wp-json\/wp\/v2\/posts"}],"about":[{"href":"https:\/\/www.mercatflor.cat\/es\/wp-json\/wp\/v2\/types\/post"}],"author":[{"embeddable":true,"href":"https:\/\/www.mercatflor.cat\/es\/wp-json\/wp\/v2\/users\/2"}],"replies":[{"embeddable":true,"href":"https:\/\/www.mercatflor.cat\/es\/wp-json\/wp\/v2\/comments?post=6540"}],"version-history":[{"count":1,"href":"https:\/\/www.mercatflor.cat\/es\/wp-json\/wp\/v2\/posts\/6540\/revisions"}],"predecessor-version":[{"id":6541,"href":"https:\/\/www.mercatflor.cat\/es\/wp-json\/wp\/v2\/posts\/6540\/revisions\/6541"}],"wp:attachment":[{"href":"https:\/\/www.mercatflor.cat\/es\/wp-json\/wp\/v2\/media?parent=6540"}],"wp:term":[{"taxonomy":"category","embeddable":true,"href":"https:\/\/www.mercatflor.cat\/es\/wp-json\/wp\/v2\/categories?post=6540"},{"taxonomy":"post_tag","embeddable":true,"href":"https:\/\/www.mercatflor.cat\/es\/wp-json\/wp\/v2\/tags?post=6540"}],"curies":[{"name":"wp","href":"https:\/\/api.w.org\/{rel}","templated":true}]}}