{"id":6463,"date":"2015-12-23T10:13:18","date_gmt":"2015-12-23T10:13:18","guid":{"rendered":"http:\/\/www.mercatflor.cat\/?p=6463"},"modified":"2015-12-23T10:16:19","modified_gmt":"2015-12-23T10:16:19","slug":"la-agenda-y-el-calendario-de-2016-del-mercat","status":"publish","type":"post","link":"https:\/\/www.mercatflor.cat\/es\/noticias\/2015\/12\/la-agenda-y-el-calendario-de-2016-del-mercat\/","title":{"rendered":"La agenda y el calendario de 2016&#8230; del Mercat!"},"content":{"rendered":"<p>Disfrutamos de los \u00faltimos d\u00edas de 2015 y toca planificar el a\u00f1o que pronto estrenaremos, el 2016! Y para hacerlo, necesitas contar con el calendario de pared y la agenda del Mercat de Flor i Planta Ornamental de Catalunya.<\/p>\n<p>Si eres comprador\/a y est\u00e1s debidamente registrado\/a,\u00a0el Mercat te regala una Agenda-Dietario, de d\u00eda\/p\u00e1gina, para que tomes nota de tus pedidos, las citas ineludibles, las compras que se deben hacer\u00a0y todo lo que necesites recordar.\u00a0Incluye un directorio de la Venta Directa y el contacto de todas las paradas,con los productos que ofrecen.<\/p>\n<p>Tambi\u00e9n te\u00a0regalamos un calendario de pared con\u00a0n\u00fameros bien grandes y el santoral diario, para que no se te escape\u00a0ning\u00fan d\u00eda se\u00f1alado.<\/p>\n<p><strong>Ven\u00a0a recogerlos ya en\u00a0Informaci\u00f3n del Mercat<\/strong>.<\/p>\n<p><span style=\"text-decoration: underline;\">NOTA<\/span>:\u00a0Se\u00a0<em>regala 1 ejemplar por socio o comprador registrado.\u00a0Si se desean m\u00e1s unidades de la Agenda, se cobrar\u00e1 5\u20ac\/ejemplar.<\/em><\/p>\n<p>&nbsp;<\/p>\n<p>&nbsp;<\/p>\n","protected":false},"excerpt":{"rendered":"<p>Disfrutamos de los \u00faltimos d\u00edas de 2015 y toca planificar el a\u00f1o que pronto estrenaremos, el 2016! Y para hacerlo, necesitas contar con el calendario de pared y la agenda del Mercat de Flor i Planta Ornamental de Catalunya. Si eres comprador\/a y est\u00e1s debidamente registrado\/a,\u00a0el Mercat te regala una Agenda-Dietario, de d\u00eda\/p\u00e1gina, para que [&hellip;]<\/p>\n","protected":false},"author":2,"featured_media":6459,"comment_status":"closed","ping_status":"closed","sticky":false,"template":"","format":"standard","meta":{"footnotes":""},"categories":[125],"tags":[],"class_list":["post-6463","post","type-post","status-publish","format-standard","has-post-thumbnail","hentry","category-noticias"],"aioseo_notices":[],"_links":{"self":[{"href":"https:\/\/www.mercatflor.cat\/es\/wp-json\/wp\/v2\/posts\/6463","targetHints":{"allow":["GET"]}}],"collection":[{"href":"https:\/\/www.mercatflor.cat\/es\/wp-json\/wp\/v2\/posts"}],"about":[{"href":"https:\/\/www.mercatflor.cat\/es\/wp-json\/wp\/v2\/types\/post"}],"author":[{"embeddable":true,"href":"https:\/\/www.mercatflor.cat\/es\/wp-json\/wp\/v2\/users\/2"}],"replies":[{"embeddable":true,"href":"https:\/\/www.mercatflor.cat\/es\/wp-json\/wp\/v2\/comments?post=6463"}],"version-history":[{"count":1,"href":"https:\/\/www.mercatflor.cat\/es\/wp-json\/wp\/v2\/posts\/6463\/revisions"}],"predecessor-version":[{"id":6464,"href":"https:\/\/www.mercatflor.cat\/es\/wp-json\/wp\/v2\/posts\/6463\/revisions\/6464"}],"wp:featuredmedia":[{"embeddable":true,"href":"https:\/\/www.mercatflor.cat\/es\/wp-json\/wp\/v2\/media\/6459"}],"wp:attachment":[{"href":"https:\/\/www.mercatflor.cat\/es\/wp-json\/wp\/v2\/media?parent=6463"}],"wp:term":[{"taxonomy":"category","embeddable":true,"href":"https:\/\/www.mercatflor.cat\/es\/wp-json\/wp\/v2\/categories?post=6463"},{"taxonomy":"post_tag","embeddable":true,"href":"https:\/\/www.mercatflor.cat\/es\/wp-json\/wp\/v2\/tags?post=6463"}],"curies":[{"name":"wp","href":"https:\/\/api.w.org\/{rel}","templated":true}]}}