{"id":6418,"date":"2015-12-01T08:42:18","date_gmt":"2015-12-01T08:42:18","guid":{"rendered":"http:\/\/www.mercatflor.cat\/sin-categoria-es\/2015\/12\/excel%c2%b7lent-ponsetia-de-produccio-local-2\/"},"modified":"2015-12-10T09:47:55","modified_gmt":"2015-12-10T09:47:55","slug":"excel%c2%b7lent-ponsetia-de-produccio-local","status":"publish","type":"post","link":"https:\/\/www.mercatflor.cat\/es\/noticias\/2015\/12\/excel%c2%b7lent-ponsetia-de-produccio-local\/","title":{"rendered":"Excelente ponsetia de producci\u00f3n local"},"content":{"rendered":"<p>El rojo\u00a0intenso de la ponsetia lleva d\u00edas inundando el sal\u00f3n de venta directa del Mercat de Flor. La planta de Navidad por excelencia ofrece este a\u00f1o una alt\u00edsima calidad a sus compradores, fruto de un oto\u00f1o ben\u00e9volo que ha garantizado su buen estado morfol\u00f3gico y sanitario.<\/p>\n<p>La ponsetia tradicional, la roja, representa m\u00e1s del 80% del producto que se demanda estos d\u00edas, y se puede encontrar en distintas presentaciones y medidas, en tiestos del\u00a07,5 \u00d8, 10,5 \u00d8, 12 \u00d8, 14 \u00d8, tarrina, arbustiva o como \u00e1rbol-copa.<\/p>\n<p>De otro lado, tambi\u00e9n hay una amplia gama de ponsetia en m\u00faltiples colores:\u00a0blanca, amarilla, rosada, jaspeada, fucsia&#8230; y se encuentra en los formatos\u00a0habituales del 12 \u00d8, 14 \u00d8, o tarrina.<\/p>\n<p>La princettia tambi\u00e9n consolida su espacio entre las plantas de temporada navide\u00f1a y cuenta en el Mercat con distintos\u00a0formatos y colores.<\/p>\n<p>La ponsetia y princetia que salen a la venta en el Mercat estos d\u00edas es mayoritariamente de Km.0, elaborada sobretodo en la comarca del Maresme. Al ser una planta delicada que sufre mucho con el transporte en\u00a0viajes largos, solo una peque\u00f1a parte -correspondiente a los formatos mini- proviene del extranjero, y otra peque\u00f1a parte sube de la regi\u00f3n de Almer\u00eda.<\/p>\n<p><img loading=\"lazy\" decoding=\"async\" class=\"alignleft size-medium wp-image-6415\" src=\"http:\/\/www.mercatflor.cat\/wp-content\/uploads\/2015\/12\/Parada-ponsetia1-300x225.jpg\" alt=\"Parada ponsetia1\" width=\"300\" height=\"225\" srcset=\"https:\/\/www.mercatflor.cat\/wp-content\/uploads\/2015\/12\/Parada-ponsetia1-300x225.jpg 300w, https:\/\/www.mercatflor.cat\/wp-content\/uploads\/2015\/12\/Parada-ponsetia1-214x160.jpg 214w, https:\/\/www.mercatflor.cat\/wp-content\/uploads\/2015\/12\/Parada-ponsetia1.jpg 800w\" sizes=\"auto, (max-width: 300px) 100vw, 300px\" \/><img loading=\"lazy\" decoding=\"async\" class=\"alignleft size-medium wp-image-6414\" src=\"http:\/\/www.mercatflor.cat\/wp-content\/uploads\/2015\/12\/Expo-poinsettia2-300x225.jpg\" alt=\"Expo poinsettia2\" width=\"300\" height=\"225\" srcset=\"https:\/\/www.mercatflor.cat\/wp-content\/uploads\/2015\/12\/Expo-poinsettia2-300x225.jpg 300w, https:\/\/www.mercatflor.cat\/wp-content\/uploads\/2015\/12\/Expo-poinsettia2-214x160.jpg 214w, https:\/\/www.mercatflor.cat\/wp-content\/uploads\/2015\/12\/Expo-poinsettia2.jpg 800w\" sizes=\"auto, (max-width: 300px) 100vw, 300px\" \/><\/p>\n","protected":false},"excerpt":{"rendered":"<p>El rojo\u00a0intenso de la ponsetia lleva d\u00edas inundando el sal\u00f3n de venta directa del Mercat de Flor. La planta de Navidad por excelencia ofrece este a\u00f1o una alt\u00edsima calidad a sus compradores, fruto de un oto\u00f1o ben\u00e9volo que ha garantizado su buen estado morfol\u00f3gico y sanitario. La ponsetia tradicional, la roja, representa m\u00e1s del 80% [&hellip;]<\/p>\n","protected":false},"author":2,"featured_media":6417,"comment_status":"closed","ping_status":"closed","sticky":false,"template":"","format":"standard","meta":{"footnotes":""},"categories":[125],"tags":[],"class_list":["post-6418","post","type-post","status-publish","format-standard","has-post-thumbnail","hentry","category-noticias"],"aioseo_notices":[],"_links":{"self":[{"href":"https:\/\/www.mercatflor.cat\/es\/wp-json\/wp\/v2\/posts\/6418","targetHints":{"allow":["GET"]}}],"collection":[{"href":"https:\/\/www.mercatflor.cat\/es\/wp-json\/wp\/v2\/posts"}],"about":[{"href":"https:\/\/www.mercatflor.cat\/es\/wp-json\/wp\/v2\/types\/post"}],"author":[{"embeddable":true,"href":"https:\/\/www.mercatflor.cat\/es\/wp-json\/wp\/v2\/users\/2"}],"replies":[{"embeddable":true,"href":"https:\/\/www.mercatflor.cat\/es\/wp-json\/wp\/v2\/comments?post=6418"}],"version-history":[{"count":2,"href":"https:\/\/www.mercatflor.cat\/es\/wp-json\/wp\/v2\/posts\/6418\/revisions"}],"predecessor-version":[{"id":6421,"href":"https:\/\/www.mercatflor.cat\/es\/wp-json\/wp\/v2\/posts\/6418\/revisions\/6421"}],"wp:featuredmedia":[{"embeddable":true,"href":"https:\/\/www.mercatflor.cat\/es\/wp-json\/wp\/v2\/media\/6417"}],"wp:attachment":[{"href":"https:\/\/www.mercatflor.cat\/es\/wp-json\/wp\/v2\/media?parent=6418"}],"wp:term":[{"taxonomy":"category","embeddable":true,"href":"https:\/\/www.mercatflor.cat\/es\/wp-json\/wp\/v2\/categories?post=6418"},{"taxonomy":"post_tag","embeddable":true,"href":"https:\/\/www.mercatflor.cat\/es\/wp-json\/wp\/v2\/tags?post=6418"}],"curies":[{"name":"wp","href":"https:\/\/api.w.org\/{rel}","templated":true}]}}