{"id":6393,"date":"2015-11-23T13:50:27","date_gmt":"2015-11-23T13:50:27","guid":{"rendered":"http:\/\/www.mercatflor.cat\/sin-categoria-es\/2015\/11\/avets-de-tot-tipus-al-mercat-de-nadal-2\/"},"modified":"2015-12-02T14:24:59","modified_gmt":"2015-12-02T14:24:59","slug":"abetos-mercado-navidad","status":"publish","type":"post","link":"https:\/\/www.mercatflor.cat\/es\/noticias\/2015\/11\/abetos-mercado-navidad\/","title":{"rendered":"Abetos de todo tipo en el mercado de Navidad"},"content":{"rendered":"<p>Del 23 de noviembre\u00a0al 23 de diciembre el\u00a0Mercat de Flor i Planta Ornamental de Catalunya \u00a0abre un a\u00f1o m\u00e1s el Mercado de NAvidad, en el que nuestros clientes profesionales pueden comprar abetos y \u00e1rboles de Navidad de todo tipo, adem\u00e1s de diferentes clases de verde ornamental, corcho, mu\u00e9rdago, acebo&#8230;<\/p>\n<p>El Mercado de NAvidad se ubica, como es habitual, en un recinto debidamente limitado en el \u00e1rea exterior de nuestras instalaciones en la que se puede entrar con los veh\u00edculos comerciales para cargas los productos adquiridos y hacer as\u00ed m\u00e1s f\u00e1cil el proceso de compra.<\/p>\n<p>Abre lunes, mi\u00e9rcoles y viernes de 9 a 13 horas y de 14.30 a 17 horas, y para acceder es necesario estar debidamente registrado como cliente del Mercat.<\/p>\n<p><img loading=\"lazy\" decoding=\"async\" class=\"alignleft size-medium wp-image-6387\" src=\"http:\/\/www.mercatflor.cat\/wp-content\/uploads\/2015\/12\/DSC_0008-300x199.jpg\" alt=\"DSC_0008\" width=\"300\" height=\"199\" srcset=\"https:\/\/www.mercatflor.cat\/wp-content\/uploads\/2015\/12\/DSC_0008-300x199.jpg 300w, https:\/\/www.mercatflor.cat\/wp-content\/uploads\/2015\/12\/DSC_0008-214x142.jpg 214w, https:\/\/www.mercatflor.cat\/wp-content\/uploads\/2015\/12\/DSC_0008.jpg 709w\" sizes=\"auto, (max-width: 300px) 100vw, 300px\" \/><img loading=\"lazy\" decoding=\"async\" class=\"alignleft size-medium wp-image-6388\" src=\"http:\/\/www.mercatflor.cat\/wp-content\/uploads\/2015\/12\/DSC_0017-300x199.jpg\" alt=\"DSC_0017\" width=\"300\" height=\"199\" srcset=\"https:\/\/www.mercatflor.cat\/wp-content\/uploads\/2015\/12\/DSC_0017-300x199.jpg 300w, https:\/\/www.mercatflor.cat\/wp-content\/uploads\/2015\/12\/DSC_0017-214x142.jpg 214w, https:\/\/www.mercatflor.cat\/wp-content\/uploads\/2015\/12\/DSC_0017.jpg 709w\" sizes=\"auto, (max-width: 300px) 100vw, 300px\" \/><img loading=\"lazy\" decoding=\"async\" class=\"alignleft size-medium wp-image-6389\" src=\"http:\/\/www.mercatflor.cat\/wp-content\/uploads\/2015\/12\/DSC_0024-300x199.jpg\" alt=\"DSC_0024\" width=\"300\" height=\"199\" srcset=\"https:\/\/www.mercatflor.cat\/wp-content\/uploads\/2015\/12\/DSC_0024-300x199.jpg 300w, https:\/\/www.mercatflor.cat\/wp-content\/uploads\/2015\/12\/DSC_0024-214x142.jpg 214w, https:\/\/www.mercatflor.cat\/wp-content\/uploads\/2015\/12\/DSC_0024.jpg 709w\" sizes=\"auto, (max-width: 300px) 100vw, 300px\" \/><\/p>\n<p>&nbsp;<\/p>\n<p>&nbsp;<\/p>\n<p>&nbsp;<\/p>\n","protected":false},"excerpt":{"rendered":"<p>Del 23 de noviembre\u00a0al 23 de diciembre el\u00a0Mercat de Flor i Planta Ornamental de Catalunya \u00a0abre un a\u00f1o m\u00e1s el Mercado de NAvidad, en el que nuestros clientes profesionales pueden comprar abetos y \u00e1rboles de Navidad de todo tipo, adem\u00e1s de diferentes clases de verde ornamental, corcho, mu\u00e9rdago, acebo&#8230; El Mercado de NAvidad se ubica, [&hellip;]<\/p>\n","protected":false},"author":2,"featured_media":6391,"comment_status":"closed","ping_status":"closed","sticky":false,"template":"","format":"standard","meta":{"footnotes":""},"categories":[125],"tags":[],"class_list":["post-6393","post","type-post","status-publish","format-standard","has-post-thumbnail","hentry","category-noticias"],"aioseo_notices":[],"_links":{"self":[{"href":"https:\/\/www.mercatflor.cat\/es\/wp-json\/wp\/v2\/posts\/6393","targetHints":{"allow":["GET"]}}],"collection":[{"href":"https:\/\/www.mercatflor.cat\/es\/wp-json\/wp\/v2\/posts"}],"about":[{"href":"https:\/\/www.mercatflor.cat\/es\/wp-json\/wp\/v2\/types\/post"}],"author":[{"embeddable":true,"href":"https:\/\/www.mercatflor.cat\/es\/wp-json\/wp\/v2\/users\/2"}],"replies":[{"embeddable":true,"href":"https:\/\/www.mercatflor.cat\/es\/wp-json\/wp\/v2\/comments?post=6393"}],"version-history":[{"count":2,"href":"https:\/\/www.mercatflor.cat\/es\/wp-json\/wp\/v2\/posts\/6393\/revisions"}],"predecessor-version":[{"id":6395,"href":"https:\/\/www.mercatflor.cat\/es\/wp-json\/wp\/v2\/posts\/6393\/revisions\/6395"}],"wp:featuredmedia":[{"embeddable":true,"href":"https:\/\/www.mercatflor.cat\/es\/wp-json\/wp\/v2\/media\/6391"}],"wp:attachment":[{"href":"https:\/\/www.mercatflor.cat\/es\/wp-json\/wp\/v2\/media?parent=6393"}],"wp:term":[{"taxonomy":"category","embeddable":true,"href":"https:\/\/www.mercatflor.cat\/es\/wp-json\/wp\/v2\/categories?post=6393"},{"taxonomy":"post_tag","embeddable":true,"href":"https:\/\/www.mercatflor.cat\/es\/wp-json\/wp\/v2\/tags?post=6393"}],"curies":[{"name":"wp","href":"https:\/\/api.w.org\/{rel}","templated":true}]}}