{"id":6327,"date":"2015-09-01T08:22:34","date_gmt":"2015-09-01T08:22:34","guid":{"rendered":"http:\/\/www.mercatflor.cat\/sin-categoria-es\/2015\/09\/estrenem-curs-i-recuperem-lhorari-habitual-de-la-venda-directa-2\/"},"modified":"2015-09-01T08:53:05","modified_gmt":"2015-09-01T08:53:05","slug":"recuperamos-horario-habitual","status":"publish","type":"post","link":"https:\/\/www.mercatflor.cat\/es\/noticias\/2015\/09\/recuperamos-horario-habitual\/","title":{"rendered":"Estrenamos curso y recuperamos el horario habitual de la venta directa"},"content":{"rendered":"<p>Desde el\u00a0martes\u00a01 de septiembre, el Mercat de Flor i Planta Ornamental de Catalunya recuperamos el horario habitual de la Venta Directa.<\/p>\n<p>Si eres profesional de la florister\u00eda o la jardiner\u00eda puedes\u00a0venir a comprar, como siempre, los lunes, mi\u00e9rcoles y viernes de 9 a 13 horas y de las 15 a las 17 horas.<\/p>\n<p>Por otro lado,\u00a0el horario\u00a0de oficinas\u00a0es de\u00a0lunes a\u00a0viernes de 8 a 18 horas.<\/p>\n<p>&nbsp;<\/p>\n","protected":false},"excerpt":{"rendered":"<p>Desde el\u00a0martes\u00a01 de septiembre, el Mercat de Flor i Planta Ornamental de Catalunya recuperamos el horario habitual de la Venta Directa. Si eres profesional de la florister\u00eda o la jardiner\u00eda puedes\u00a0venir a comprar, como siempre, los lunes, mi\u00e9rcoles y viernes de 9 a 13 horas y de las 15 a las 17 horas. Por otro [&hellip;]<\/p>\n","protected":false},"author":2,"featured_media":4035,"comment_status":"closed","ping_status":"closed","sticky":false,"template":"","format":"standard","meta":{"footnotes":""},"categories":[125],"tags":[],"class_list":["post-6327","post","type-post","status-publish","format-standard","has-post-thumbnail","hentry","category-noticias"],"aioseo_notices":[],"aioseo_head":"\n\t\t<!-- All in One SEO 5.0.0.1 - aioseo.com -->\n\t<meta name=\"description\" content=\"Desde el martes 1 de septiembre, el Mercat de Flor i Planta Ornamental de Catalunya recuperamos el horario habitual de la Venta Directa. Si eres profesional de la florister\u00eda o la jardiner\u00eda puedes venir a comprar, como siempre, los lunes, mi\u00e9rcoles y viernes de 9 a 13 horas y de las 15 a las 17 horas. Por otro\" \/>\n\t<meta name=\"robots\" content=\"max-image-preview:large\" \/>\n\t<meta name=\"author\" content=\"Agn\u00e8s Cespedes\"\/>\n\t<link rel=\"canonical\" href=\"https:\/\/www.mercatflor.cat\/es\/noticias\/2015\/09\/recuperamos-horario-habitual\/\" \/>\n\t<meta name=\"generator\" content=\"All in One SEO (AIOSEO) 5.0.0.1\" \/>\n\t\t<meta property=\"og:locale\" content=\"es_ES\" \/>\n\t\t<meta property=\"og:site_name\" content=\"Mercat de Flor i Planta Ornamental |\" \/>\n\t\t<meta property=\"og:type\" content=\"article\" \/>\n\t\t<meta property=\"og:title\" content=\"Estrenamos curso y recuperamos el horario habitual de la venta directa | Mercat de Flor i Planta Ornamental\" \/>\n\t\t<meta property=\"og:description\" content=\"Desde el martes 1 de septiembre, el Mercat de Flor i Planta Ornamental de Catalunya recuperamos el horario habitual de la Venta Directa. Si eres profesional de la florister\u00eda o la jardiner\u00eda puedes venir a comprar, como siempre, los lunes, mi\u00e9rcoles y viernes de 9 a 13 horas y de las 15 a las 17 horas. Por otro\" \/>\n\t\t<meta property=\"og:url\" content=\"https:\/\/www.mercatflor.cat\/es\/noticias\/2015\/09\/recuperamos-horario-habitual\/\" \/>\n\t\t<meta property=\"article:published_time\" content=\"2015-09-01T08:22:34+00:00\" \/>\n\t\t<meta property=\"article:modified_time\" content=\"2015-09-01T08:53:05+00:00\" \/>\n\t\t<meta name=\"twitter:card\" content=\"summary\" \/>\n\t\t<meta name=\"twitter:title\" content=\"Estrenamos curso y recuperamos el horario habitual de la venta directa | Mercat de Flor i Planta Ornamental\" \/>\n\t\t<meta name=\"twitter:description\" content=\"Desde el martes 1 de septiembre, el Mercat de Flor i Planta Ornamental de Catalunya recuperamos el horario habitual de la Venta Directa. Si eres profesional de la florister\u00eda o la jardiner\u00eda puedes venir a comprar, como siempre, los lunes, mi\u00e9rcoles y viernes de 9 a 13 horas y de las 15 a las 17 horas. Por otro\" \/>\n\t\t<script type=\"application\/ld+json\" class=\"aioseo-schema\">\n\t\t\t{\"@context\":\"https:\\\/\\\/schema.org\",\"@graph\":[{\"@type\":\"Article\",\"@id\":\"https:\\\/\\\/www.mercatflor.cat\\\/es\\\/noticias\\\/2015\\\/09\\\/recuperamos-horario-habitual\\\/#article\",\"name\":\"Estrenamos curso y recuperamos el horario habitual de la venta directa | Mercat de Flor i Planta Ornamental\",\"headline\":\"Estrenamos curso y recuperamos el horario habitual de la venta directa\",\"author\":{\"@id\":\"https:\\\/\\\/www.mercatflor.cat\\\/es\\\/author\\\/promocio\\\/#author\"},\"publisher\":{\"@id\":\"https:\\\/\\\/www.mercatflor.cat\\\/es\\\/#organization\"},\"image\":{\"@type\":\"ImageObject\",\"url\":\"https:\\\/\\\/www.mercatflor.cat\\\/wp-content\\\/uploads\\\/2014\\\/08\\\/HorariMercatWeb.jpg\",\"width\":320,\"height\":240},\"datePublished\":\"2015-09-01T08:22:34+00:00\",\"dateModified\":\"2015-09-01T08:53:05+00:00\",\"inLanguage\":\"es-ES\",\"mainEntityOfPage\":{\"@id\":\"https:\\\/\\\/www.mercatflor.cat\\\/es\\\/noticias\\\/2015\\\/09\\\/recuperamos-horario-habitual\\\/#webpage\"},\"isPartOf\":{\"@id\":\"https:\\\/\\\/www.mercatflor.cat\\\/es\\\/noticias\\\/2015\\\/09\\\/recuperamos-horario-habitual\\\/#webpage\"},\"articleSection\":\"Noticias\"},{\"@type\":\"BreadcrumbList\",\"@id\":\"https:\\\/\\\/www.mercatflor.cat\\\/es\\\/noticias\\\/2015\\\/09\\\/recuperamos-horario-habitual\\\/#breadcrumblist\",\"itemListElement\":[{\"@type\":\"ListItem\",\"@id\":\"https:\\\/\\\/www.mercatflor.cat\\\/es\\\/#listItem\",\"position\":1,\"name\":\"Home\",\"item\":\"https:\\\/\\\/www.mercatflor.cat\\\/es\\\/\",\"nextItem\":{\"@type\":\"ListItem\",\"@id\":\"https:\\\/\\\/www.mercatflor.cat\\\/es\\\/category\\\/noticias\\\/#listItem\",\"name\":\"Noticias\"}},{\"@type\":\"ListItem\",\"@id\":\"https:\\\/\\\/www.mercatflor.cat\\\/es\\\/category\\\/noticias\\\/#listItem\",\"position\":2,\"name\":\"Noticias\",\"item\":\"https:\\\/\\\/www.mercatflor.cat\\\/es\\\/category\\\/noticias\\\/\",\"nextItem\":{\"@type\":\"ListItem\",\"@id\":\"https:\\\/\\\/www.mercatflor.cat\\\/es\\\/noticias\\\/2015\\\/09\\\/recuperamos-horario-habitual\\\/#listItem\",\"name\":\"Estrenamos curso y recuperamos el horario habitual de la venta directa\"},\"previousItem\":{\"@type\":\"ListItem\",\"@id\":\"https:\\\/\\\/www.mercatflor.cat\\\/es\\\/#listItem\",\"name\":\"Home\"}},{\"@type\":\"ListItem\",\"@id\":\"https:\\\/\\\/www.mercatflor.cat\\\/es\\\/noticias\\\/2015\\\/09\\\/recuperamos-horario-habitual\\\/#listItem\",\"position\":3,\"name\":\"Estrenamos curso y recuperamos el horario habitual de la venta directa\",\"previousItem\":{\"@type\":\"ListItem\",\"@id\":\"https:\\\/\\\/www.mercatflor.cat\\\/es\\\/category\\\/noticias\\\/#listItem\",\"name\":\"Noticias\"}}]},{\"@type\":\"Organization\",\"@id\":\"https:\\\/\\\/www.mercatflor.cat\\\/es\\\/#organization\",\"name\":\"Mercat de Flor i Planta Ornamental\",\"url\":\"https:\\\/\\\/www.mercatflor.cat\\\/es\\\/\"},{\"@type\":\"Person\",\"@id\":\"https:\\\/\\\/www.mercatflor.cat\\\/es\\\/author\\\/promocio\\\/#author\",\"url\":\"https:\\\/\\\/www.mercatflor.cat\\\/es\\\/author\\\/promocio\\\/\",\"name\":\"Agn\\u00e8s Cespedes\",\"image\":{\"@type\":\"ImageObject\",\"@id\":\"https:\\\/\\\/www.mercatflor.cat\\\/es\\\/noticias\\\/2015\\\/09\\\/recuperamos-horario-habitual\\\/#authorImage\",\"url\":\"https:\\\/\\\/secure.gravatar.com\\\/avatar\\\/bcf16198e7ce572c825d1d9be24adef449a41d47a5cc2fad5a45e8cb5f882c7d?s=96&d=mm&r=g\",\"width\":96,\"height\":96,\"caption\":\"Agn\\u00e8s Cespedes\"}},{\"@type\":\"WebPage\",\"@id\":\"https:\\\/\\\/www.mercatflor.cat\\\/es\\\/noticias\\\/2015\\\/09\\\/recuperamos-horario-habitual\\\/#webpage\",\"url\":\"https:\\\/\\\/www.mercatflor.cat\\\/es\\\/noticias\\\/2015\\\/09\\\/recuperamos-horario-habitual\\\/\",\"name\":\"Estrenamos curso y recuperamos el horario habitual de la venta directa | Mercat de Flor i Planta Ornamental\",\"description\":\"Desde el martes 1 de septiembre, el Mercat de Flor i Planta Ornamental de Catalunya recuperamos el horario habitual de la Venta Directa. Si eres profesional de la florister\\u00eda o la jardiner\\u00eda puedes venir a comprar, como siempre, los lunes, mi\\u00e9rcoles y viernes de 9 a 13 horas y de las 15 a las 17 horas. Por otro\",\"inLanguage\":\"es-ES\",\"isPartOf\":{\"@id\":\"https:\\\/\\\/www.mercatflor.cat\\\/es\\\/#website\"},\"breadcrumb\":{\"@id\":\"https:\\\/\\\/www.mercatflor.cat\\\/es\\\/noticias\\\/2015\\\/09\\\/recuperamos-horario-habitual\\\/#breadcrumblist\"},\"author\":{\"@id\":\"https:\\\/\\\/www.mercatflor.cat\\\/es\\\/author\\\/promocio\\\/#author\"},\"creator\":{\"@id\":\"https:\\\/\\\/www.mercatflor.cat\\\/es\\\/author\\\/promocio\\\/#author\"},\"image\":{\"@type\":\"ImageObject\",\"url\":\"https:\\\/\\\/www.mercatflor.cat\\\/wp-content\\\/uploads\\\/2014\\\/08\\\/HorariMercatWeb.jpg\",\"@id\":\"https:\\\/\\\/www.mercatflor.cat\\\/es\\\/noticias\\\/2015\\\/09\\\/recuperamos-horario-habitual\\\/#mainImage\",\"width\":320,\"height\":240},\"primaryImageOfPage\":{\"@id\":\"https:\\\/\\\/www.mercatflor.cat\\\/es\\\/noticias\\\/2015\\\/09\\\/recuperamos-horario-habitual\\\/#mainImage\"},\"datePublished\":\"2015-09-01T08:22:34+00:00\",\"dateModified\":\"2015-09-01T08:53:05+00:00\"},{\"@type\":\"WebSite\",\"@id\":\"https:\\\/\\\/www.mercatflor.cat\\\/es\\\/#website\",\"url\":\"https:\\\/\\\/www.mercatflor.cat\\\/es\\\/\",\"name\":\"Mercat de Flor i Planta Ornamental\",\"inLanguage\":\"es-ES\",\"publisher\":{\"@id\":\"https:\\\/\\\/www.mercatflor.cat\\\/es\\\/#organization\"}}]}\n\t\t<\/script>\n\t\t<!-- All in One SEO -->\n\n","aioseo_head_json":{"title":"Estrenamos curso y recuperamos el horario habitual de la venta directa | Mercat de Flor i Planta Ornamental","description":"Desde el martes 1 de septiembre, el Mercat de Flor i Planta Ornamental de Catalunya recuperamos el horario habitual de la Venta Directa. Si eres profesional de la florister\u00eda o la jardiner\u00eda puedes venir a comprar, como siempre, los lunes, mi\u00e9rcoles y viernes de 9 a 13 horas y de las 15 a las 17 horas. Por otro","canonical_url":"https:\/\/www.mercatflor.cat\/es\/noticias\/2015\/09\/recuperamos-horario-habitual\/","robots":"max-image-preview:large","keywords":"","webmasterTools":{"miscellaneous":""},"schema":{"@context":"https:\/\/schema.org","@graph":[{"@type":"Article","@id":"https:\/\/www.mercatflor.cat\/es\/noticias\/2015\/09\/recuperamos-horario-habitual\/#article","name":"Estrenamos curso y recuperamos el horario habitual de la venta directa | Mercat de Flor i Planta Ornamental","headline":"Estrenamos curso y recuperamos el horario habitual de la venta directa","author":{"@id":"https:\/\/www.mercatflor.cat\/es\/author\/promocio\/#author"},"publisher":{"@id":"https:\/\/www.mercatflor.cat\/es\/#organization"},"image":{"@type":"ImageObject","url":"https:\/\/www.mercatflor.cat\/wp-content\/uploads\/2014\/08\/HorariMercatWeb.jpg","width":320,"height":240},"datePublished":"2015-09-01T08:22:34+00:00","dateModified":"2015-09-01T08:53:05+00:00","inLanguage":"es-ES","mainEntityOfPage":{"@id":"https:\/\/www.mercatflor.cat\/es\/noticias\/2015\/09\/recuperamos-horario-habitual\/#webpage"},"isPartOf":{"@id":"https:\/\/www.mercatflor.cat\/es\/noticias\/2015\/09\/recuperamos-horario-habitual\/#webpage"},"articleSection":"Noticias"},{"@type":"BreadcrumbList","@id":"https:\/\/www.mercatflor.cat\/es\/noticias\/2015\/09\/recuperamos-horario-habitual\/#breadcrumblist","itemListElement":[{"@type":"ListItem","@id":"https:\/\/www.mercatflor.cat\/es\/#listItem","position":1,"name":"Home","item":"https:\/\/www.mercatflor.cat\/es\/","nextItem":{"@type":"ListItem","@id":"https:\/\/www.mercatflor.cat\/es\/category\/noticias\/#listItem","name":"Noticias"}},{"@type":"ListItem","@id":"https:\/\/www.mercatflor.cat\/es\/category\/noticias\/#listItem","position":2,"name":"Noticias","item":"https:\/\/www.mercatflor.cat\/es\/category\/noticias\/","nextItem":{"@type":"ListItem","@id":"https:\/\/www.mercatflor.cat\/es\/noticias\/2015\/09\/recuperamos-horario-habitual\/#listItem","name":"Estrenamos curso y recuperamos el horario habitual de la venta directa"},"previousItem":{"@type":"ListItem","@id":"https:\/\/www.mercatflor.cat\/es\/#listItem","name":"Home"}},{"@type":"ListItem","@id":"https:\/\/www.mercatflor.cat\/es\/noticias\/2015\/09\/recuperamos-horario-habitual\/#listItem","position":3,"name":"Estrenamos curso y recuperamos el horario habitual de la venta directa","previousItem":{"@type":"ListItem","@id":"https:\/\/www.mercatflor.cat\/es\/category\/noticias\/#listItem","name":"Noticias"}}]},{"@type":"Organization","@id":"https:\/\/www.mercatflor.cat\/es\/#organization","name":"Mercat de Flor i Planta Ornamental","url":"https:\/\/www.mercatflor.cat\/es\/"},{"@type":"Person","@id":"https:\/\/www.mercatflor.cat\/es\/author\/promocio\/#author","url":"https:\/\/www.mercatflor.cat\/es\/author\/promocio\/","name":"Agn\u00e8s Cespedes","image":{"@type":"ImageObject","@id":"https:\/\/www.mercatflor.cat\/es\/noticias\/2015\/09\/recuperamos-horario-habitual\/#authorImage","url":"https:\/\/secure.gravatar.com\/avatar\/bcf16198e7ce572c825d1d9be24adef449a41d47a5cc2fad5a45e8cb5f882c7d?s=96&d=mm&r=g","width":96,"height":96,"caption":"Agn\u00e8s Cespedes"}},{"@type":"WebPage","@id":"https:\/\/www.mercatflor.cat\/es\/noticias\/2015\/09\/recuperamos-horario-habitual\/#webpage","url":"https:\/\/www.mercatflor.cat\/es\/noticias\/2015\/09\/recuperamos-horario-habitual\/","name":"Estrenamos curso y recuperamos el horario habitual de la venta directa | Mercat de Flor i Planta Ornamental","description":"Desde el martes 1 de septiembre, el Mercat de Flor i Planta Ornamental de Catalunya recuperamos el horario habitual de la Venta Directa. Si eres profesional de la florister\u00eda o la jardiner\u00eda puedes venir a comprar, como siempre, los lunes, mi\u00e9rcoles y viernes de 9 a 13 horas y de las 15 a las 17 horas. Por otro","inLanguage":"es-ES","isPartOf":{"@id":"https:\/\/www.mercatflor.cat\/es\/#website"},"breadcrumb":{"@id":"https:\/\/www.mercatflor.cat\/es\/noticias\/2015\/09\/recuperamos-horario-habitual\/#breadcrumblist"},"author":{"@id":"https:\/\/www.mercatflor.cat\/es\/author\/promocio\/#author"},"creator":{"@id":"https:\/\/www.mercatflor.cat\/es\/author\/promocio\/#author"},"image":{"@type":"ImageObject","url":"https:\/\/www.mercatflor.cat\/wp-content\/uploads\/2014\/08\/HorariMercatWeb.jpg","@id":"https:\/\/www.mercatflor.cat\/es\/noticias\/2015\/09\/recuperamos-horario-habitual\/#mainImage","width":320,"height":240},"primaryImageOfPage":{"@id":"https:\/\/www.mercatflor.cat\/es\/noticias\/2015\/09\/recuperamos-horario-habitual\/#mainImage"},"datePublished":"2015-09-01T08:22:34+00:00","dateModified":"2015-09-01T08:53:05+00:00"},{"@type":"WebSite","@id":"https:\/\/www.mercatflor.cat\/es\/#website","url":"https:\/\/www.mercatflor.cat\/es\/","name":"Mercat de Flor i Planta Ornamental","inLanguage":"es-ES","publisher":{"@id":"https:\/\/www.mercatflor.cat\/es\/#organization"}}]},"og:locale":"es_ES","og:site_name":"Mercat de Flor i Planta Ornamental |","og:type":"article","og:title":"Estrenamos curso y recuperamos el horario habitual de la venta directa | Mercat de Flor i Planta Ornamental","og:description":"Desde el martes 1 de septiembre, el Mercat de Flor i Planta Ornamental de Catalunya recuperamos el horario habitual de la Venta Directa. Si eres profesional de la florister\u00eda o la jardiner\u00eda puedes venir a comprar, como siempre, los lunes, mi\u00e9rcoles y viernes de 9 a 13 horas y de las 15 a las 17 horas. Por otro","og:url":"https:\/\/www.mercatflor.cat\/es\/noticias\/2015\/09\/recuperamos-horario-habitual\/","article:published_time":"2015-09-01T08:22:34+00:00","article:modified_time":"2015-09-01T08:53:05+00:00","twitter:card":"summary","twitter:title":"Estrenamos curso y recuperamos el horario habitual de la venta directa | Mercat de Flor i Planta Ornamental","twitter:description":"Desde el martes 1 de septiembre, el Mercat de Flor i Planta Ornamental de Catalunya recuperamos el horario habitual de la Venta Directa. Si eres profesional de la florister\u00eda o la jardiner\u00eda puedes venir a comprar, como siempre, los lunes, mi\u00e9rcoles y viernes de 9 a 13 horas y de las 15 a las 17 horas. Por otro"},"aioseo_meta_data":{"post_id":"6327","title":null,"description":null,"keywords":null,"keyphrases":null,"canonical_url":null,"og_title":null,"og_description":null,"og_object_type":"default","og_image_type":"default","og_image_url":null,"og_image_width":null,"og_image_height":null,"og_image_custom_url":null,"og_image_custom_fields":null,"og_video":null,"og_custom_url":null,"og_article_section":null,"og_article_tags":null,"twitter_use_og":false,"twitter_card":"default","twitter_image_type":"default","twitter_image_url":null,"twitter_image_custom_url":null,"twitter_image_custom_fields":null,"twitter_title":null,"twitter_description":null,"schema":{"blockGraphs":[],"customGraphs":[],"default":{"data":{"Article":[],"Course":[],"Dataset":[],"FAQPage":[],"Movie":[],"Person":[],"Product":[],"ProductReview":[],"Car":[],"Recipe":[],"Service":[],"SoftwareApplication":[],"WebPage":[]},"graphName":"","isEnabled":true},"graphs":[]},"schema_type":null,"schema_type_options":null,"pillar_content":false,"robots_default":true,"robots_noindex":false,"robots_noarchive":false,"robots_nosnippet":false,"robots_nofollow":false,"robots_noimageindex":false,"robots_noodp":false,"robots_notranslate":false,"robots_max_snippet":null,"robots_max_videopreview":null,"robots_max_imagepreview":"large","priority":null,"frequency":null,"local_seo":null,"breadcrumb_settings":null,"limit_modified_date":false,"ai":null,"created":"2021-01-21 15:54:43","updated":"2025-10-03 00:17:39","primary_term":null,"seo_analyzer_scan_date":null,"focus_keyword":null,"additional_keywords":null,"truseo_locale":null},"aioseo_breadcrumb":"<div class=\"aioseo-breadcrumbs\"><span class=\"aioseo-breadcrumb\">\n\t\t\t<a href=\"https:\/\/www.mercatflor.cat\/es\/\" title=\"Home\">Home<\/a>\n\t\t<\/span><span class=\"aioseo-breadcrumb-separator\">&raquo;<\/span><span class=\"aioseo-breadcrumb\">\n\t\t\t<a href=\"https:\/\/www.mercatflor.cat\/es\/category\/noticias\/\" title=\"Noticias\">Noticias<\/a>\n\t\t<\/span><span class=\"aioseo-breadcrumb-separator\">&raquo;<\/span><span class=\"aioseo-breadcrumb\">\n\t\t\tEstrenamos curso y recuperamos el horario habitual de la venta directa\n\t\t<\/span><\/div>","aioseo_breadcrumb_json":[{"label":"Home","link":"https:\/\/www.mercatflor.cat\/es\/"},{"label":"Noticias","link":"https:\/\/www.mercatflor.cat\/es\/category\/noticias\/"},{"label":"Estrenamos curso y recuperamos el horario habitual de la venta directa","link":"https:\/\/www.mercatflor.cat\/es\/noticias\/2015\/09\/recuperamos-horario-habitual\/"}],"_links":{"self":[{"href":"https:\/\/www.mercatflor.cat\/es\/wp-json\/wp\/v2\/posts\/6327","targetHints":{"allow":["GET"]}}],"collection":[{"href":"https:\/\/www.mercatflor.cat\/es\/wp-json\/wp\/v2\/posts"}],"about":[{"href":"https:\/\/www.mercatflor.cat\/es\/wp-json\/wp\/v2\/types\/post"}],"author":[{"embeddable":true,"href":"https:\/\/www.mercatflor.cat\/es\/wp-json\/wp\/v2\/users\/2"}],"replies":[{"embeddable":true,"href":"https:\/\/www.mercatflor.cat\/es\/wp-json\/wp\/v2\/comments?post=6327"}],"version-history":[{"count":3,"href":"https:\/\/www.mercatflor.cat\/es\/wp-json\/wp\/v2\/posts\/6327\/revisions"}],"predecessor-version":[{"id":6337,"href":"https:\/\/www.mercatflor.cat\/es\/wp-json\/wp\/v2\/posts\/6327\/revisions\/6337"}],"wp:featuredmedia":[{"embeddable":true,"href":"https:\/\/www.mercatflor.cat\/es\/wp-json\/wp\/v2\/media\/4035"}],"wp:attachment":[{"href":"https:\/\/www.mercatflor.cat\/es\/wp-json\/wp\/v2\/media?parent=6327"}],"wp:term":[{"taxonomy":"category","embeddable":true,"href":"https:\/\/www.mercatflor.cat\/es\/wp-json\/wp\/v2\/categories?post=6327"},{"taxonomy":"post_tag","embeddable":true,"href":"https:\/\/www.mercatflor.cat\/es\/wp-json\/wp\/v2\/tags?post=6327"}],"curies":[{"name":"wp","href":"https:\/\/api.w.org\/{rel}","templated":true}]}}