{"id":6251,"date":"2015-06-08T10:17:56","date_gmt":"2015-06-08T10:17:56","guid":{"rendered":"http:\/\/www.mercatflor.cat\/sin-categoria-es\/2015\/06\/viridalia-es-consolida-com-a-referent-en-el-sector-2\/"},"modified":"2015-06-08T10:41:44","modified_gmt":"2015-06-08T10:41:44","slug":"viridalia-es-consolida-com-a-referent-en-el-sector","status":"publish","type":"post","link":"https:\/\/www.mercatflor.cat\/es\/noticias\/2015\/06\/viridalia-es-consolida-com-a-referent-en-el-sector\/","title":{"rendered":"Viridalia se consolida como referente en el sector"},"content":{"rendered":"<p>Los principales productores de plantel de Barcelona han\u00a0celebrado el\u00a03, 4 y 5 de Junio de 2015 una nueva edici\u00f3n de Viridalia, la muestra bianual de planta.\u00a0Las empresas\u00a0productoras han recibido a los profesionales del sector a lo largo de tres d\u00edas de puertas abiertas para darles a conocer sus novedades y aplicaciones, en el marco de\u00a0una amplia exposici\u00f3n de planta ornamental.<\/p>\n<p>Las empresas participantes que hemos podido\u00a0visitar son Aldrufeu &amp; Associats, Barberet &amp; Blanc, Grup Roig, Le Petit G\u00e9ant, Planteles Lloveras, Plantinova, Riera Villagrasa y Syngenta FloriPro Services.<\/p>\n<p>La edici\u00f3n de este a\u00f1o ha evidenciado que Viridalia va m\u00e1s all\u00e1 de ser una muestra de plantel, habi\u00e9ndose consolidado en el sector como un referente para conocer\u00a0las novedades, y\u00a0un punto de encuentro\u00a0e intercambio profesional, que\u00a0ya cuenta tambi\u00e9n con visitantes extranjeros.<\/p>\n<p>La Asociaci\u00f3n empresarial de Agricultores Viveristas de Barcelona (AAVB) es la encargada de organizar y coordinar Viridalia. La Asociaci\u00f3n da servicio t\u00e9cnico, promoci\u00f3n comercial, informaci\u00f3n y formaci\u00f3n a m\u00e1s de cien empresas de la demarcaci\u00f3n de Barcelona.<\/p>\n<p>L\u2019AAVB est\u00e1 vinculada a distintas organizaciones sectoriales a\u00a0nivel nacional \u00a0e\u00a0internacional.<\/p>\n<p><img loading=\"lazy\" decoding=\"async\" class=\" size-medium wp-image-6231 alignnone\" src=\"http:\/\/www.mercatflor.cat\/wp-content\/uploads\/2015\/06\/RieraVillagrasa-300x199.jpg\" alt=\"RieraVillagrasa\" width=\"300\" height=\"199\" srcset=\"https:\/\/www.mercatflor.cat\/wp-content\/uploads\/2015\/06\/RieraVillagrasa-300x199.jpg 300w, https:\/\/www.mercatflor.cat\/wp-content\/uploads\/2015\/06\/RieraVillagrasa-214x142.jpg 214w, https:\/\/www.mercatflor.cat\/wp-content\/uploads\/2015\/06\/RieraVillagrasa.jpg 362w\" sizes=\"auto, (max-width: 300px) 100vw, 300px\" \/><img loading=\"lazy\" decoding=\"async\" class=\"alignleft size-medium wp-image-6230\" src=\"http:\/\/www.mercatflor.cat\/wp-content\/uploads\/2015\/06\/AldrufeuAssociats-300x199.jpg\" alt=\"Aldrufeu&amp;Associats\" width=\"300\" height=\"199\" srcset=\"https:\/\/www.mercatflor.cat\/wp-content\/uploads\/2015\/06\/AldrufeuAssociats-300x199.jpg 300w, https:\/\/www.mercatflor.cat\/wp-content\/uploads\/2015\/06\/AldrufeuAssociats-214x142.jpg 214w, https:\/\/www.mercatflor.cat\/wp-content\/uploads\/2015\/06\/AldrufeuAssociats.jpg 362w\" sizes=\"auto, (max-width: 300px) 100vw, 300px\" \/><img loading=\"lazy\" decoding=\"async\" class=\"alignleft size-medium wp-image-6228\" src=\"http:\/\/www.mercatflor.cat\/wp-content\/uploads\/2015\/06\/Syngenta-S\u00ed-300x199.jpg\" alt=\"Syngenta S\u00ed\" width=\"300\" height=\"199\" srcset=\"https:\/\/www.mercatflor.cat\/wp-content\/uploads\/2015\/06\/Syngenta-S\u00ed-300x199.jpg 300w, https:\/\/www.mercatflor.cat\/wp-content\/uploads\/2015\/06\/Syngenta-S\u00ed-214x142.jpg 214w, https:\/\/www.mercatflor.cat\/wp-content\/uploads\/2015\/06\/Syngenta-S\u00ed.jpg 362w\" sizes=\"auto, (max-width: 300px) 100vw, 300px\" \/><img loading=\"lazy\" decoding=\"async\" class=\"alignleft size-medium wp-image-6229\" src=\"http:\/\/www.mercatflor.cat\/wp-content\/uploads\/2015\/06\/Grup-Roig-f-300x199.jpg\" alt=\"Grup Roig f\" width=\"300\" height=\"199\" srcset=\"https:\/\/www.mercatflor.cat\/wp-content\/uploads\/2015\/06\/Grup-Roig-f-300x199.jpg 300w, https:\/\/www.mercatflor.cat\/wp-content\/uploads\/2015\/06\/Grup-Roig-f-214x142.jpg 214w, https:\/\/www.mercatflor.cat\/wp-content\/uploads\/2015\/06\/Grup-Roig-f.jpg 362w\" sizes=\"auto, (max-width: 300px) 100vw, 300px\" \/><\/p>\n<p>&nbsp;<\/p>\n<p>&nbsp;<\/p>\n<p>&nbsp;<\/p>\n<p>&nbsp;<\/p>\n","protected":false},"excerpt":{"rendered":"<p>Los principales productores de plantel de Barcelona han\u00a0celebrado el\u00a03, 4 y 5 de Junio de 2015 una nueva edici\u00f3n de Viridalia, la muestra bianual de planta.\u00a0Las empresas\u00a0productoras han recibido a los profesionales del sector a lo largo de tres d\u00edas de puertas abiertas para darles a conocer sus novedades y aplicaciones, en el marco de\u00a0una [&hellip;]<\/p>\n","protected":false},"author":2,"featured_media":6240,"comment_status":"closed","ping_status":"closed","sticky":false,"template":"","format":"standard","meta":{"footnotes":""},"categories":[125],"tags":[],"class_list":["post-6251","post","type-post","status-publish","format-standard","has-post-thumbnail","hentry","category-noticias"],"aioseo_notices":[],"aioseo_head":"\n\t\t<!-- All in One SEO 5.0.0.1 - aioseo.com -->\n\t<meta name=\"description\" content=\"Los principales productores de plantel de Barcelona han celebrado el 3, 4 y 5 de Junio de 2015 una nueva edici\u00f3n de Viridalia, la muestra bianual de planta. Las empresas productoras han recibido a los profesionales del sector a lo largo de tres d\u00edas de puertas abiertas para darles a conocer sus novedades y aplicaciones, en el marco de una\" \/>\n\t<meta name=\"robots\" content=\"max-image-preview:large\" \/>\n\t<meta name=\"author\" content=\"Agn\u00e8s Cespedes\"\/>\n\t<link rel=\"canonical\" href=\"https:\/\/www.mercatflor.cat\/es\/noticias\/2015\/06\/viridalia-es-consolida-com-a-referent-en-el-sector\/\" \/>\n\t<meta name=\"generator\" content=\"All in One SEO (AIOSEO) 5.0.0.1\" \/>\n\t\t<meta property=\"og:locale\" content=\"es_ES\" \/>\n\t\t<meta property=\"og:site_name\" content=\"Mercat de Flor i Planta Ornamental |\" \/>\n\t\t<meta property=\"og:type\" content=\"article\" \/>\n\t\t<meta property=\"og:title\" content=\"Viridalia se consolida como referente en el sector | Mercat de Flor i Planta Ornamental\" \/>\n\t\t<meta property=\"og:description\" content=\"Los principales productores de plantel de Barcelona han celebrado el 3, 4 y 5 de Junio de 2015 una nueva edici\u00f3n de Viridalia, la muestra bianual de planta. Las empresas productoras han recibido a los profesionales del sector a lo largo de tres d\u00edas de puertas abiertas para darles a conocer sus novedades y aplicaciones, en el marco de una\" \/>\n\t\t<meta property=\"og:url\" content=\"https:\/\/www.mercatflor.cat\/es\/noticias\/2015\/06\/viridalia-es-consolida-com-a-referent-en-el-sector\/\" \/>\n\t\t<meta property=\"article:published_time\" content=\"2015-06-08T10:17:56+00:00\" \/>\n\t\t<meta property=\"article:modified_time\" content=\"2015-06-08T10:41:44+00:00\" \/>\n\t\t<meta name=\"twitter:card\" content=\"summary\" \/>\n\t\t<meta name=\"twitter:title\" content=\"Viridalia se consolida como referente en el sector | Mercat de Flor i Planta Ornamental\" \/>\n\t\t<meta name=\"twitter:description\" content=\"Los principales productores de plantel de Barcelona han celebrado el 3, 4 y 5 de Junio de 2015 una nueva edici\u00f3n de Viridalia, la muestra bianual de planta. Las empresas productoras han recibido a los profesionales del sector a lo largo de tres d\u00edas de puertas abiertas para darles a conocer sus novedades y aplicaciones, en el marco de una\" \/>\n\t\t<script type=\"application\/ld+json\" class=\"aioseo-schema\">\n\t\t\t{\"@context\":\"https:\\\/\\\/schema.org\",\"@graph\":[{\"@type\":\"Article\",\"@id\":\"https:\\\/\\\/www.mercatflor.cat\\\/es\\\/noticias\\\/2015\\\/06\\\/viridalia-es-consolida-com-a-referent-en-el-sector\\\/#article\",\"name\":\"Viridalia se consolida como referente en el sector | Mercat de Flor i Planta Ornamental\",\"headline\":\"Viridalia se consolida como referente en el sector\",\"author\":{\"@id\":\"https:\\\/\\\/www.mercatflor.cat\\\/es\\\/author\\\/promocio\\\/#author\"},\"publisher\":{\"@id\":\"https:\\\/\\\/www.mercatflor.cat\\\/es\\\/#organization\"},\"image\":{\"@type\":\"ImageObject\",\"url\":\"https:\\\/\\\/www.mercatflor.cat\\\/wp-content\\\/uploads\\\/2015\\\/06\\\/viri.jpg\",\"width\":263,\"height\":250},\"datePublished\":\"2015-06-08T10:17:56+00:00\",\"dateModified\":\"2015-06-08T10:41:44+00:00\",\"inLanguage\":\"es-ES\",\"mainEntityOfPage\":{\"@id\":\"https:\\\/\\\/www.mercatflor.cat\\\/es\\\/noticias\\\/2015\\\/06\\\/viridalia-es-consolida-com-a-referent-en-el-sector\\\/#webpage\"},\"isPartOf\":{\"@id\":\"https:\\\/\\\/www.mercatflor.cat\\\/es\\\/noticias\\\/2015\\\/06\\\/viridalia-es-consolida-com-a-referent-en-el-sector\\\/#webpage\"},\"articleSection\":\"Noticias\"},{\"@type\":\"BreadcrumbList\",\"@id\":\"https:\\\/\\\/www.mercatflor.cat\\\/es\\\/noticias\\\/2015\\\/06\\\/viridalia-es-consolida-com-a-referent-en-el-sector\\\/#breadcrumblist\",\"itemListElement\":[{\"@type\":\"ListItem\",\"@id\":\"https:\\\/\\\/www.mercatflor.cat\\\/es\\\/#listItem\",\"position\":1,\"name\":\"Home\",\"item\":\"https:\\\/\\\/www.mercatflor.cat\\\/es\\\/\",\"nextItem\":{\"@type\":\"ListItem\",\"@id\":\"https:\\\/\\\/www.mercatflor.cat\\\/es\\\/category\\\/noticias\\\/#listItem\",\"name\":\"Noticias\"}},{\"@type\":\"ListItem\",\"@id\":\"https:\\\/\\\/www.mercatflor.cat\\\/es\\\/category\\\/noticias\\\/#listItem\",\"position\":2,\"name\":\"Noticias\",\"item\":\"https:\\\/\\\/www.mercatflor.cat\\\/es\\\/category\\\/noticias\\\/\",\"nextItem\":{\"@type\":\"ListItem\",\"@id\":\"https:\\\/\\\/www.mercatflor.cat\\\/es\\\/noticias\\\/2015\\\/06\\\/viridalia-es-consolida-com-a-referent-en-el-sector\\\/#listItem\",\"name\":\"Viridalia se consolida como referente en el sector\"},\"previousItem\":{\"@type\":\"ListItem\",\"@id\":\"https:\\\/\\\/www.mercatflor.cat\\\/es\\\/#listItem\",\"name\":\"Home\"}},{\"@type\":\"ListItem\",\"@id\":\"https:\\\/\\\/www.mercatflor.cat\\\/es\\\/noticias\\\/2015\\\/06\\\/viridalia-es-consolida-com-a-referent-en-el-sector\\\/#listItem\",\"position\":3,\"name\":\"Viridalia se consolida como referente en el sector\",\"previousItem\":{\"@type\":\"ListItem\",\"@id\":\"https:\\\/\\\/www.mercatflor.cat\\\/es\\\/category\\\/noticias\\\/#listItem\",\"name\":\"Noticias\"}}]},{\"@type\":\"Organization\",\"@id\":\"https:\\\/\\\/www.mercatflor.cat\\\/es\\\/#organization\",\"name\":\"Mercat de Flor i Planta Ornamental\",\"url\":\"https:\\\/\\\/www.mercatflor.cat\\\/es\\\/\"},{\"@type\":\"Person\",\"@id\":\"https:\\\/\\\/www.mercatflor.cat\\\/es\\\/author\\\/promocio\\\/#author\",\"url\":\"https:\\\/\\\/www.mercatflor.cat\\\/es\\\/author\\\/promocio\\\/\",\"name\":\"Agn\\u00e8s Cespedes\",\"image\":{\"@type\":\"ImageObject\",\"@id\":\"https:\\\/\\\/www.mercatflor.cat\\\/es\\\/noticias\\\/2015\\\/06\\\/viridalia-es-consolida-com-a-referent-en-el-sector\\\/#authorImage\",\"url\":\"https:\\\/\\\/secure.gravatar.com\\\/avatar\\\/bcf16198e7ce572c825d1d9be24adef449a41d47a5cc2fad5a45e8cb5f882c7d?s=96&d=mm&r=g\",\"width\":96,\"height\":96,\"caption\":\"Agn\\u00e8s Cespedes\"}},{\"@type\":\"WebPage\",\"@id\":\"https:\\\/\\\/www.mercatflor.cat\\\/es\\\/noticias\\\/2015\\\/06\\\/viridalia-es-consolida-com-a-referent-en-el-sector\\\/#webpage\",\"url\":\"https:\\\/\\\/www.mercatflor.cat\\\/es\\\/noticias\\\/2015\\\/06\\\/viridalia-es-consolida-com-a-referent-en-el-sector\\\/\",\"name\":\"Viridalia se consolida como referente en el sector | Mercat de Flor i Planta Ornamental\",\"description\":\"Los principales productores de plantel de Barcelona han celebrado el 3, 4 y 5 de Junio de 2015 una nueva edici\\u00f3n de Viridalia, la muestra bianual de planta. Las empresas productoras han recibido a los profesionales del sector a lo largo de tres d\\u00edas de puertas abiertas para darles a conocer sus novedades y aplicaciones, en el marco de una\",\"inLanguage\":\"es-ES\",\"isPartOf\":{\"@id\":\"https:\\\/\\\/www.mercatflor.cat\\\/es\\\/#website\"},\"breadcrumb\":{\"@id\":\"https:\\\/\\\/www.mercatflor.cat\\\/es\\\/noticias\\\/2015\\\/06\\\/viridalia-es-consolida-com-a-referent-en-el-sector\\\/#breadcrumblist\"},\"author\":{\"@id\":\"https:\\\/\\\/www.mercatflor.cat\\\/es\\\/author\\\/promocio\\\/#author\"},\"creator\":{\"@id\":\"https:\\\/\\\/www.mercatflor.cat\\\/es\\\/author\\\/promocio\\\/#author\"},\"image\":{\"@type\":\"ImageObject\",\"url\":\"https:\\\/\\\/www.mercatflor.cat\\\/wp-content\\\/uploads\\\/2015\\\/06\\\/viri.jpg\",\"@id\":\"https:\\\/\\\/www.mercatflor.cat\\\/es\\\/noticias\\\/2015\\\/06\\\/viridalia-es-consolida-com-a-referent-en-el-sector\\\/#mainImage\",\"width\":263,\"height\":250},\"primaryImageOfPage\":{\"@id\":\"https:\\\/\\\/www.mercatflor.cat\\\/es\\\/noticias\\\/2015\\\/06\\\/viridalia-es-consolida-com-a-referent-en-el-sector\\\/#mainImage\"},\"datePublished\":\"2015-06-08T10:17:56+00:00\",\"dateModified\":\"2015-06-08T10:41:44+00:00\"},{\"@type\":\"WebSite\",\"@id\":\"https:\\\/\\\/www.mercatflor.cat\\\/es\\\/#website\",\"url\":\"https:\\\/\\\/www.mercatflor.cat\\\/es\\\/\",\"name\":\"Mercat de Flor i Planta Ornamental\",\"inLanguage\":\"es-ES\",\"publisher\":{\"@id\":\"https:\\\/\\\/www.mercatflor.cat\\\/es\\\/#organization\"}}]}\n\t\t<\/script>\n\t\t<!-- All in One SEO -->\n\n","aioseo_head_json":{"title":"Viridalia se consolida como referente en el sector | Mercat de Flor i Planta Ornamental","description":"Los principales productores de plantel de Barcelona han celebrado el 3, 4 y 5 de Junio de 2015 una nueva edici\u00f3n de Viridalia, la muestra bianual de planta. Las empresas productoras han recibido a los profesionales del sector a lo largo de tres d\u00edas de puertas abiertas para darles a conocer sus novedades y aplicaciones, en el marco de una","canonical_url":"https:\/\/www.mercatflor.cat\/es\/noticias\/2015\/06\/viridalia-es-consolida-com-a-referent-en-el-sector\/","robots":"max-image-preview:large","keywords":"","webmasterTools":{"miscellaneous":""},"schema":{"@context":"https:\/\/schema.org","@graph":[{"@type":"Article","@id":"https:\/\/www.mercatflor.cat\/es\/noticias\/2015\/06\/viridalia-es-consolida-com-a-referent-en-el-sector\/#article","name":"Viridalia se consolida como referente en el sector | Mercat de Flor i Planta Ornamental","headline":"Viridalia se consolida como referente en el sector","author":{"@id":"https:\/\/www.mercatflor.cat\/es\/author\/promocio\/#author"},"publisher":{"@id":"https:\/\/www.mercatflor.cat\/es\/#organization"},"image":{"@type":"ImageObject","url":"https:\/\/www.mercatflor.cat\/wp-content\/uploads\/2015\/06\/viri.jpg","width":263,"height":250},"datePublished":"2015-06-08T10:17:56+00:00","dateModified":"2015-06-08T10:41:44+00:00","inLanguage":"es-ES","mainEntityOfPage":{"@id":"https:\/\/www.mercatflor.cat\/es\/noticias\/2015\/06\/viridalia-es-consolida-com-a-referent-en-el-sector\/#webpage"},"isPartOf":{"@id":"https:\/\/www.mercatflor.cat\/es\/noticias\/2015\/06\/viridalia-es-consolida-com-a-referent-en-el-sector\/#webpage"},"articleSection":"Noticias"},{"@type":"BreadcrumbList","@id":"https:\/\/www.mercatflor.cat\/es\/noticias\/2015\/06\/viridalia-es-consolida-com-a-referent-en-el-sector\/#breadcrumblist","itemListElement":[{"@type":"ListItem","@id":"https:\/\/www.mercatflor.cat\/es\/#listItem","position":1,"name":"Home","item":"https:\/\/www.mercatflor.cat\/es\/","nextItem":{"@type":"ListItem","@id":"https:\/\/www.mercatflor.cat\/es\/category\/noticias\/#listItem","name":"Noticias"}},{"@type":"ListItem","@id":"https:\/\/www.mercatflor.cat\/es\/category\/noticias\/#listItem","position":2,"name":"Noticias","item":"https:\/\/www.mercatflor.cat\/es\/category\/noticias\/","nextItem":{"@type":"ListItem","@id":"https:\/\/www.mercatflor.cat\/es\/noticias\/2015\/06\/viridalia-es-consolida-com-a-referent-en-el-sector\/#listItem","name":"Viridalia se consolida como referente en el sector"},"previousItem":{"@type":"ListItem","@id":"https:\/\/www.mercatflor.cat\/es\/#listItem","name":"Home"}},{"@type":"ListItem","@id":"https:\/\/www.mercatflor.cat\/es\/noticias\/2015\/06\/viridalia-es-consolida-com-a-referent-en-el-sector\/#listItem","position":3,"name":"Viridalia se consolida como referente en el sector","previousItem":{"@type":"ListItem","@id":"https:\/\/www.mercatflor.cat\/es\/category\/noticias\/#listItem","name":"Noticias"}}]},{"@type":"Organization","@id":"https:\/\/www.mercatflor.cat\/es\/#organization","name":"Mercat de Flor i Planta Ornamental","url":"https:\/\/www.mercatflor.cat\/es\/"},{"@type":"Person","@id":"https:\/\/www.mercatflor.cat\/es\/author\/promocio\/#author","url":"https:\/\/www.mercatflor.cat\/es\/author\/promocio\/","name":"Agn\u00e8s Cespedes","image":{"@type":"ImageObject","@id":"https:\/\/www.mercatflor.cat\/es\/noticias\/2015\/06\/viridalia-es-consolida-com-a-referent-en-el-sector\/#authorImage","url":"https:\/\/secure.gravatar.com\/avatar\/bcf16198e7ce572c825d1d9be24adef449a41d47a5cc2fad5a45e8cb5f882c7d?s=96&d=mm&r=g","width":96,"height":96,"caption":"Agn\u00e8s Cespedes"}},{"@type":"WebPage","@id":"https:\/\/www.mercatflor.cat\/es\/noticias\/2015\/06\/viridalia-es-consolida-com-a-referent-en-el-sector\/#webpage","url":"https:\/\/www.mercatflor.cat\/es\/noticias\/2015\/06\/viridalia-es-consolida-com-a-referent-en-el-sector\/","name":"Viridalia se consolida como referente en el sector | Mercat de Flor i Planta Ornamental","description":"Los principales productores de plantel de Barcelona han celebrado el 3, 4 y 5 de Junio de 2015 una nueva edici\u00f3n de Viridalia, la muestra bianual de planta. Las empresas productoras han recibido a los profesionales del sector a lo largo de tres d\u00edas de puertas abiertas para darles a conocer sus novedades y aplicaciones, en el marco de una","inLanguage":"es-ES","isPartOf":{"@id":"https:\/\/www.mercatflor.cat\/es\/#website"},"breadcrumb":{"@id":"https:\/\/www.mercatflor.cat\/es\/noticias\/2015\/06\/viridalia-es-consolida-com-a-referent-en-el-sector\/#breadcrumblist"},"author":{"@id":"https:\/\/www.mercatflor.cat\/es\/author\/promocio\/#author"},"creator":{"@id":"https:\/\/www.mercatflor.cat\/es\/author\/promocio\/#author"},"image":{"@type":"ImageObject","url":"https:\/\/www.mercatflor.cat\/wp-content\/uploads\/2015\/06\/viri.jpg","@id":"https:\/\/www.mercatflor.cat\/es\/noticias\/2015\/06\/viridalia-es-consolida-com-a-referent-en-el-sector\/#mainImage","width":263,"height":250},"primaryImageOfPage":{"@id":"https:\/\/www.mercatflor.cat\/es\/noticias\/2015\/06\/viridalia-es-consolida-com-a-referent-en-el-sector\/#mainImage"},"datePublished":"2015-06-08T10:17:56+00:00","dateModified":"2015-06-08T10:41:44+00:00"},{"@type":"WebSite","@id":"https:\/\/www.mercatflor.cat\/es\/#website","url":"https:\/\/www.mercatflor.cat\/es\/","name":"Mercat de Flor i Planta Ornamental","inLanguage":"es-ES","publisher":{"@id":"https:\/\/www.mercatflor.cat\/es\/#organization"}}]},"og:locale":"es_ES","og:site_name":"Mercat de Flor i Planta Ornamental |","og:type":"article","og:title":"Viridalia se consolida como referente en el sector | Mercat de Flor i Planta Ornamental","og:description":"Los principales productores de plantel de Barcelona han celebrado el 3, 4 y 5 de Junio de 2015 una nueva edici\u00f3n de Viridalia, la muestra bianual de planta. Las empresas productoras han recibido a los profesionales del sector a lo largo de tres d\u00edas de puertas abiertas para darles a conocer sus novedades y aplicaciones, en el marco de una","og:url":"https:\/\/www.mercatflor.cat\/es\/noticias\/2015\/06\/viridalia-es-consolida-com-a-referent-en-el-sector\/","article:published_time":"2015-06-08T10:17:56+00:00","article:modified_time":"2015-06-08T10:41:44+00:00","twitter:card":"summary","twitter:title":"Viridalia se consolida como referente en el sector | Mercat de Flor i Planta Ornamental","twitter:description":"Los principales productores de plantel de Barcelona han celebrado el 3, 4 y 5 de Junio de 2015 una nueva edici\u00f3n de Viridalia, la muestra bianual de planta. Las empresas productoras han recibido a los profesionales del sector a lo largo de tres d\u00edas de puertas abiertas para darles a conocer sus novedades y aplicaciones, en el marco de una"},"aioseo_meta_data":{"post_id":"6251","title":null,"description":null,"keywords":null,"keyphrases":null,"canonical_url":null,"og_title":null,"og_description":null,"og_object_type":"default","og_image_type":"default","og_image_url":null,"og_image_width":null,"og_image_height":null,"og_image_custom_url":null,"og_image_custom_fields":null,"og_video":null,"og_custom_url":null,"og_article_section":null,"og_article_tags":null,"twitter_use_og":false,"twitter_card":"default","twitter_image_type":"default","twitter_image_url":null,"twitter_image_custom_url":null,"twitter_image_custom_fields":null,"twitter_title":null,"twitter_description":null,"schema":{"blockGraphs":[],"customGraphs":[],"default":{"data":{"Article":[],"Course":[],"Dataset":[],"FAQPage":[],"Movie":[],"Person":[],"Product":[],"ProductReview":[],"Car":[],"Recipe":[],"Service":[],"SoftwareApplication":[],"WebPage":[]},"graphName":"","isEnabled":true},"graphs":[]},"schema_type":null,"schema_type_options":null,"pillar_content":false,"robots_default":true,"robots_noindex":false,"robots_noarchive":false,"robots_nosnippet":false,"robots_nofollow":false,"robots_noimageindex":false,"robots_noodp":false,"robots_notranslate":false,"robots_max_snippet":null,"robots_max_videopreview":null,"robots_max_imagepreview":"large","priority":null,"frequency":null,"local_seo":null,"breadcrumb_settings":null,"limit_modified_date":false,"ai":null,"created":"2021-01-21 15:54:43","updated":"2025-10-03 00:16:43","primary_term":null,"seo_analyzer_scan_date":null,"focus_keyword":null,"additional_keywords":null,"truseo_locale":null},"aioseo_breadcrumb":"<div class=\"aioseo-breadcrumbs\"><span class=\"aioseo-breadcrumb\">\n\t\t\t<a href=\"https:\/\/www.mercatflor.cat\/es\/\" title=\"Home\">Home<\/a>\n\t\t<\/span><span class=\"aioseo-breadcrumb-separator\">&raquo;<\/span><span class=\"aioseo-breadcrumb\">\n\t\t\t<a href=\"https:\/\/www.mercatflor.cat\/es\/category\/noticias\/\" title=\"Noticias\">Noticias<\/a>\n\t\t<\/span><span class=\"aioseo-breadcrumb-separator\">&raquo;<\/span><span class=\"aioseo-breadcrumb\">\n\t\t\tViridalia se consolida como referente en el sector\n\t\t<\/span><\/div>","aioseo_breadcrumb_json":[{"label":"Home","link":"https:\/\/www.mercatflor.cat\/es\/"},{"label":"Noticias","link":"https:\/\/www.mercatflor.cat\/es\/category\/noticias\/"},{"label":"Viridalia se consolida como referente en el sector","link":"https:\/\/www.mercatflor.cat\/es\/noticias\/2015\/06\/viridalia-es-consolida-com-a-referent-en-el-sector\/"}],"_links":{"self":[{"href":"https:\/\/www.mercatflor.cat\/es\/wp-json\/wp\/v2\/posts\/6251","targetHints":{"allow":["GET"]}}],"collection":[{"href":"https:\/\/www.mercatflor.cat\/es\/wp-json\/wp\/v2\/posts"}],"about":[{"href":"https:\/\/www.mercatflor.cat\/es\/wp-json\/wp\/v2\/types\/post"}],"author":[{"embeddable":true,"href":"https:\/\/www.mercatflor.cat\/es\/wp-json\/wp\/v2\/users\/2"}],"replies":[{"embeddable":true,"href":"https:\/\/www.mercatflor.cat\/es\/wp-json\/wp\/v2\/comments?post=6251"}],"version-history":[{"count":2,"href":"https:\/\/www.mercatflor.cat\/es\/wp-json\/wp\/v2\/posts\/6251\/revisions"}],"predecessor-version":[{"id":6255,"href":"https:\/\/www.mercatflor.cat\/es\/wp-json\/wp\/v2\/posts\/6251\/revisions\/6255"}],"wp:featuredmedia":[{"embeddable":true,"href":"https:\/\/www.mercatflor.cat\/es\/wp-json\/wp\/v2\/media\/6240"}],"wp:attachment":[{"href":"https:\/\/www.mercatflor.cat\/es\/wp-json\/wp\/v2\/media?parent=6251"}],"wp:term":[{"taxonomy":"category","embeddable":true,"href":"https:\/\/www.mercatflor.cat\/es\/wp-json\/wp\/v2\/categories?post=6251"},{"taxonomy":"post_tag","embeddable":true,"href":"https:\/\/www.mercatflor.cat\/es\/wp-json\/wp\/v2\/tags?post=6251"}],"curies":[{"name":"wp","href":"https:\/\/api.w.org\/{rel}","templated":true}]}}