{"id":6183,"date":"2015-04-30T11:49:59","date_gmt":"2015-04-30T11:49:59","guid":{"rendered":"http:\/\/www.mercatflor.cat\/sin-categoria-es\/2015\/05\/fires-i-festes-florals-a-catalunya-2\/"},"modified":"2015-05-13T07:03:16","modified_gmt":"2015-05-13T07:03:16","slug":"ferias-y-fiestas-florales-en-catalunya","status":"publish","type":"post","link":"https:\/\/www.mercatflor.cat\/es\/noticias\/2015\/04\/ferias-y-fiestas-florales-en-catalunya\/","title":{"rendered":"Ferias y fiestas florales en Catalunya"},"content":{"rendered":"<p>Con la primavera se acontecen un buen pu\u00f1ado de propuestas festivas y l\u00fadicas para disfrutar de las flores y las plantas: exposiciones y concursos de rosas, muestras florales, jornadas gastron\u00f3micas, ferias, encuentros, paseos&#8230;<\/p>\n<p>En Catalunya es sobretodo en el mes de mayo que estas celebraciones toman m\u00e1ximo protagonismo, extendi\u00e9ndose en el calendario hasta la festividad de Corpus Christi, que este a\u00f1o se festeja el fin de semana del 6 y 7 de junio.<\/p>\n<p>A continuaci\u00f3n os relacionamos aquellas de las que hemos tenido constancia. Si no sab\u00e9is alguna m\u00e1s, o particip\u00e1is en la organizaci\u00f3n de alguna de ellas y quer\u00e9is hacernos llegar m\u00e1s informaci\u00f3n, poneros en contacto con nosotros en <span style=\"color: #800000;\">promocio@mercatflor.cat<\/span> o al <span style=\"color: #800000;\">Tel. 937 500 000.<\/span><\/p>\n<div id=\"attachment_6174\" style=\"width: 310px\" class=\"wp-caption alignnone\"><img loading=\"lazy\" decoding=\"async\" aria-describedby=\"caption-attachment-6174\" class=\"wp-image-6174 size-medium\" src=\"https:\/\/www.mercatflor.cat\/wp-content\/uploads\/2015\/05\/P4O3880-300x200.jpg\" alt=\"Concurs Roses Calella\" width=\"300\" height=\"200\" srcset=\"https:\/\/www.mercatflor.cat\/wp-content\/uploads\/2015\/05\/P4O3880-300x200.jpg 300w, https:\/\/www.mercatflor.cat\/wp-content\/uploads\/2015\/05\/P4O3880-214x143.jpg 214w, https:\/\/www.mercatflor.cat\/wp-content\/uploads\/2015\/05\/P4O3880.jpg 800w\" sizes=\"auto, (max-width: 300px) 100vw, 300px\" \/><p id=\"caption-attachment-6174\" class=\"wp-caption-text\">Concurso-exposici\u00f3n de rosas de Calella, edici\u00f3n 2014<\/p><\/div>\n<div id=\"attachment_6181\" style=\"width: 310px\" class=\"wp-caption alignright\"><img loading=\"lazy\" decoding=\"async\" aria-describedby=\"caption-attachment-6181\" class=\"wp-image-6181 size-medium\" src=\"https:\/\/www.mercatflor.cat\/wp-content\/uploads\/2015\/05\/image-13-300x300.jpeg\" alt=\"Enramades Arb\u00facies\" width=\"300\" height=\"300\" srcset=\"https:\/\/www.mercatflor.cat\/wp-content\/uploads\/2015\/05\/image-13-300x300.jpeg 300w, https:\/\/www.mercatflor.cat\/wp-content\/uploads\/2015\/05\/image-13-160x160.jpeg 160w, https:\/\/www.mercatflor.cat\/wp-content\/uploads\/2015\/05\/image-13-1024x1024.jpeg 1024w, https:\/\/www.mercatflor.cat\/wp-content\/uploads\/2015\/05\/image-13.jpeg 1280w\" sizes=\"auto, (max-width: 300px) 100vw, 300px\" \/><p id=\"caption-attachment-6181\" class=\"wp-caption-text\">Enramades de Arb\u00facies, 2014<\/p><\/div>\n<table border=\"0\" cellspacing=\"5\" cellpadding=\"5\">\n<tbody>\n<tr>\n<td align=\"left\" bgcolor=\"#fadcdc\">\n<h4 style=\"text-align: center;\"><strong>\u00a0DIA\u00a0<\/strong><\/h4>\n<\/td>\n<td align=\"left\" bgcolor=\"#fadcdc\">\n<h4 style=\"text-align: center;\"><strong>FIESTA<\/strong><\/h4>\n<\/td>\n<td align=\"left\" bgcolor=\"#fadcdc\">\n<h4><strong>MUNICIPIO<\/strong><\/h4>\n<\/td>\n<td align=\"left\" bgcolor=\"#fadcdc\">\n<h4><strong>M\u00c1S INFORMACI\u00d3N<\/strong><\/h4>\n<\/td>\n<\/tr>\n<tr>\n<td style=\"text-align: center;\" align=\"left\" bgcolor=\"#fef5f5\">1 al 3\u00a0de\u00a0mayo<\/td>\n<td style=\"text-align: center;\" align=\"left\" bgcolor=\"#fef5f5\">FLORS I VIOLES<\/td>\n<td align=\"left\" bgcolor=\"#fef5f5\">PALAFRUGELL<\/td>\n<td align=\"left\" bgcolor=\"#fef5f5\"><a href=\"http:\/\/www.florsivioles.cat\" target=\"_blank\">www.florsivioles.cat<\/a><\/td>\n<\/tr>\n<tr>\n<td style=\"text-align: center;\" align=\"left\" bgcolor=\"#fadcdc\">1\u00a0al\u00a04\u00a0de mayo<\/td>\n<td style=\"text-align: center;\" align=\"left\" bgcolor=\"#fadcdc\">EXPOSICI\u00d3 DE RAMS I MOSTRA PASSEJANT PELS PATIS (Dins Festa Major)<\/td>\n<td align=\"left\" bgcolor=\"#fadcdc\">CELR\u00c0<\/td>\n<td align=\"left\" bgcolor=\"#fadcdc\"><a href=\"http:\/\/www.celra.cat\/web\/documents\/2015\/programafesta2015.pdf\" target=\"_blank\">http:\/\/www.celra.cat\/web\/documents\/2015\/programafesta2015.pdf<\/a><\/td>\n<\/tr>\n<tr>\n<td style=\"text-align: center;\" align=\"left\" bgcolor=\"#fef5f5\">2 y\u00a03 de mayo<\/td>\n<td style=\"text-align: center;\" align=\"left\" bgcolor=\"#fef5f5\">62\u00e8 CONCURS DE FLORS<\/td>\n<td align=\"left\" bgcolor=\"#fef5f5\">STA. COLOMA DE FARNERS<\/td>\n<td align=\"left\" bgcolor=\"#fef5f5\"><a href=\"http:\/\/www.scf.cat\/images\/stories\/noticies\/2015\/04_abril\/260415_expo_flors\/concurs_flors_fira_herbes_ratafia.pdf\" target=\"_blank\">http:\/\/www.scf.cat\/images\/stories\/noticies\/2015\/04_abril\/260415_expo_flors\/concurs_flors_fira_herbes_ratafia.pdf<\/a><\/td>\n<\/tr>\n<tr>\n<td style=\"text-align: center;\" align=\"left\" bgcolor=\"#fadcdc\">2\u00a0de mayo<\/td>\n<td style=\"text-align: center;\" align=\"left\" bgcolor=\"#fadcdc\">FIRA DE LES FLORS I LES PLANTES<\/td>\n<td align=\"left\" bgcolor=\"#fadcdc\">SANTS &#8211; BARCELONA<\/td>\n<td align=\"left\" bgcolor=\"#fadcdc\"><\/td>\n<\/tr>\n<tr>\n<td style=\"text-align: center;\" align=\"left\" bgcolor=\"#fef5f5\">2\u00a0al 4 de mayo<\/td>\n<td style=\"text-align: center;\" align=\"left\" bgcolor=\"#fef5f5\">69\u00e8 CONCURS DE ROSES<\/td>\n<td align=\"left\" bgcolor=\"#fef5f5\">REUS<\/td>\n<td align=\"left\" bgcolor=\"#fef5f5\"><a href=\"http:\/\/www.centrelectura.cat\/cdlweb\/wp-content\/uploads\/2015\/04\/roses-2015.pdf\" target=\"_blank\">http:\/\/www.centrelectura.cat\/cdlweb\/wp-content\/uploads\/2015\/04\/roses-2015.pdf\u00a0<\/a><\/td>\n<\/tr>\n<tr>\n<td style=\"text-align: center;\" align=\"left\" bgcolor=\"#fadcdc\">9 y\u00a010\u00a0de mayo<\/td>\n<td style=\"text-align: center;\" align=\"left\" bgcolor=\"#fadcdc\">48\u00e8 CONCURS DE ROSES i MOMENTS DE FLORS<\/td>\n<td align=\"left\" bgcolor=\"#fadcdc\">CALELLA<\/td>\n<td align=\"left\" bgcolor=\"#fadcdc\"><a href=\"http:\/\/www.calella.cat\/recursos-compartits\/arxius\/home\/ProgramaMomentsFlors15-baixa.pdf\" target=\"_blank\">http:\/\/www.calella.cat\/recursos-compartits\/arxius\/home\/ProgramaMomentsFlors15-baixa.pdf\u00a0<\/a><\/td>\n<\/tr>\n<tr>\n<td style=\"text-align: center;\" align=\"left\" bgcolor=\"#fef5f5\">8 al 10 de mayo<\/td>\n<td style=\"text-align: center;\" align=\"left\" bgcolor=\"#fef5f5\">57ena EXPOSICI\u00d3 NACIONAL DE ROSES<\/td>\n<td align=\"left\" bgcolor=\"#fef5f5\">ST. FELIU DEL LLOBREGAT<\/td>\n<td align=\"left\" bgcolor=\"#fef5f5\"><a href=\"https:\/\/amicsdelesroses.wordpress.com\/2015\/05\/03\/57a-exposicio-nacional-de-roses\/\" target=\"_blank\">https:\/\/amicsdelesroses.wordpress.com\/2015\/05\/03\/57a-exposicio-nacional-de-roses\/<\/a><\/td>\n<\/tr>\n<tr>\n<td style=\"text-align: center;\" align=\"left\" bgcolor=\"#fadcdc\">9 y\u00a010 de mayo<\/td>\n<td style=\"text-align: center;\" align=\"left\" bgcolor=\"#fadcdc\">19\u00e8 CONCURS DE ROSES<\/td>\n<td align=\"left\" bgcolor=\"#fadcdc\">EL VENDRELL<\/td>\n<td align=\"left\" bgcolor=\"#fadcdc\"><a href=\"http:\/\/www.elvendrell.net\/images\/stories\/el-vendrell-per-temes\/Promocio_Economica\/Concurs_roses\/cartell_dia_rosa_015.pdf\" target=\"_blank\">http:\/\/www.elvendrell.net\/images\/stories\/el-vendrell-per-temes\/Promocio_Economica\/Concurs_roses\/cartell_dia_rosa_015.pdf\u00a0<\/a><\/td>\n<\/tr>\n<tr>\n<td style=\"text-align: center;\" align=\"left\" bgcolor=\"#fef5f5\">8 al 10\u00a0de maig<\/td>\n<td style=\"text-align: center;\" align=\"left\" bgcolor=\"#fef5f5\">CONCURS DE ROSES NOVES<\/td>\n<td align=\"left\" bgcolor=\"#fef5f5\">BARCELONA<\/td>\n<td align=\"left\" bgcolor=\"#fef5f5\"><a href=\"http:\/\/ajuntament.barcelona.cat\/habitaturba\/ca\/serveis\/la-ciutat-funciona\/educacio-i-sensibilitzacio\/programes-deducacio-i-sensibilitzacio\/concurs-internacional-de-roses-noves\" target=\"_blank\">http:\/\/ajuntament.barcelona.cat\/habitaturba\/ca\/serveis\/la-ciutat-funciona\/educacio-i-sensibilitzacio\/programes-deducacio-i-sensibilitzacio\/concurs-internacional-de-roses-noves<\/a><\/td>\n<\/tr>\n<tr>\n<td style=\"text-align: center;\" align=\"left\" bgcolor=\"#fadcdc\">9 y 10\u00a0de mayo<\/td>\n<td style=\"text-align: center;\" align=\"left\" bgcolor=\"#fadcdc\">FIRA FLOR<\/td>\n<td align=\"left\" bgcolor=\"#fadcdc\">VILANANT<\/td>\n<td align=\"left\" bgcolor=\"#fadcdc\"><a href=\"http:\/\/ca.vilanant.cat\/lajuntament\/fira-de-la-flor-i-el-jardi\/\" target=\"_blank\">http:\/\/ca.vilanant.cat\/lajuntament\/fira-de-la-flor-i-el-jardi\/<\/a><\/td>\n<\/tr>\n<tr>\n<td style=\"text-align: center;\" align=\"left\" bgcolor=\"#fef5f5\">\u00a010 de mayo<\/td>\n<td style=\"text-align: center;\" align=\"left\" bgcolor=\"#fef5f5\">SUBIRATS EN FLOR<\/td>\n<td align=\"left\" bgcolor=\"#fef5f5\">SUBIRATS<\/td>\n<td align=\"left\" bgcolor=\"#fef5f5\"><a href=\"http:\/\/www.turismesubirats.cat\/2015\/05\/04\/el-diumenge-10-de-maig-subirats-en-flor\" target=\"_blank\">http:\/\/www.turismesubirats.cat\/2015\/05\/04\/el-diumenge-10-de-maig-subirats-en-flor<\/a><\/td>\n<\/tr>\n<tr>\n<td style=\"text-align: center;\" align=\"left\" bgcolor=\"#fadcdc\">10 de mayo<\/td>\n<td style=\"text-align: center;\" align=\"left\" bgcolor=\"#fadcdc\">18a FIRA VERD<\/td>\n<td align=\"left\" bgcolor=\"#fadcdc\">CARME<\/td>\n<td align=\"left\" bgcolor=\"#fadcdc\"><a href=\"http:\/\/www.festacatalunya.cat\/articles-mostra-810-cat-firaverd_de_carme_la_fira_de_la_floristeria_i_la_jardineria.htm\" target=\"_blank\">http:\/\/www.festacatalunya.cat\/articles-mostra-810-cat-firaverd_de_carme_la_fira_de_la_floristeria_i_la_jardineria.htm<\/a><\/td>\n<\/tr>\n<tr>\n<td style=\"text-align: center;\" align=\"left\" bgcolor=\"#fef5f5\">9\u00a0al 17 de mayo<\/td>\n<td style=\"text-align: center;\" align=\"left\" bgcolor=\"#fef5f5\">TEMPS DE FLORS<\/td>\n<td align=\"left\" bgcolor=\"#fef5f5\">GIRONA<\/td>\n<td align=\"left\" bgcolor=\"#fef5f5\"><a href=\"http:\/\/www.gironatempsdeflors.net\/cat\/index.php\" target=\"_blank\">http:\/\/www.gironatempsdeflors.net\/cat\/index.php<\/a><\/td>\n<\/tr>\n<tr>\n<td style=\"text-align: center;\" align=\"left\" bgcolor=\"#fadcdc\">15 al 17 de mayo<\/td>\n<td style=\"text-align: center;\" align=\"left\" bgcolor=\"#fadcdc\">ANDOFLORA<\/td>\n<td align=\"left\" bgcolor=\"#fadcdc\">LA MASSANA (ANDORRA)<\/td>\n<td align=\"left\" bgcolor=\"#fadcdc\"><a href=\"http:\/\/informatiu.lamassana.ad\/\/articulo\/andoflora-2015\" target=\"_blank\">http:\/\/informatiu.lamassana.ad\/\/articulo\/andoflora-2015<\/a><\/td>\n<\/tr>\n<tr>\n<td style=\"text-align: center;\" align=\"left\" bgcolor=\"#fef5f5\">\u00a08 al 24 de mayo<\/td>\n<td style=\"text-align: center;\" align=\"left\" bgcolor=\"#fef5f5\">SANT JOAN LES FLORS<\/td>\n<td align=\"left\" bgcolor=\"#fef5f5\">SANT JOAN LES FONTS<\/td>\n<td align=\"left\" bgcolor=\"#fef5f5\"><a href=\"http:\/\/www.facebook.com\/santjoanlesflors\" target=\"_blank\">http:\/\/www.facebook.com\/santjoanlesflors<\/a><\/td>\n<\/tr>\n<tr>\n<td style=\"text-align: center;\" align=\"left\" bgcolor=\"#fadcdc\">\u00a023 y 24 de mayo<\/td>\n<td style=\"text-align: center;\" align=\"left\" bgcolor=\"#fadcdc\">FESTA DE LES FLORS<\/td>\n<td align=\"left\" bgcolor=\"#fadcdc\">VIDRERES<\/td>\n<td align=\"left\" bgcolor=\"#fadcdc\"><a href=\"http:\/\/www.vidreres.cat\/noticies\/2015\/vidreres-acollira-el-cap-de-setmana-del-23-i-24-de-maig-la-festa-de-les-flors\" target=\"_blank\">http:\/\/www.vidreres.cat\/noticies\/2015\/vidreres-acollira-el-cap-de-setmana-del-23-i-24-de-maig-la-festa-de-les-flors<\/a><\/td>\n<\/tr>\n<tr>\n<td style=\"text-align: center;\" align=\"left\" bgcolor=\"#fef5f5\">22 al 26 de mayo<\/td>\n<td style=\"text-align: center;\" align=\"left\" bgcolor=\"#fef5f5\">\u00a0LLAGOSTERA EN FLOR<\/td>\n<td align=\"left\" bgcolor=\"#fef5f5\">LLAGOSTERA<\/td>\n<td align=\"left\" bgcolor=\"#fef5f5\"><a href=\"http:\/\/llagosteraenflor.blogspot.com\" target=\"_blank\">http:\/\/llagosteraenflor.blogspot.com<\/a><\/td>\n<\/tr>\n<tr>\n<td style=\"text-align: center;\" align=\"left\" bgcolor=\"#fadcdc\">\u00a030 y\u00a031 de mayo<\/td>\n<td style=\"text-align: center;\" align=\"left\" bgcolor=\"#fadcdc\">\u00a016a FESTA DELS TREMENTINAIRES<\/td>\n<td align=\"left\" bgcolor=\"#fadcdc\">TUIXENT<\/td>\n<td align=\"left\" bgcolor=\"#fadcdc\"><a href=\"http:\/\/www.trementinaires.org\/pages\/festa.php\" target=\"_blank\">http:\/\/www.trementinaires.org\/pages\/festa.php<\/a><\/td>\n<\/tr>\n<tr>\n<td style=\"text-align: center;\" align=\"left\" bgcolor=\"#fef5f5\">31 de mayo<\/td>\n<td style=\"text-align: center;\" align=\"left\" bgcolor=\"#fef5f5\">ENRAMADES<\/td>\n<td align=\"left\" bgcolor=\"#fef5f5\">ARB\u00daCIES<\/td>\n<td align=\"left\" bgcolor=\"#fef5f5\"><a href=\"http:\/\/www.enramades.net\" target=\"_blank\">http:\/\/www.enramades.net<\/a><\/td>\n<\/tr>\n<tr>\n<td style=\"text-align: center;\" align=\"left\" bgcolor=\"#fadcdc\">7 de\u00a0junio<\/td>\n<td style=\"text-align: center;\" align=\"left\" bgcolor=\"#fadcdc\">CORPUS<\/td>\n<td align=\"left\" bgcolor=\"#fadcdc\">LA GARRIGA<\/td>\n<td align=\"left\" bgcolor=\"#fadcdc\"><a href=\"http:\/\/www.corpuslagarriga.org\/programaci\u00f3\" target=\"_blank\">http:\/\/www.corpuslagarriga.org\/programaci\u00f3<\/a><\/td>\n<\/tr>\n<tr>\n<td style=\"text-align: center;\" align=\"left\" bgcolor=\"#fef5f5\">6 y\u00a07 de junio<\/td>\n<td style=\"text-align: center;\" align=\"left\" bgcolor=\"#fef5f5\">CORPUS<\/td>\n<td align=\"left\" bgcolor=\"#fef5f5\">CALDES DE MONTBUI<\/td>\n<td align=\"left\" bgcolor=\"#fef5f5\"><a href=\"http:\/\/www.festacatalunya.cat\/articles-mostra-4141-cat-caldesflor_corpus_a_caldes_de_montbui.htm\" target=\"_blank\">http:\/\/www.festacatalunya.cat\/articles-mostra-4141-cat-caldesflor_corpus_a_caldes_de_montbui.htm<\/a><\/td>\n<\/tr>\n<tr>\n<td style=\"text-align: center;\" align=\"left\" bgcolor=\"#fadcdc\">6 al 14\u00a0de junio<\/td>\n<td style=\"text-align: center;\" align=\"left\" bgcolor=\"#fadcdc\">\u00a0CORPUS<\/td>\n<td align=\"left\" bgcolor=\"#fadcdc\">SITGES<\/td>\n<td align=\"left\" bgcolor=\"#fadcdc\"><a href=\"http:\/\/corpusdesitges.blogspot.com.es\" target=\"_blank\">http:\/\/corpusdesitges.blogspot.com.es<\/a><\/td>\n<\/tr>\n<tr>\n<td style=\"text-align: center;\" align=\"left\" bgcolor=\"#fef5f5\">6 y\u00a07 de junio<\/td>\n<td style=\"text-align: center;\" align=\"left\" bgcolor=\"#fef5f5\">CORPUS<\/td>\n<td align=\"left\" bgcolor=\"#fef5f5\">DIVERSES VILES I CIUTATS<\/td>\n<td align=\"left\" bgcolor=\"#fef5f5\">Activitats florals i mostres de catifes de flors a <strong>LLEIDA, SALLENT, AIGUAFREDA, ARGENTONA, BALAGUER, FLIX, L&#8217;AMETLLA DE MAR, TIVISSA, EL PERELL\u00d3, L&#8217;ALEIXAR, LA ROCA DEL VALL\u00c8S, GUISSONA, MOLLET DEL VALL\u00c8S, VILASSAR DE MAR, CALELLA, L&#8217;ESTARTIT<\/strong>&#8230; (Consultar webs municipals per a m\u00e9s informaci\u00f3.)<\/td>\n<\/tr>\n<tr>\n<td style=\"text-align: center;\" align=\"left\" bgcolor=\"#fadcdc\">13 y\u00a014\u00a0de junio<\/td>\n<td style=\"text-align: center;\" align=\"left\" bgcolor=\"#fadcdc\">XIa FIRA MERCAT D&#8217;HERBES I FLORS DE MUNTANYA<\/td>\n<td align=\"left\" bgcolor=\"#fadcdc\">SETCASES<\/td>\n<td align=\"left\" bgcolor=\"#fadcdc\"><a href=\"http:\/\/www.setcases.cat\/index.php?option=com_content&amp;view=article&amp;id=72&amp;Itemid=64\" target=\"_blank\">http:\/\/www.setcases.cat\/index.php?option=com_content&amp;view=article&amp;id=72&amp;Itemid=64<\/a><\/td>\n<\/tr>\n<\/tbody>\n<\/table>\n","protected":false},"excerpt":{"rendered":"<p>Con la primavera se acontecen un buen pu\u00f1ado de propuestas festivas y l\u00fadicas para disfrutar de las flores y las plantas: exposiciones y concursos de rosas, muestras florales, jornadas gastron\u00f3micas, ferias, encuentros, paseos&#8230; En Catalunya es sobretodo en el mes de mayo que estas celebraciones toman m\u00e1ximo protagonismo, extendi\u00e9ndose en el calendario hasta la festividad [&hellip;]<\/p>\n","protected":false},"author":2,"featured_media":6188,"comment_status":"closed","ping_status":"closed","sticky":false,"template":"","format":"standard","meta":{"footnotes":""},"categories":[125],"tags":[],"class_list":["post-6183","post","type-post","status-publish","format-standard","has-post-thumbnail","hentry","category-noticias"],"aioseo_notices":[],"_links":{"self":[{"href":"https:\/\/www.mercatflor.cat\/es\/wp-json\/wp\/v2\/posts\/6183","targetHints":{"allow":["GET"]}}],"collection":[{"href":"https:\/\/www.mercatflor.cat\/es\/wp-json\/wp\/v2\/posts"}],"about":[{"href":"https:\/\/www.mercatflor.cat\/es\/wp-json\/wp\/v2\/types\/post"}],"author":[{"embeddable":true,"href":"https:\/\/www.mercatflor.cat\/es\/wp-json\/wp\/v2\/users\/2"}],"replies":[{"embeddable":true,"href":"https:\/\/www.mercatflor.cat\/es\/wp-json\/wp\/v2\/comments?post=6183"}],"version-history":[{"count":6,"href":"https:\/\/www.mercatflor.cat\/es\/wp-json\/wp\/v2\/posts\/6183\/revisions"}],"predecessor-version":[{"id":6195,"href":"https:\/\/www.mercatflor.cat\/es\/wp-json\/wp\/v2\/posts\/6183\/revisions\/6195"}],"wp:featuredmedia":[{"embeddable":true,"href":"https:\/\/www.mercatflor.cat\/es\/wp-json\/wp\/v2\/media\/6188"}],"wp:attachment":[{"href":"https:\/\/www.mercatflor.cat\/es\/wp-json\/wp\/v2\/media?parent=6183"}],"wp:term":[{"taxonomy":"category","embeddable":true,"href":"https:\/\/www.mercatflor.cat\/es\/wp-json\/wp\/v2\/categories?post=6183"},{"taxonomy":"post_tag","embeddable":true,"href":"https:\/\/www.mercatflor.cat\/es\/wp-json\/wp\/v2\/tags?post=6183"}],"curies":[{"name":"wp","href":"https:\/\/api.w.org\/{rel}","templated":true}]}}