{"id":4091,"date":"2014-10-03T17:01:15","date_gmt":"2014-10-03T17:01:15","guid":{"rendered":"http:\/\/www.mercatflor.cat\/?p=4091"},"modified":"2014-10-03T17:01:15","modified_gmt":"2014-10-03T17:01:15","slug":"%ef%bb%bfhemos-estado-en-iberflora","status":"publish","type":"post","link":"https:\/\/www.mercatflor.cat\/es\/noticias\/2014\/10\/%ef%bb%bfhemos-estado-en-iberflora\/","title":{"rendered":"\ufeffHemos estado en Iberflora"},"content":{"rendered":"<p>Desde el mi\u00e9rcoles 1 y hasta el viernes 3 de octubre el Mercat de Flor i\u00a0Planta Ornamental de Catalunya hemos estado en la 43 edici\u00f3n de Iberflora, la Feria Internacional de Planta, Flor, Tecnolog\u00eda y Bricojard\u00edn, que re\u00fane 375 empresas con los productos m\u00e1s nuevos vinculados con el mundo de la jardiner\u00eda, el paisajismo y la agricultura. El Mercat\u00a0ha estado presente con un peque\u00f1o stand en el que hemos mostrado algunos de nuestros productos, intentando darlos a conocer a la potencial clientela que suele acudir a esta feria.<br \/>\nEl certamen ha crecido este a\u00f1o un 40% en n\u00famero de expositores, con una superficie ocupada de 36.000 metros cuadrados. Adem\u00e1s, ha contado con casi un centenar de actividades paralelas: conferencias sobre nuevos canales de distribuci\u00f3n o tendencias de consumo, exposiciones, foros, mesas redondas &#8230; Asimismo ha incluido nuevas propuestas destinadas a fomentar el ocio verde y incentivar el consumo de flores y plantas. En este sentido, el viernes 3 de octubre a mediod\u00eda abri\u00f3 sus puertas al consumidor final y acogi\u00f3 un espectacular desfile de la dise\u00f1adora Maya Hansen que uni\u00f3 moda y arte floral.<\/p>\n","protected":false},"excerpt":{"rendered":"<p>Desde el mi\u00e9rcoles 1 y hasta el viernes 3 de octubre el Mercat de Flor i\u00a0Planta Ornamental de Catalunya hemos estado en la 43 edici\u00f3n de Iberflora, la Feria Internacional de Planta, Flor, Tecnolog\u00eda y Bricojard\u00edn, que re\u00fane 375 empresas con los productos m\u00e1s nuevos vinculados con el mundo de la jardiner\u00eda, el paisajismo y [&hellip;]<\/p>\n","protected":false},"author":2,"featured_media":4090,"comment_status":"closed","ping_status":"closed","sticky":false,"template":"","format":"standard","meta":{"footnotes":""},"categories":[125],"tags":[],"class_list":["post-4091","post","type-post","status-publish","format-standard","has-post-thumbnail","hentry","category-noticias"],"aioseo_notices":[],"_links":{"self":[{"href":"https:\/\/www.mercatflor.cat\/es\/wp-json\/wp\/v2\/posts\/4091","targetHints":{"allow":["GET"]}}],"collection":[{"href":"https:\/\/www.mercatflor.cat\/es\/wp-json\/wp\/v2\/posts"}],"about":[{"href":"https:\/\/www.mercatflor.cat\/es\/wp-json\/wp\/v2\/types\/post"}],"author":[{"embeddable":true,"href":"https:\/\/www.mercatflor.cat\/es\/wp-json\/wp\/v2\/users\/2"}],"replies":[{"embeddable":true,"href":"https:\/\/www.mercatflor.cat\/es\/wp-json\/wp\/v2\/comments?post=4091"}],"version-history":[{"count":1,"href":"https:\/\/www.mercatflor.cat\/es\/wp-json\/wp\/v2\/posts\/4091\/revisions"}],"predecessor-version":[{"id":4092,"href":"https:\/\/www.mercatflor.cat\/es\/wp-json\/wp\/v2\/posts\/4091\/revisions\/4092"}],"wp:featuredmedia":[{"embeddable":true,"href":"https:\/\/www.mercatflor.cat\/es\/wp-json\/wp\/v2\/media\/4090"}],"wp:attachment":[{"href":"https:\/\/www.mercatflor.cat\/es\/wp-json\/wp\/v2\/media?parent=4091"}],"wp:term":[{"taxonomy":"category","embeddable":true,"href":"https:\/\/www.mercatflor.cat\/es\/wp-json\/wp\/v2\/categories?post=4091"},{"taxonomy":"post_tag","embeddable":true,"href":"https:\/\/www.mercatflor.cat\/es\/wp-json\/wp\/v2\/tags?post=4091"}],"curies":[{"name":"wp","href":"https:\/\/api.w.org\/{rel}","templated":true}]}}