{"id":15291,"date":"2026-01-15T15:58:48","date_gmt":"2026-01-15T15:58:48","guid":{"rendered":"https:\/\/www.mercatflor.cat\/?p=15291"},"modified":"2026-01-16T10:56:39","modified_gmt":"2026-01-16T10:56:39","slug":"se-traspasa-floristeria-en-sabadell","status":"publish","type":"post","link":"https:\/\/www.mercatflor.cat\/es\/anuncios\/2026\/01\/se-traspasa-floristeria-en-sabadell\/","title":{"rendered":"Se traspasa florister\u00eda en Sabadell"},"content":{"rendered":"\n<p class=\"has-black-color has-text-color has-link-color wp-elements-10dcb9d26fc75285d9df5dd27d6c7520 wp-block-paragraph\">Por jubilaci\u00f3n.<\/p>\n\n\n\n<p class=\"has-black-color has-text-color has-link-color wp-elements-3529d227dd4878825815f26976651fa0 wp-block-paragraph\">Al lado de El Corte Ingl\u00e9s y de los Juzgados (Eix Maci\u00e0).<\/p>\n\n\n\n<p class=\"has-black-color has-text-color has-link-color wp-elements-cc2f5f6a48b19e387f1c0e68a1473f96 wp-block-paragraph\">En pleno funcionamiento y crecimiento.<\/p>\n\n\n\n<p class=\"has-black-color has-text-color has-link-color wp-elements-3728ac9b3a9ff12f4c4729abc7aa593e wp-block-paragraph\">Valoraci\u00f3n en Google de 5 estrellas (+de 100 rese\u00f1as).<\/p>\n\n\n\n<p class=\"has-black-color has-text-color has-link-color wp-elements-35a84229217bf56a66cc8a76ab7648e5 wp-block-paragraph\">Ver aqu\u00ed: <a href=\"https:\/\/share.google\/9HklnWOoc1tLiqjLP\">https:\/\/share.google\/9HklnWOoc1tLiqjLP<\/a><\/p>\n\n\n\n<p class=\"has-black-color has-text-color has-link-color wp-elements-1002369de73b7d4e050b387059377c99 wp-block-paragraph\">P\u00e1gina web propia con tienda online: <a href=\"https:\/\/www.florsgessami.com\/\">www.florsgessami.com<\/a><\/p>\n\n\n\n<figure class=\"wp-block-image size-large\"><img loading=\"lazy\" decoding=\"async\" width=\"1024\" height=\"551\" src=\"https:\/\/www.mercatflor.cat\/wp-content\/uploads\/2026\/01\/Gessami-3-1024x551.jpg\" alt=\"\" class=\"wp-image-15298\" srcset=\"https:\/\/www.mercatflor.cat\/wp-content\/uploads\/2026\/01\/Gessami-3-1024x551.jpg 1024w, https:\/\/www.mercatflor.cat\/wp-content\/uploads\/2026\/01\/Gessami-3-300x161.jpg 300w, https:\/\/www.mercatflor.cat\/wp-content\/uploads\/2026\/01\/Gessami-3-214x115.jpg 214w, https:\/\/www.mercatflor.cat\/wp-content\/uploads\/2026\/01\/Gessami-3-768x413.jpg 768w, https:\/\/www.mercatflor.cat\/wp-content\/uploads\/2026\/01\/Gessami-3-1536x827.jpg 1536w, https:\/\/www.mercatflor.cat\/wp-content\/uploads\/2026\/01\/Gessami-3.jpg 1914w\" sizes=\"auto, (max-width: 1024px) 100vw, 1024px\" \/><\/figure>\n\n\n\n<p class=\"has-black-color has-text-color has-link-color wp-elements-66cf5fc5ccaa0822e6ee6212b211507f wp-block-paragraph\">Ideal para continuar la actividad desde el primer d\u00eda, sin inversi\u00f3n adicional.<\/p>\n\n\n\n<p class=\"has-black-color has-text-color has-link-color wp-elements-ec957eebe20c086fb04e3fb4528a2795 wp-block-paragraph\">70 m\u00b2, dos neveras y carpa exterior para festividades.<\/p>\n\n\n\n<p class=\"has-black-color has-text-color has-link-color wp-elements-33361c827b08dd402f4f28466a79a4e5 wp-block-paragraph\">Traspaso en junio de 2026.<\/p>\n\n\n\n<p class=\"has-black-color has-text-color has-link-color wp-elements-7cfa442f2901d07267eb923f782d13bb wp-block-paragraph\">12.500 \u20ac<\/p>\n\n\n\n<p class=\"has-black-color has-text-color has-link-color wp-elements-87e137c816cf34039f50875611539703 wp-block-paragraph\"><strong>M\u00e1s informaci\u00f3n: Gessam\u00ed Florister\u00eda. Tel. 650 869 870 (Mar\u00eda)<\/strong><\/p>\n\n\n\n<figure class=\"wp-block-image size-full\"><img loading=\"lazy\" decoding=\"async\" width=\"950\" height=\"633\" src=\"https:\/\/www.mercatflor.cat\/wp-content\/uploads\/2026\/01\/Gessami-1.jpg\" alt=\"\" class=\"wp-image-15294\" srcset=\"https:\/\/www.mercatflor.cat\/wp-content\/uploads\/2026\/01\/Gessami-1.jpg 950w, https:\/\/www.mercatflor.cat\/wp-content\/uploads\/2026\/01\/Gessami-1-300x200.jpg 300w, https:\/\/www.mercatflor.cat\/wp-content\/uploads\/2026\/01\/Gessami-1-214x143.jpg 214w, https:\/\/www.mercatflor.cat\/wp-content\/uploads\/2026\/01\/Gessami-1-768x512.jpg 768w\" sizes=\"auto, (max-width: 950px) 100vw, 950px\" \/><\/figure>\n\n\n\n<p class=\"has-black-color has-text-color has-link-color wp-elements-bc9a0e6d7d1a4d3e3374c494b7be3df1 wp-block-paragraph\"><em>(Publicado el 15 de enero del 2026)<\/em><\/p>\n","protected":false},"excerpt":{"rendered":"<p>Por jubilaci\u00f3n. Al lado de El Corte Ingl\u00e9s y de los Juzgados (Eix Maci\u00e0). En pleno funcionamiento y crecimiento. Valoraci\u00f3n en Google de 5 estrellas (+de 100 rese\u00f1as). Ver aqu\u00ed: https:\/\/share.google\/9HklnWOoc1tLiqjLP P\u00e1gina web propia con tienda online: www.florsgessami.com Ideal para continuar la actividad desde el primer d\u00eda, sin inversi\u00f3n adicional. 70 m\u00b2, dos neveras y [&hellip;]<\/p>\n","protected":false},"author":2,"featured_media":10113,"comment_status":"closed","ping_status":"closed","sticky":false,"template":"","format":"standard","meta":{"footnotes":""},"categories":[105],"tags":[],"class_list":["post-15291","post","type-post","status-publish","format-standard","has-post-thumbnail","hentry","category-anuncios"],"aioseo_notices":[],"aioseo_head":"\n\t\t<!-- All in One SEO 5.0.0.1 - aioseo.com -->\n\t<meta name=\"description\" content=\"Por jubilaci\u00f3n. Al lado de El Corte Ingl\u00e9s y de los Juzgados (Eix Maci\u00e0). En pleno funcionamiento y crecimiento. Valoraci\u00f3n en Google de 5 estrellas (+de 100 rese\u00f1as). Ver aqu\u00ed: https:\/\/share.google\/9HklnWOoc1tLiqjLP P\u00e1gina web propia con tienda online: www.florsgessami.com Ideal para continuar la actividad desde el primer d\u00eda, sin inversi\u00f3n adicional. 70 m\u00b2, dos neveras y\" \/>\n\t<meta name=\"robots\" content=\"max-image-preview:large\" \/>\n\t<meta name=\"author\" content=\"Agn\u00e8s Cespedes\"\/>\n\t<link rel=\"canonical\" href=\"https:\/\/www.mercatflor.cat\/es\/anuncios\/2026\/01\/se-traspasa-floristeria-en-sabadell\/\" \/>\n\t<meta name=\"generator\" content=\"All in One SEO (AIOSEO) 5.0.0.1\" \/>\n\t\t<meta property=\"og:locale\" content=\"es_ES\" \/>\n\t\t<meta property=\"og:site_name\" content=\"Mercat de Flor i Planta Ornamental |\" \/>\n\t\t<meta property=\"og:type\" content=\"article\" \/>\n\t\t<meta property=\"og:title\" content=\"Se traspasa florister\u00eda en Sabadell | Mercat de Flor i Planta Ornamental\" \/>\n\t\t<meta property=\"og:description\" content=\"Por jubilaci\u00f3n. Al lado de El Corte Ingl\u00e9s y de los Juzgados (Eix Maci\u00e0). En pleno funcionamiento y crecimiento. Valoraci\u00f3n en Google de 5 estrellas (+de 100 rese\u00f1as). Ver aqu\u00ed: https:\/\/share.google\/9HklnWOoc1tLiqjLP P\u00e1gina web propia con tienda online: www.florsgessami.com Ideal para continuar la actividad desde el primer d\u00eda, sin inversi\u00f3n adicional. 70 m\u00b2, dos neveras y\" \/>\n\t\t<meta property=\"og:url\" content=\"https:\/\/www.mercatflor.cat\/es\/anuncios\/2026\/01\/se-traspasa-floristeria-en-sabadell\/\" \/>\n\t\t<meta property=\"article:published_time\" content=\"2026-01-15T15:58:48+00:00\" \/>\n\t\t<meta property=\"article:modified_time\" content=\"2026-01-16T10:56:39+00:00\" \/>\n\t\t<meta name=\"twitter:card\" content=\"summary\" \/>\n\t\t<meta name=\"twitter:title\" content=\"Se traspasa florister\u00eda en Sabadell | Mercat de Flor i Planta Ornamental\" \/>\n\t\t<meta name=\"twitter:description\" content=\"Por jubilaci\u00f3n. Al lado de El Corte Ingl\u00e9s y de los Juzgados (Eix Maci\u00e0). En pleno funcionamiento y crecimiento. Valoraci\u00f3n en Google de 5 estrellas (+de 100 rese\u00f1as). Ver aqu\u00ed: https:\/\/share.google\/9HklnWOoc1tLiqjLP P\u00e1gina web propia con tienda online: www.florsgessami.com Ideal para continuar la actividad desde el primer d\u00eda, sin inversi\u00f3n adicional. 70 m\u00b2, dos neveras y\" \/>\n\t\t<script type=\"application\/ld+json\" class=\"aioseo-schema\">\n\t\t\t{\"@context\":\"https:\\\/\\\/schema.org\",\"@graph\":[{\"@type\":\"Article\",\"@id\":\"https:\\\/\\\/www.mercatflor.cat\\\/es\\\/anuncios\\\/2026\\\/01\\\/se-traspasa-floristeria-en-sabadell\\\/#article\",\"name\":\"Se traspasa florister\\u00eda en Sabadell | Mercat de Flor i Planta Ornamental\",\"headline\":\"Se traspasa florister\\u00eda en Sabadell\",\"author\":{\"@id\":\"https:\\\/\\\/www.mercatflor.cat\\\/es\\\/author\\\/promocio\\\/#author\"},\"publisher\":{\"@id\":\"https:\\\/\\\/www.mercatflor.cat\\\/es\\\/#organization\"},\"image\":{\"@type\":\"ImageObject\",\"url\":\"https:\\\/\\\/www.mercatflor.cat\\\/wp-content\\\/uploads\\\/2019\\\/01\\\/Etiqueta-Traspaso.jpg\",\"width\":320,\"height\":110},\"datePublished\":\"2026-01-15T15:58:48+00:00\",\"dateModified\":\"2026-01-16T10:56:39+00:00\",\"inLanguage\":\"es-ES\",\"mainEntityOfPage\":{\"@id\":\"https:\\\/\\\/www.mercatflor.cat\\\/es\\\/anuncios\\\/2026\\\/01\\\/se-traspasa-floristeria-en-sabadell\\\/#webpage\"},\"isPartOf\":{\"@id\":\"https:\\\/\\\/www.mercatflor.cat\\\/es\\\/anuncios\\\/2026\\\/01\\\/se-traspasa-floristeria-en-sabadell\\\/#webpage\"},\"articleSection\":\"Anuncios, Opcional\"},{\"@type\":\"BreadcrumbList\",\"@id\":\"https:\\\/\\\/www.mercatflor.cat\\\/es\\\/anuncios\\\/2026\\\/01\\\/se-traspasa-floristeria-en-sabadell\\\/#breadcrumblist\",\"itemListElement\":[{\"@type\":\"ListItem\",\"@id\":\"https:\\\/\\\/www.mercatflor.cat\\\/es\\\/#listItem\",\"position\":1,\"name\":\"Home\",\"item\":\"https:\\\/\\\/www.mercatflor.cat\\\/es\\\/\",\"nextItem\":{\"@type\":\"ListItem\",\"@id\":\"https:\\\/\\\/www.mercatflor.cat\\\/es\\\/category\\\/anuncios\\\/#listItem\",\"name\":\"Anuncios\"}},{\"@type\":\"ListItem\",\"@id\":\"https:\\\/\\\/www.mercatflor.cat\\\/es\\\/category\\\/anuncios\\\/#listItem\",\"position\":2,\"name\":\"Anuncios\",\"item\":\"https:\\\/\\\/www.mercatflor.cat\\\/es\\\/category\\\/anuncios\\\/\",\"nextItem\":{\"@type\":\"ListItem\",\"@id\":\"https:\\\/\\\/www.mercatflor.cat\\\/es\\\/anuncios\\\/2026\\\/01\\\/se-traspasa-floristeria-en-sabadell\\\/#listItem\",\"name\":\"Se traspasa florister\\u00eda en Sabadell\"},\"previousItem\":{\"@type\":\"ListItem\",\"@id\":\"https:\\\/\\\/www.mercatflor.cat\\\/es\\\/#listItem\",\"name\":\"Home\"}},{\"@type\":\"ListItem\",\"@id\":\"https:\\\/\\\/www.mercatflor.cat\\\/es\\\/anuncios\\\/2026\\\/01\\\/se-traspasa-floristeria-en-sabadell\\\/#listItem\",\"position\":3,\"name\":\"Se traspasa florister\\u00eda en Sabadell\",\"previousItem\":{\"@type\":\"ListItem\",\"@id\":\"https:\\\/\\\/www.mercatflor.cat\\\/es\\\/category\\\/anuncios\\\/#listItem\",\"name\":\"Anuncios\"}}]},{\"@type\":\"Organization\",\"@id\":\"https:\\\/\\\/www.mercatflor.cat\\\/es\\\/#organization\",\"name\":\"Mercat de Flor i Planta Ornamental\",\"url\":\"https:\\\/\\\/www.mercatflor.cat\\\/es\\\/\"},{\"@type\":\"Person\",\"@id\":\"https:\\\/\\\/www.mercatflor.cat\\\/es\\\/author\\\/promocio\\\/#author\",\"url\":\"https:\\\/\\\/www.mercatflor.cat\\\/es\\\/author\\\/promocio\\\/\",\"name\":\"Agn\\u00e8s Cespedes\",\"image\":{\"@type\":\"ImageObject\",\"@id\":\"https:\\\/\\\/www.mercatflor.cat\\\/es\\\/anuncios\\\/2026\\\/01\\\/se-traspasa-floristeria-en-sabadell\\\/#authorImage\",\"url\":\"https:\\\/\\\/secure.gravatar.com\\\/avatar\\\/bcf16198e7ce572c825d1d9be24adef449a41d47a5cc2fad5a45e8cb5f882c7d?s=96&d=mm&r=g\",\"width\":96,\"height\":96,\"caption\":\"Agn\\u00e8s Cespedes\"}},{\"@type\":\"WebPage\",\"@id\":\"https:\\\/\\\/www.mercatflor.cat\\\/es\\\/anuncios\\\/2026\\\/01\\\/se-traspasa-floristeria-en-sabadell\\\/#webpage\",\"url\":\"https:\\\/\\\/www.mercatflor.cat\\\/es\\\/anuncios\\\/2026\\\/01\\\/se-traspasa-floristeria-en-sabadell\\\/\",\"name\":\"Se traspasa florister\\u00eda en Sabadell | Mercat de Flor i Planta Ornamental\",\"description\":\"Por jubilaci\\u00f3n. Al lado de El Corte Ingl\\u00e9s y de los Juzgados (Eix Maci\\u00e0). En pleno funcionamiento y crecimiento. Valoraci\\u00f3n en Google de 5 estrellas (+de 100 rese\\u00f1as). Ver aqu\\u00ed: https:\\\/\\\/share.google\\\/9HklnWOoc1tLiqjLP P\\u00e1gina web propia con tienda online: www.florsgessami.com Ideal para continuar la actividad desde el primer d\\u00eda, sin inversi\\u00f3n adicional. 70 m\\u00b2, dos neveras y\",\"inLanguage\":\"es-ES\",\"isPartOf\":{\"@id\":\"https:\\\/\\\/www.mercatflor.cat\\\/es\\\/#website\"},\"breadcrumb\":{\"@id\":\"https:\\\/\\\/www.mercatflor.cat\\\/es\\\/anuncios\\\/2026\\\/01\\\/se-traspasa-floristeria-en-sabadell\\\/#breadcrumblist\"},\"author\":{\"@id\":\"https:\\\/\\\/www.mercatflor.cat\\\/es\\\/author\\\/promocio\\\/#author\"},\"creator\":{\"@id\":\"https:\\\/\\\/www.mercatflor.cat\\\/es\\\/author\\\/promocio\\\/#author\"},\"image\":{\"@type\":\"ImageObject\",\"url\":\"https:\\\/\\\/www.mercatflor.cat\\\/wp-content\\\/uploads\\\/2019\\\/01\\\/Etiqueta-Traspaso.jpg\",\"@id\":\"https:\\\/\\\/www.mercatflor.cat\\\/es\\\/anuncios\\\/2026\\\/01\\\/se-traspasa-floristeria-en-sabadell\\\/#mainImage\",\"width\":320,\"height\":110},\"primaryImageOfPage\":{\"@id\":\"https:\\\/\\\/www.mercatflor.cat\\\/es\\\/anuncios\\\/2026\\\/01\\\/se-traspasa-floristeria-en-sabadell\\\/#mainImage\"},\"datePublished\":\"2026-01-15T15:58:48+00:00\",\"dateModified\":\"2026-01-16T10:56:39+00:00\"},{\"@type\":\"WebSite\",\"@id\":\"https:\\\/\\\/www.mercatflor.cat\\\/es\\\/#website\",\"url\":\"https:\\\/\\\/www.mercatflor.cat\\\/es\\\/\",\"name\":\"Mercat de Flor i Planta Ornamental\",\"inLanguage\":\"es-ES\",\"publisher\":{\"@id\":\"https:\\\/\\\/www.mercatflor.cat\\\/es\\\/#organization\"}}]}\n\t\t<\/script>\n\t\t<!-- All in One SEO -->\n\n","aioseo_head_json":{"title":"Se traspasa florister\u00eda en Sabadell | Mercat de Flor i Planta Ornamental","description":"Por jubilaci\u00f3n. Al lado de El Corte Ingl\u00e9s y de los Juzgados (Eix Maci\u00e0). En pleno funcionamiento y crecimiento. Valoraci\u00f3n en Google de 5 estrellas (+de 100 rese\u00f1as). Ver aqu\u00ed: https:\/\/share.google\/9HklnWOoc1tLiqjLP P\u00e1gina web propia con tienda online: www.florsgessami.com Ideal para continuar la actividad desde el primer d\u00eda, sin inversi\u00f3n adicional. 70 m\u00b2, dos neveras y","canonical_url":"https:\/\/www.mercatflor.cat\/es\/anuncios\/2026\/01\/se-traspasa-floristeria-en-sabadell\/","robots":"max-image-preview:large","keywords":"","webmasterTools":{"miscellaneous":""},"schema":{"@context":"https:\/\/schema.org","@graph":[{"@type":"Article","@id":"https:\/\/www.mercatflor.cat\/es\/anuncios\/2026\/01\/se-traspasa-floristeria-en-sabadell\/#article","name":"Se traspasa florister\u00eda en Sabadell | Mercat de Flor i Planta Ornamental","headline":"Se traspasa florister\u00eda en Sabadell","author":{"@id":"https:\/\/www.mercatflor.cat\/es\/author\/promocio\/#author"},"publisher":{"@id":"https:\/\/www.mercatflor.cat\/es\/#organization"},"image":{"@type":"ImageObject","url":"https:\/\/www.mercatflor.cat\/wp-content\/uploads\/2019\/01\/Etiqueta-Traspaso.jpg","width":320,"height":110},"datePublished":"2026-01-15T15:58:48+00:00","dateModified":"2026-01-16T10:56:39+00:00","inLanguage":"es-ES","mainEntityOfPage":{"@id":"https:\/\/www.mercatflor.cat\/es\/anuncios\/2026\/01\/se-traspasa-floristeria-en-sabadell\/#webpage"},"isPartOf":{"@id":"https:\/\/www.mercatflor.cat\/es\/anuncios\/2026\/01\/se-traspasa-floristeria-en-sabadell\/#webpage"},"articleSection":"Anuncios, Opcional"},{"@type":"BreadcrumbList","@id":"https:\/\/www.mercatflor.cat\/es\/anuncios\/2026\/01\/se-traspasa-floristeria-en-sabadell\/#breadcrumblist","itemListElement":[{"@type":"ListItem","@id":"https:\/\/www.mercatflor.cat\/es\/#listItem","position":1,"name":"Home","item":"https:\/\/www.mercatflor.cat\/es\/","nextItem":{"@type":"ListItem","@id":"https:\/\/www.mercatflor.cat\/es\/category\/anuncios\/#listItem","name":"Anuncios"}},{"@type":"ListItem","@id":"https:\/\/www.mercatflor.cat\/es\/category\/anuncios\/#listItem","position":2,"name":"Anuncios","item":"https:\/\/www.mercatflor.cat\/es\/category\/anuncios\/","nextItem":{"@type":"ListItem","@id":"https:\/\/www.mercatflor.cat\/es\/anuncios\/2026\/01\/se-traspasa-floristeria-en-sabadell\/#listItem","name":"Se traspasa florister\u00eda en Sabadell"},"previousItem":{"@type":"ListItem","@id":"https:\/\/www.mercatflor.cat\/es\/#listItem","name":"Home"}},{"@type":"ListItem","@id":"https:\/\/www.mercatflor.cat\/es\/anuncios\/2026\/01\/se-traspasa-floristeria-en-sabadell\/#listItem","position":3,"name":"Se traspasa florister\u00eda en Sabadell","previousItem":{"@type":"ListItem","@id":"https:\/\/www.mercatflor.cat\/es\/category\/anuncios\/#listItem","name":"Anuncios"}}]},{"@type":"Organization","@id":"https:\/\/www.mercatflor.cat\/es\/#organization","name":"Mercat de Flor i Planta Ornamental","url":"https:\/\/www.mercatflor.cat\/es\/"},{"@type":"Person","@id":"https:\/\/www.mercatflor.cat\/es\/author\/promocio\/#author","url":"https:\/\/www.mercatflor.cat\/es\/author\/promocio\/","name":"Agn\u00e8s Cespedes","image":{"@type":"ImageObject","@id":"https:\/\/www.mercatflor.cat\/es\/anuncios\/2026\/01\/se-traspasa-floristeria-en-sabadell\/#authorImage","url":"https:\/\/secure.gravatar.com\/avatar\/bcf16198e7ce572c825d1d9be24adef449a41d47a5cc2fad5a45e8cb5f882c7d?s=96&d=mm&r=g","width":96,"height":96,"caption":"Agn\u00e8s Cespedes"}},{"@type":"WebPage","@id":"https:\/\/www.mercatflor.cat\/es\/anuncios\/2026\/01\/se-traspasa-floristeria-en-sabadell\/#webpage","url":"https:\/\/www.mercatflor.cat\/es\/anuncios\/2026\/01\/se-traspasa-floristeria-en-sabadell\/","name":"Se traspasa florister\u00eda en Sabadell | Mercat de Flor i Planta Ornamental","description":"Por jubilaci\u00f3n. Al lado de El Corte Ingl\u00e9s y de los Juzgados (Eix Maci\u00e0). En pleno funcionamiento y crecimiento. Valoraci\u00f3n en Google de 5 estrellas (+de 100 rese\u00f1as). Ver aqu\u00ed: https:\/\/share.google\/9HklnWOoc1tLiqjLP P\u00e1gina web propia con tienda online: www.florsgessami.com Ideal para continuar la actividad desde el primer d\u00eda, sin inversi\u00f3n adicional. 70 m\u00b2, dos neveras y","inLanguage":"es-ES","isPartOf":{"@id":"https:\/\/www.mercatflor.cat\/es\/#website"},"breadcrumb":{"@id":"https:\/\/www.mercatflor.cat\/es\/anuncios\/2026\/01\/se-traspasa-floristeria-en-sabadell\/#breadcrumblist"},"author":{"@id":"https:\/\/www.mercatflor.cat\/es\/author\/promocio\/#author"},"creator":{"@id":"https:\/\/www.mercatflor.cat\/es\/author\/promocio\/#author"},"image":{"@type":"ImageObject","url":"https:\/\/www.mercatflor.cat\/wp-content\/uploads\/2019\/01\/Etiqueta-Traspaso.jpg","@id":"https:\/\/www.mercatflor.cat\/es\/anuncios\/2026\/01\/se-traspasa-floristeria-en-sabadell\/#mainImage","width":320,"height":110},"primaryImageOfPage":{"@id":"https:\/\/www.mercatflor.cat\/es\/anuncios\/2026\/01\/se-traspasa-floristeria-en-sabadell\/#mainImage"},"datePublished":"2026-01-15T15:58:48+00:00","dateModified":"2026-01-16T10:56:39+00:00"},{"@type":"WebSite","@id":"https:\/\/www.mercatflor.cat\/es\/#website","url":"https:\/\/www.mercatflor.cat\/es\/","name":"Mercat de Flor i Planta Ornamental","inLanguage":"es-ES","publisher":{"@id":"https:\/\/www.mercatflor.cat\/es\/#organization"}}]},"og:locale":"es_ES","og:site_name":"Mercat de Flor i Planta Ornamental |","og:type":"article","og:title":"Se traspasa florister\u00eda en Sabadell | Mercat de Flor i Planta Ornamental","og:description":"Por jubilaci\u00f3n. Al lado de El Corte Ingl\u00e9s y de los Juzgados (Eix Maci\u00e0). En pleno funcionamiento y crecimiento. Valoraci\u00f3n en Google de 5 estrellas (+de 100 rese\u00f1as). Ver aqu\u00ed: https:\/\/share.google\/9HklnWOoc1tLiqjLP P\u00e1gina web propia con tienda online: www.florsgessami.com Ideal para continuar la actividad desde el primer d\u00eda, sin inversi\u00f3n adicional. 70 m\u00b2, dos neveras y","og:url":"https:\/\/www.mercatflor.cat\/es\/anuncios\/2026\/01\/se-traspasa-floristeria-en-sabadell\/","article:published_time":"2026-01-15T15:58:48+00:00","article:modified_time":"2026-01-16T10:56:39+00:00","twitter:card":"summary","twitter:title":"Se traspasa florister\u00eda en Sabadell | Mercat de Flor i Planta Ornamental","twitter:description":"Por jubilaci\u00f3n. Al lado de El Corte Ingl\u00e9s y de los Juzgados (Eix Maci\u00e0). En pleno funcionamiento y crecimiento. Valoraci\u00f3n en Google de 5 estrellas (+de 100 rese\u00f1as). Ver aqu\u00ed: https:\/\/share.google\/9HklnWOoc1tLiqjLP P\u00e1gina web propia con tienda online: www.florsgessami.com Ideal para continuar la actividad desde el primer d\u00eda, sin inversi\u00f3n adicional. 70 m\u00b2, dos neveras y"},"aioseo_meta_data":{"post_id":"15291","title":null,"description":null,"keywords":null,"keyphrases":{"focus":[],"additional":[]},"canonical_url":null,"og_title":null,"og_description":null,"og_object_type":"default","og_image_type":"default","og_image_url":null,"og_image_width":null,"og_image_height":null,"og_image_custom_url":null,"og_image_custom_fields":null,"og_video":"","og_custom_url":null,"og_article_section":null,"og_article_tags":null,"twitter_use_og":false,"twitter_card":"default","twitter_image_type":"default","twitter_image_url":null,"twitter_image_custom_url":null,"twitter_image_custom_fields":null,"twitter_title":null,"twitter_description":null,"schema":{"blockGraphs":[],"customGraphs":[],"default":{"data":{"Article":[],"Course":[],"Dataset":[],"FAQPage":[],"Movie":[],"Person":[],"Product":[],"ProductReview":[],"Car":[],"Recipe":[],"Service":[],"SoftwareApplication":[],"WebPage":[]},"graphName":"Article","isEnabled":true},"graphs":[]},"schema_type":"default","schema_type_options":null,"pillar_content":false,"robots_default":true,"robots_noindex":false,"robots_noarchive":false,"robots_nosnippet":false,"robots_nofollow":false,"robots_noimageindex":false,"robots_noodp":false,"robots_notranslate":false,"robots_max_snippet":"-1","robots_max_videopreview":"-1","robots_max_imagepreview":"large","priority":null,"frequency":"default","local_seo":null,"breadcrumb_settings":null,"limit_modified_date":false,"ai":{"faqs":[],"keyPoints":[],"titles":[],"descriptions":[],"socialPosts":{"email":[],"linkedin":[],"twitter":[],"facebook":[],"instagram":[]}},"created":"2026-01-15 15:44:36","updated":"2026-08-21 10:48:26","primary_term":null,"seo_analyzer_scan_date":null,"focus_keyword":null,"additional_keywords":null,"truseo_locale":null},"aioseo_breadcrumb":"<div class=\"aioseo-breadcrumbs\"><span class=\"aioseo-breadcrumb\">\n\t\t\t<a href=\"https:\/\/www.mercatflor.cat\/es\/\" title=\"Home\">Home<\/a>\n\t\t<\/span><span class=\"aioseo-breadcrumb-separator\">&raquo;<\/span><span class=\"aioseo-breadcrumb\">\n\t\t\t<a href=\"https:\/\/www.mercatflor.cat\/es\/category\/anuncios\/\" title=\"Anuncios\">Anuncios<\/a>\n\t\t<\/span><span class=\"aioseo-breadcrumb-separator\">&raquo;<\/span><span class=\"aioseo-breadcrumb\">\n\t\t\tSe traspasa florister\u00eda en Sabadell\n\t\t<\/span><\/div>","aioseo_breadcrumb_json":[{"label":"Home","link":"https:\/\/www.mercatflor.cat\/es\/"},{"label":"Anuncios","link":"https:\/\/www.mercatflor.cat\/es\/category\/anuncios\/"},{"label":"Se traspasa florister\u00eda en Sabadell","link":"https:\/\/www.mercatflor.cat\/es\/anuncios\/2026\/01\/se-traspasa-floristeria-en-sabadell\/"}],"_links":{"self":[{"href":"https:\/\/www.mercatflor.cat\/es\/wp-json\/wp\/v2\/posts\/15291","targetHints":{"allow":["GET"]}}],"collection":[{"href":"https:\/\/www.mercatflor.cat\/es\/wp-json\/wp\/v2\/posts"}],"about":[{"href":"https:\/\/www.mercatflor.cat\/es\/wp-json\/wp\/v2\/types\/post"}],"author":[{"embeddable":true,"href":"https:\/\/www.mercatflor.cat\/es\/wp-json\/wp\/v2\/users\/2"}],"replies":[{"embeddable":true,"href":"https:\/\/www.mercatflor.cat\/es\/wp-json\/wp\/v2\/comments?post=15291"}],"version-history":[{"count":3,"href":"https:\/\/www.mercatflor.cat\/es\/wp-json\/wp\/v2\/posts\/15291\/revisions"}],"predecessor-version":[{"id":15305,"href":"https:\/\/www.mercatflor.cat\/es\/wp-json\/wp\/v2\/posts\/15291\/revisions\/15305"}],"wp:featuredmedia":[{"embeddable":true,"href":"https:\/\/www.mercatflor.cat\/es\/wp-json\/wp\/v2\/media\/10113"}],"wp:attachment":[{"href":"https:\/\/www.mercatflor.cat\/es\/wp-json\/wp\/v2\/media?parent=15291"}],"wp:term":[{"taxonomy":"category","embeddable":true,"href":"https:\/\/www.mercatflor.cat\/es\/wp-json\/wp\/v2\/categories?post=15291"},{"taxonomy":"post_tag","embeddable":true,"href":"https:\/\/www.mercatflor.cat\/es\/wp-json\/wp\/v2\/tags?post=15291"}],"curies":[{"name":"wp","href":"https:\/\/api.w.org\/{rel}","templated":true}]}}