{"id":15024,"date":"2025-03-20T17:08:17","date_gmt":"2025-03-20T17:08:17","guid":{"rendered":"https:\/\/www.mercatflor.cat\/?p=15024"},"modified":"2025-03-20T17:10:08","modified_gmt":"2025-03-20T17:10:08","slug":"se-reducen-las-restricciones-en-el-riego","status":"publish","type":"post","link":"https:\/\/www.mercatflor.cat\/es\/sin-categoria-es\/2025\/03\/se-reducen-las-restricciones-en-el-riego\/","title":{"rendered":"Se reducen las restricciones en el riego"},"content":{"rendered":"\n<p>El Gobierno de Catalu\u00f1a ha anunciado una reducci\u00f3n generalizada de las restricciones en el uso del agua gracias a las recientes lluvias, que han incrementado las reservas de los embalses. Esta mejora ha permitido levantar el estado de emergencia en 34 municipios del Alt Empord\u00e0, as\u00ed como en Riudecanyes y Duesaig\u00fces (Tarragona), permitiendo un aumento en los consumos dom\u00e9sticos y agr\u00edcolas.<\/p>\n\n\n\n<p>No obstante, el \u00e1rea metropolitana de Barcelona y Girona se mantiene en fase de alerta hasta que los embalses del sistema Ter-Llobregat alcancen el 60% de su capacidad. La portavoz del Gobierno, S\u00edlvia Paneque, ha indicado que se espera avanzar en la relajaci\u00f3n de medidas en las pr\u00f3ximas semanas, dependiendo de nuevas precipitaciones.<\/p>\n\n\n\n<p>Paralelamente, el director de la Agencia Catalana del Agua, Josep Llu\u00eds Armenter, ha manifestado que, si las lluvias contin\u00faan, se podr\u00eda disfrutar de un verano sin restricciones, ya que los embalses han alcanzado el 50% de su capacidad.<\/p>\n\n\n\n<p>Esta situaci\u00f3n representa una mejora en las perspectivas para el mantenimiento y la creaci\u00f3n de jardines p\u00fablicos y privados, que podr\u00edan tener una temporada de riego normal despu\u00e9s de dos a\u00f1os dif\u00edciles.<\/p>\n\n\n\n<p>A pesar de la mejora, el Gobierno pide prudencia, recordando que los niveles actuales de los embalses a\u00fan est\u00e1n por debajo de la media hist\u00f3rica.<\/p>\n","protected":false},"excerpt":{"rendered":"<p>El Gobierno de Catalu\u00f1a ha anunciado una reducci\u00f3n generalizada de las restricciones en el uso del agua gracias a las recientes lluvias, que han incrementado las reservas de los embalses. Esta mejora ha permitido levantar el estado de emergencia en 34 municipios del Alt Empord\u00e0, as\u00ed como en Riudecanyes y Duesaig\u00fces (Tarragona), permitiendo un aumento [&hellip;]<\/p>\n","protected":false},"author":2,"featured_media":15019,"comment_status":"closed","ping_status":"closed","sticky":false,"template":"","format":"standard","meta":{"footnotes":""},"categories":[125,4],"tags":[],"class_list":["post-15024","post","type-post","status-publish","format-standard","has-post-thumbnail","hentry","category-noticias","category-sin-categoria-es"],"aioseo_notices":[],"_links":{"self":[{"href":"https:\/\/www.mercatflor.cat\/es\/wp-json\/wp\/v2\/posts\/15024","targetHints":{"allow":["GET"]}}],"collection":[{"href":"https:\/\/www.mercatflor.cat\/es\/wp-json\/wp\/v2\/posts"}],"about":[{"href":"https:\/\/www.mercatflor.cat\/es\/wp-json\/wp\/v2\/types\/post"}],"author":[{"embeddable":true,"href":"https:\/\/www.mercatflor.cat\/es\/wp-json\/wp\/v2\/users\/2"}],"replies":[{"embeddable":true,"href":"https:\/\/www.mercatflor.cat\/es\/wp-json\/wp\/v2\/comments?post=15024"}],"version-history":[{"count":1,"href":"https:\/\/www.mercatflor.cat\/es\/wp-json\/wp\/v2\/posts\/15024\/revisions"}],"predecessor-version":[{"id":15025,"href":"https:\/\/www.mercatflor.cat\/es\/wp-json\/wp\/v2\/posts\/15024\/revisions\/15025"}],"wp:featuredmedia":[{"embeddable":true,"href":"https:\/\/www.mercatflor.cat\/es\/wp-json\/wp\/v2\/media\/15019"}],"wp:attachment":[{"href":"https:\/\/www.mercatflor.cat\/es\/wp-json\/wp\/v2\/media?parent=15024"}],"wp:term":[{"taxonomy":"category","embeddable":true,"href":"https:\/\/www.mercatflor.cat\/es\/wp-json\/wp\/v2\/categories?post=15024"},{"taxonomy":"post_tag","embeddable":true,"href":"https:\/\/www.mercatflor.cat\/es\/wp-json\/wp\/v2\/tags?post=15024"}],"curies":[{"name":"wp","href":"https:\/\/api.w.org\/{rel}","templated":true}]}}