{"id":14995,"date":"2025-02-27T15:03:00","date_gmt":"2025-02-27T15:03:00","guid":{"rendered":"https:\/\/www.mercatflor.cat\/?p=14995"},"modified":"2025-07-28T14:44:31","modified_gmt":"2025-07-28T14:44:31","slug":"demos-la-bienvenida-a-la-primavera","status":"publish","type":"post","link":"https:\/\/www.mercatflor.cat\/es\/noticias\/2025\/02\/demos-la-bienvenida-a-la-primavera\/","title":{"rendered":"Demos la bienvenida a la primavera"},"content":{"rendered":"\n<p class=\"has-black-color has-text-color has-link-color wp-elements-f3ed05018539586181303d851bf9ffc3\">El conjunto de floricultores, productores y mayoristas que formamos el Mercat ya estamos preparados para recibir la primavera.<\/p>\n\n\n\n<p>Hace d\u00edas que en la Venta Directa ya podemos encontrar muchas flores y plantas que nos hacen pensar en ella y, para celebrarlo, el pr\u00f3ximo <strong>mi\u00e9rcoles 12 de marzo<\/strong> organizamos una gran fiesta para recibir esta campa\u00f1a como es debido:<strong> \u00a1la FIESTA DE PRIMAVERA!<\/strong><\/p>\n\n\n\n<p>Desde las 8 y hasta las 14 horas esperamos disfrutar de una jornada especial, que permita conocer la fant\u00e1stica oferta de productos que tenemos para esta nueva temporada. Por eso dinamizaremos la venta con la colaboraci\u00f3n de un grupo de reconocidos floristas que durante gran parte de la ma\u00f1ana nos har\u00e1n exhibiciones de florister\u00eda comercial a pie de parada para que todo el mundo pueda tomar ideas de las mil posibilidades del g\u00e9nero que ofrecemos en el Mercat.<\/p>\n\n\n\n<p>Adem\u00e1s, entre todos los clientes que vengan este mi\u00e9rcoles de marzo y se registren debidamente con su carn\u00e9 en las puertas de acceso, sortearemos cada hora vales de compra por valor de 100\u20ac para comprar en nuestro Mercat.<\/p>\n\n\n\n<p>Y por si todo esto no fuera suficiente\u2026. todo el mundo que lo quiera est\u00e1 invitado a comer! \u00a1Paella para todos!<\/p>\n\n\n\n<p><em>*El Mercat de Flor i Planta Ornamental de Catalunya es un mercado mayorista profesional. Por este motivo, el acceso y participaci\u00f3n a esta actividad est\u00e1 restringido a profesionales del sector -floristas, jardineros, decoradores, interioristas, etc.- previamente registrados y acreditados.<\/em><\/p>\n\n\n\n<p class=\"has-black-color has-text-color has-link-color wp-elements-eaa86ffcd224ddde4efeacacc8350a50\"><em>*No es necesaria la adquisici\u00f3n de tickets ni hacer ninguna reserva para el almuerzo.<\/em><\/p>\n\n\n\n<p><\/p>\n","protected":false},"excerpt":{"rendered":"<p>El conjunto de floricultores, productores y mayoristas que formamos el Mercat ya estamos preparados para recibir la primavera. Hace d\u00edas que en la Venta Directa ya podemos encontrar muchas flores y plantas que nos hacen pensar en ella y, para celebrarlo, el pr\u00f3ximo mi\u00e9rcoles 12 de marzo organizamos una gran fiesta para recibir esta campa\u00f1a [&hellip;]<\/p>\n","protected":false},"author":2,"featured_media":14978,"comment_status":"closed","ping_status":"closed","sticky":false,"template":"","format":"standard","meta":{"footnotes":""},"categories":[125],"tags":[],"class_list":["post-14995","post","type-post","status-publish","format-standard","has-post-thumbnail","hentry","category-noticias"],"aioseo_notices":[],"_links":{"self":[{"href":"https:\/\/www.mercatflor.cat\/es\/wp-json\/wp\/v2\/posts\/14995","targetHints":{"allow":["GET"]}}],"collection":[{"href":"https:\/\/www.mercatflor.cat\/es\/wp-json\/wp\/v2\/posts"}],"about":[{"href":"https:\/\/www.mercatflor.cat\/es\/wp-json\/wp\/v2\/types\/post"}],"author":[{"embeddable":true,"href":"https:\/\/www.mercatflor.cat\/es\/wp-json\/wp\/v2\/users\/2"}],"replies":[{"embeddable":true,"href":"https:\/\/www.mercatflor.cat\/es\/wp-json\/wp\/v2\/comments?post=14995"}],"version-history":[{"count":1,"href":"https:\/\/www.mercatflor.cat\/es\/wp-json\/wp\/v2\/posts\/14995\/revisions"}],"predecessor-version":[{"id":14996,"href":"https:\/\/www.mercatflor.cat\/es\/wp-json\/wp\/v2\/posts\/14995\/revisions\/14996"}],"wp:featuredmedia":[{"embeddable":true,"href":"https:\/\/www.mercatflor.cat\/es\/wp-json\/wp\/v2\/media\/14978"}],"wp:attachment":[{"href":"https:\/\/www.mercatflor.cat\/es\/wp-json\/wp\/v2\/media?parent=14995"}],"wp:term":[{"taxonomy":"category","embeddable":true,"href":"https:\/\/www.mercatflor.cat\/es\/wp-json\/wp\/v2\/categories?post=14995"},{"taxonomy":"post_tag","embeddable":true,"href":"https:\/\/www.mercatflor.cat\/es\/wp-json\/wp\/v2\/tags?post=14995"}],"curies":[{"name":"wp","href":"https:\/\/api.w.org\/{rel}","templated":true}]}}