{"id":14868,"date":"2024-11-22T13:26:18","date_gmt":"2024-11-22T13:26:18","guid":{"rendered":"https:\/\/www.mercatflor.cat\/?p=14868"},"modified":"2024-12-03T13:33:06","modified_gmt":"2024-12-03T13:33:06","slug":"el-mercat-de-nadal-ja-en-marxa","status":"publish","type":"post","link":"https:\/\/www.mercatflor.cat\/es\/noticias\/2024\/11\/el-mercat-de-nadal-ja-en-marxa\/","title":{"rendered":"El Mercado de Navidad ya en marcha"},"content":{"rendered":"<p><span style=\"color: #000000;\">El Mercado de Navidad, m\u00e1s conocido como el Mercado de los Abetos, ya est\u00e1 operativo. Abrir\u00e1 los mismos d\u00edas que funciona la sala de Venta Directa, los lunes, mi\u00e9rcoles y viernes, de 8 a 13 horas.<\/span><\/p>\n<p><span style=\"color: #000000;\">De esta forma, los clientes profesionales del Mercat de Flor i Planta podr\u00e1n adquirir tambi\u00e9n todo tipo de abetos, de especies y variedades diferentes, en diversos tama\u00f1os y presentaciones, as\u00ed como acebo, verdes navide\u00f1os, tiones&#8230; La mayor\u00eda de productores locales debidamente certificados.<\/span><\/p>\n<p><span style=\"color: #000000;\">Este mercado se encuentra ubicado en el recinto exterior del Mercat, sobre la zona de aparcamiento junto a Premi\u00e0.<\/span><\/p>\n<p><span style=\"color: #000000;\"><em>La venta est\u00e1 restringida a profesionales del sector debidamente registrados y acreditados como clientes del Mercat.<\/em><\/span><\/p>\n<p><a href=\"https:\/\/www.mercatflor.cat\/wp-content\/uploads\/2024\/12\/IMG-20241203-WA0006.jpg\"><img loading=\"lazy\" decoding=\"async\" class=\"alignnone size-large wp-image-14853\" src=\"https:\/\/www.mercatflor.cat\/wp-content\/uploads\/2024\/12\/IMG-20241203-WA0006-1024x768.jpg\" alt=\"\" width=\"604\" height=\"453\" srcset=\"https:\/\/www.mercatflor.cat\/wp-content\/uploads\/2024\/12\/IMG-20241203-WA0006-1024x768.jpg 1024w, https:\/\/www.mercatflor.cat\/wp-content\/uploads\/2024\/12\/IMG-20241203-WA0006-300x225.jpg 300w, https:\/\/www.mercatflor.cat\/wp-content\/uploads\/2024\/12\/IMG-20241203-WA0006-214x160.jpg 214w, https:\/\/www.mercatflor.cat\/wp-content\/uploads\/2024\/12\/IMG-20241203-WA0006-768x576.jpg 768w, https:\/\/www.mercatflor.cat\/wp-content\/uploads\/2024\/12\/IMG-20241203-WA0006-1536x1152.jpg 1536w, https:\/\/www.mercatflor.cat\/wp-content\/uploads\/2024\/12\/IMG-20241203-WA0006.jpg 2048w\" sizes=\"auto, (max-width: 604px) 100vw, 604px\" \/><\/a> <a href=\"https:\/\/www.mercatflor.cat\/wp-content\/uploads\/2024\/12\/IMG-20241203-WA0009.jpg\"><img loading=\"lazy\" decoding=\"async\" class=\"alignnone size-large wp-image-14857\" src=\"https:\/\/www.mercatflor.cat\/wp-content\/uploads\/2024\/12\/IMG-20241203-WA0009-1024x768.jpg\" alt=\"\" width=\"604\" height=\"453\" srcset=\"https:\/\/www.mercatflor.cat\/wp-content\/uploads\/2024\/12\/IMG-20241203-WA0009-1024x768.jpg 1024w, https:\/\/www.mercatflor.cat\/wp-content\/uploads\/2024\/12\/IMG-20241203-WA0009-300x225.jpg 300w, https:\/\/www.mercatflor.cat\/wp-content\/uploads\/2024\/12\/IMG-20241203-WA0009-214x160.jpg 214w, https:\/\/www.mercatflor.cat\/wp-content\/uploads\/2024\/12\/IMG-20241203-WA0009-768x576.jpg 768w, https:\/\/www.mercatflor.cat\/wp-content\/uploads\/2024\/12\/IMG-20241203-WA0009-1536x1152.jpg 1536w, https:\/\/www.mercatflor.cat\/wp-content\/uploads\/2024\/12\/IMG-20241203-WA0009.jpg 2048w\" sizes=\"auto, (max-width: 604px) 100vw, 604px\" \/><\/a> <a href=\"https:\/\/www.mercatflor.cat\/wp-content\/uploads\/2024\/12\/IMG-20241203-WA0003.jpg\"><img loading=\"lazy\" decoding=\"async\" class=\"alignnone size-large wp-image-14849\" src=\"https:\/\/www.mercatflor.cat\/wp-content\/uploads\/2024\/12\/IMG-20241203-WA0003-1024x768.jpg\" alt=\"\" width=\"604\" height=\"453\" srcset=\"https:\/\/www.mercatflor.cat\/wp-content\/uploads\/2024\/12\/IMG-20241203-WA0003-1024x768.jpg 1024w, https:\/\/www.mercatflor.cat\/wp-content\/uploads\/2024\/12\/IMG-20241203-WA0003-300x225.jpg 300w, https:\/\/www.mercatflor.cat\/wp-content\/uploads\/2024\/12\/IMG-20241203-WA0003-214x160.jpg 214w, https:\/\/www.mercatflor.cat\/wp-content\/uploads\/2024\/12\/IMG-20241203-WA0003-768x576.jpg 768w, https:\/\/www.mercatflor.cat\/wp-content\/uploads\/2024\/12\/IMG-20241203-WA0003-1536x1152.jpg 1536w, https:\/\/www.mercatflor.cat\/wp-content\/uploads\/2024\/12\/IMG-20241203-WA0003.jpg 2048w\" sizes=\"auto, (max-width: 604px) 100vw, 604px\" \/><\/a> <a href=\"https:\/\/www.mercatflor.cat\/wp-content\/uploads\/2024\/12\/IMG-20241203-WA0011.jpg\"><img loading=\"lazy\" decoding=\"async\" class=\"alignnone size-large wp-image-14861\" src=\"https:\/\/www.mercatflor.cat\/wp-content\/uploads\/2024\/12\/IMG-20241203-WA0011-1024x768.jpg\" alt=\"\" width=\"604\" height=\"453\" srcset=\"https:\/\/www.mercatflor.cat\/wp-content\/uploads\/2024\/12\/IMG-20241203-WA0011-1024x768.jpg 1024w, https:\/\/www.mercatflor.cat\/wp-content\/uploads\/2024\/12\/IMG-20241203-WA0011-300x225.jpg 300w, https:\/\/www.mercatflor.cat\/wp-content\/uploads\/2024\/12\/IMG-20241203-WA0011-214x160.jpg 214w, https:\/\/www.mercatflor.cat\/wp-content\/uploads\/2024\/12\/IMG-20241203-WA0011-768x576.jpg 768w, https:\/\/www.mercatflor.cat\/wp-content\/uploads\/2024\/12\/IMG-20241203-WA0011-1536x1152.jpg 1536w, https:\/\/www.mercatflor.cat\/wp-content\/uploads\/2024\/12\/IMG-20241203-WA0011.jpg 2048w\" sizes=\"auto, (max-width: 604px) 100vw, 604px\" \/><\/a><\/p>\n<p>&nbsp;<\/p>\n","protected":false},"excerpt":{"rendered":"<p>El Mercado de Navidad, m\u00e1s conocido como el Mercado de los Abetos, ya est\u00e1 operativo. Abrir\u00e1 los mismos d\u00edas que funciona la sala de Venta Directa, los lunes, mi\u00e9rcoles y viernes, de 8 a 13 horas. De esta forma, los clientes profesionales del Mercat de Flor i Planta podr\u00e1n adquirir tambi\u00e9n todo tipo de abetos, [&hellip;]<\/p>\n","protected":false},"author":2,"featured_media":14848,"comment_status":"closed","ping_status":"closed","sticky":false,"template":"","format":"standard","meta":{"footnotes":""},"categories":[125],"tags":[],"class_list":["post-14868","post","type-post","status-publish","format-standard","has-post-thumbnail","hentry","category-noticias"],"aioseo_notices":[],"_links":{"self":[{"href":"https:\/\/www.mercatflor.cat\/es\/wp-json\/wp\/v2\/posts\/14868","targetHints":{"allow":["GET"]}}],"collection":[{"href":"https:\/\/www.mercatflor.cat\/es\/wp-json\/wp\/v2\/posts"}],"about":[{"href":"https:\/\/www.mercatflor.cat\/es\/wp-json\/wp\/v2\/types\/post"}],"author":[{"embeddable":true,"href":"https:\/\/www.mercatflor.cat\/es\/wp-json\/wp\/v2\/users\/2"}],"replies":[{"embeddable":true,"href":"https:\/\/www.mercatflor.cat\/es\/wp-json\/wp\/v2\/comments?post=14868"}],"version-history":[{"count":2,"href":"https:\/\/www.mercatflor.cat\/es\/wp-json\/wp\/v2\/posts\/14868\/revisions"}],"predecessor-version":[{"id":14870,"href":"https:\/\/www.mercatflor.cat\/es\/wp-json\/wp\/v2\/posts\/14868\/revisions\/14870"}],"wp:featuredmedia":[{"embeddable":true,"href":"https:\/\/www.mercatflor.cat\/es\/wp-json\/wp\/v2\/media\/14848"}],"wp:attachment":[{"href":"https:\/\/www.mercatflor.cat\/es\/wp-json\/wp\/v2\/media?parent=14868"}],"wp:term":[{"taxonomy":"category","embeddable":true,"href":"https:\/\/www.mercatflor.cat\/es\/wp-json\/wp\/v2\/categories?post=14868"},{"taxonomy":"post_tag","embeddable":true,"href":"https:\/\/www.mercatflor.cat\/es\/wp-json\/wp\/v2\/tags?post=14868"}],"curies":[{"name":"wp","href":"https:\/\/api.w.org\/{rel}","templated":true}]}}