{"id":14827,"date":"2024-09-12T15:29:39","date_gmt":"2024-09-12T15:29:39","guid":{"rendered":"https:\/\/www.mercatflor.cat\/?p=14827"},"modified":"2024-12-03T11:57:56","modified_gmt":"2024-12-03T11:57:56","slug":"el-consejero-de-agricultura-oscar-ordeig-visitara-el-mercat","status":"publish","type":"post","link":"https:\/\/www.mercatflor.cat\/es\/noticias\/2024\/09\/el-consejero-de-agricultura-oscar-ordeig-visitara-el-mercat\/","title":{"rendered":"El consejero de Agricultura, \u00d2scar Ordeig, visitar\u00e1 el Mercat"},"content":{"rendered":"<p><span style=\"color: #000000;\">Ma\u00f1ana viernes 13 de septiembre, a partir de las 10h, el Mercat contaremos con la visita del nuevo consejero de la Generalidad de Catalu\u00f1a, \u00d2scar Ordeig, quien se presentar\u00e1 como nuevo responsable pol\u00edtico del Departament d&#8217;Agricultura, Ramaderia, Pesca i Alimentaci\u00f3, invitado expresamente por nuestra entidad con motivo de su nombramiento.<\/span><\/p>\n<p><span style=\"color: #000000;\">Ordeig vendr\u00e1 acompa\u00f1ado de la secretaria de Alimentaci\u00f3, Rosa Cubel, y de la mano de la presidenta Merc\u00e8 Mart\u00ednez, recorrer\u00e1n la venta directa para captar su actividad y al mismo tiempo darse a conocer al conjunto de socios y usuarios de parada.<\/span><\/p>\n<p><span style=\"color: #000000;\">Posteriormente, el conseller firmar\u00e1 el libro de honor y se reunir\u00e1 con una representaci\u00f3n de la Junta Rectora para informarse de la situaci\u00f3n actual del Mercat de Flor i Planta. Se le trasladar\u00e1 las demandas e inquietudes que nos afectan como SAT, entre las que se encuentra la concesi\u00f3n administrativa de la finca que ocupa el Mercado, la nueva ordenaci\u00f3n vial de nuestra zona, la falta de ayudas espec\u00edficas, y la situaci\u00f3n de productores y mayoristas de flor y planta ornamental despu\u00e9s de este \u00faltimo per\u00edodo de sequ\u00eda.<\/span><\/p>\n<p><span style=\"color: #000000;\">Con esta reuni\u00f3n, el Mercat de Flor i Planta queremos crear una l\u00ednea de trabajo directa con el nuevo consejero y su equipo, esperando que de esta forma se tenga m\u00e1s en cuenta nuestro sector agr\u00edcola.<\/span><\/p>\n","protected":false},"excerpt":{"rendered":"<p>Ma\u00f1ana viernes 13 de septiembre, a partir de las 10h, el Mercat contaremos con la visita del nuevo consejero de la Generalidad de Catalu\u00f1a, \u00d2scar Ordeig, quien se presentar\u00e1 como nuevo responsable pol\u00edtico del Departament d&#8217;Agricultura, Ramaderia, Pesca i Alimentaci\u00f3, invitado expresamente por nuestra entidad con motivo de su nombramiento. Ordeig vendr\u00e1 acompa\u00f1ado de la [&hellip;]<\/p>\n","protected":false},"author":2,"featured_media":14630,"comment_status":"closed","ping_status":"closed","sticky":false,"template":"","format":"standard","meta":{"footnotes":""},"categories":[125],"tags":[],"class_list":["post-14827","post","type-post","status-publish","format-standard","has-post-thumbnail","hentry","category-noticias"],"aioseo_notices":[],"_links":{"self":[{"href":"https:\/\/www.mercatflor.cat\/es\/wp-json\/wp\/v2\/posts\/14827","targetHints":{"allow":["GET"]}}],"collection":[{"href":"https:\/\/www.mercatflor.cat\/es\/wp-json\/wp\/v2\/posts"}],"about":[{"href":"https:\/\/www.mercatflor.cat\/es\/wp-json\/wp\/v2\/types\/post"}],"author":[{"embeddable":true,"href":"https:\/\/www.mercatflor.cat\/es\/wp-json\/wp\/v2\/users\/2"}],"replies":[{"embeddable":true,"href":"https:\/\/www.mercatflor.cat\/es\/wp-json\/wp\/v2\/comments?post=14827"}],"version-history":[{"count":2,"href":"https:\/\/www.mercatflor.cat\/es\/wp-json\/wp\/v2\/posts\/14827\/revisions"}],"predecessor-version":[{"id":14835,"href":"https:\/\/www.mercatflor.cat\/es\/wp-json\/wp\/v2\/posts\/14827\/revisions\/14835"}],"wp:featuredmedia":[{"embeddable":true,"href":"https:\/\/www.mercatflor.cat\/es\/wp-json\/wp\/v2\/media\/14630"}],"wp:attachment":[{"href":"https:\/\/www.mercatflor.cat\/es\/wp-json\/wp\/v2\/media?parent=14827"}],"wp:term":[{"taxonomy":"category","embeddable":true,"href":"https:\/\/www.mercatflor.cat\/es\/wp-json\/wp\/v2\/categories?post=14827"},{"taxonomy":"post_tag","embeddable":true,"href":"https:\/\/www.mercatflor.cat\/es\/wp-json\/wp\/v2\/tags?post=14827"}],"curies":[{"name":"wp","href":"https:\/\/api.w.org\/{rel}","templated":true}]}}