{"id":14777,"date":"2023-01-23T15:22:57","date_gmt":"2023-01-23T15:22:57","guid":{"rendered":"https:\/\/www.mercatflor.cat\/?p=14777"},"modified":"2024-11-28T12:45:57","modified_gmt":"2024-11-28T12:45:57","slug":"ya-en-marcha-las-nuevas-placas-fotovoltaicas-del-mercat","status":"publish","type":"post","link":"https:\/\/www.mercatflor.cat\/es\/noticias\/2023\/01\/ya-en-marcha-las-nuevas-placas-fotovoltaicas-del-mercat\/","title":{"rendered":"Ya en marcha las nuevas placas fotovoltaicas del Mercat"},"content":{"rendered":"<p>Desde este pasado fin de semana ya est\u00e1n en funcionamiento las placas fotovoltaicas que hemos colocado sobre la azotea del edificio principal del Mercat.<\/p>\n<p>Como se inform\u00f3 en la Asamblea, se trata de una instalaci\u00f3n de 160 kWh (ampliable a 200 kWh), con 437 paneles, que AECA Group ha dise\u00f1ado para ajustarla a los valores medios de consumo del mercado.<\/p>\n<p>La instalaci\u00f3n cuenta con un transformador propio, y el excedente generado se reinyectar\u00e1 en la compa\u00f1\u00eda el\u00e9ctrica. Su coste ha sido de 162.000\u20ac, financiado en un 60% por un cr\u00e9dito y el resto con fondos propios.<\/p>\n<p>Su puesta en marcha debe suponer un ahorro econ\u00f3mico sustancial en la factura el\u00e9ctrica del Mercat.<\/p>\n<p>&nbsp;<\/p>\n<p><span style=\"color: #000000;\"><a style=\"color: #000000;\" href=\"https:\/\/www.mercatflor.cat\/wp-content\/uploads\/2024\/11\/Plaques2.jpg\"><img loading=\"lazy\" decoding=\"async\" class=\"alignnone wp-image-14745\" src=\"https:\/\/www.mercatflor.cat\/wp-content\/uploads\/2024\/11\/Plaques2-768x1024.jpg\" alt=\"\" width=\"435\" height=\"580\" srcset=\"https:\/\/www.mercatflor.cat\/wp-content\/uploads\/2024\/11\/Plaques2-768x1024.jpg 768w, https:\/\/www.mercatflor.cat\/wp-content\/uploads\/2024\/11\/Plaques2-225x300.jpg 225w, https:\/\/www.mercatflor.cat\/wp-content\/uploads\/2024\/11\/Plaques2-120x160.jpg 120w, https:\/\/www.mercatflor.cat\/wp-content\/uploads\/2024\/11\/Plaques2-1152x1536.jpg 1152w, https:\/\/www.mercatflor.cat\/wp-content\/uploads\/2024\/11\/Plaques2.jpg 1200w\" sizes=\"auto, (max-width: 435px) 100vw, 435px\" \/><\/a><\/span><\/p>\n<p><a href=\"https:\/\/www.mercatflor.cat\/wp-content\/uploads\/2024\/11\/CartellRenovablesMERCATDELAFLORESP-scaled.jpg\"><img loading=\"lazy\" decoding=\"async\" class=\"alignnone size-large wp-image-14780\" src=\"https:\/\/www.mercatflor.cat\/wp-content\/uploads\/2024\/11\/CartellRenovablesMERCATDELAFLORESP-1024x614.jpg\" alt=\"\" width=\"604\" height=\"362\" srcset=\"https:\/\/www.mercatflor.cat\/wp-content\/uploads\/2024\/11\/CartellRenovablesMERCATDELAFLORESP-1024x614.jpg 1024w, https:\/\/www.mercatflor.cat\/wp-content\/uploads\/2024\/11\/CartellRenovablesMERCATDELAFLORESP-300x180.jpg 300w, https:\/\/www.mercatflor.cat\/wp-content\/uploads\/2024\/11\/CartellRenovablesMERCATDELAFLORESP-214x128.jpg 214w, https:\/\/www.mercatflor.cat\/wp-content\/uploads\/2024\/11\/CartellRenovablesMERCATDELAFLORESP-768x461.jpg 768w, https:\/\/www.mercatflor.cat\/wp-content\/uploads\/2024\/11\/CartellRenovablesMERCATDELAFLORESP-1536x922.jpg 1536w, https:\/\/www.mercatflor.cat\/wp-content\/uploads\/2024\/11\/CartellRenovablesMERCATDELAFLORESP-2048x1229.jpg 2048w\" sizes=\"auto, (max-width: 604px) 100vw, 604px\" \/><\/a><\/p>\n<h6><a href=\"https:\/\/www.mercatflor.cat\/wp-content\/uploads\/2024\/11\/Memoria_justificacio_fotovoltaica_-MDLF.pdf\" target=\"_blank\" rel=\"noopener\"><em><strong>Ver Memoria justificativa del proyecto (en catal\u00e1n)<\/strong><\/em><\/a><\/h6>\n<p>&nbsp;<\/p>\n<p>&nbsp;<\/p>\n","protected":false},"excerpt":{"rendered":"<p>Desde este pasado fin de semana ya est\u00e1n en funcionamiento las placas fotovoltaicas que hemos colocado sobre la azotea del edificio principal del Mercat. Como se inform\u00f3 en la Asamblea, se trata de una instalaci\u00f3n de 160 kWh (ampliable a 200 kWh), con 437 paneles, que AECA Group ha dise\u00f1ado para ajustarla a los valores [&hellip;]<\/p>\n","protected":false},"author":2,"featured_media":14744,"comment_status":"closed","ping_status":"closed","sticky":false,"template":"","format":"standard","meta":{"footnotes":""},"categories":[125],"tags":[],"class_list":["post-14777","post","type-post","status-publish","format-standard","has-post-thumbnail","hentry","category-noticias"],"aioseo_notices":[],"_links":{"self":[{"href":"https:\/\/www.mercatflor.cat\/es\/wp-json\/wp\/v2\/posts\/14777","targetHints":{"allow":["GET"]}}],"collection":[{"href":"https:\/\/www.mercatflor.cat\/es\/wp-json\/wp\/v2\/posts"}],"about":[{"href":"https:\/\/www.mercatflor.cat\/es\/wp-json\/wp\/v2\/types\/post"}],"author":[{"embeddable":true,"href":"https:\/\/www.mercatflor.cat\/es\/wp-json\/wp\/v2\/users\/2"}],"replies":[{"embeddable":true,"href":"https:\/\/www.mercatflor.cat\/es\/wp-json\/wp\/v2\/comments?post=14777"}],"version-history":[{"count":5,"href":"https:\/\/www.mercatflor.cat\/es\/wp-json\/wp\/v2\/posts\/14777\/revisions"}],"predecessor-version":[{"id":14787,"href":"https:\/\/www.mercatflor.cat\/es\/wp-json\/wp\/v2\/posts\/14777\/revisions\/14787"}],"wp:featuredmedia":[{"embeddable":true,"href":"https:\/\/www.mercatflor.cat\/es\/wp-json\/wp\/v2\/media\/14744"}],"wp:attachment":[{"href":"https:\/\/www.mercatflor.cat\/es\/wp-json\/wp\/v2\/media?parent=14777"}],"wp:term":[{"taxonomy":"category","embeddable":true,"href":"https:\/\/www.mercatflor.cat\/es\/wp-json\/wp\/v2\/categories?post=14777"},{"taxonomy":"post_tag","embeddable":true,"href":"https:\/\/www.mercatflor.cat\/es\/wp-json\/wp\/v2\/tags?post=14777"}],"curies":[{"name":"wp","href":"https:\/\/api.w.org\/{rel}","templated":true}]}}