{"id":14181,"date":"2023-02-15T12:42:42","date_gmt":"2023-02-15T12:42:42","guid":{"rendered":"https:\/\/www.mercatflor.cat\/?p=14181"},"modified":"2023-02-16T12:57:57","modified_gmt":"2023-02-16T12:57:57","slug":"impulsamos-con-el-hospital-clinic-un-proyecto-para-mejorar-la-calidad-del-aire-y-el-confort-en-los-laboratorios-con-planta-viva","status":"publish","type":"post","link":"https:\/\/www.mercatflor.cat\/es\/noticias\/2023\/02\/impulsamos-con-el-hospital-clinic-un-proyecto-para-mejorar-la-calidad-del-aire-y-el-confort-en-los-laboratorios-con-planta-viva\/","title":{"rendered":"Impulsamos con el Hospital Cl\u00ednic un proyecto para mejorar la calidad del aire y el confort en los laboratorios con planta viva"},"content":{"rendered":"<p><span style=\"color: #000000;\">El Hospital Cl\u00ednic de Barcelona y el Mercat de Flor i Planta Ornamental de Catalunya impulsan un proyecto para crear una infraestructura verde de plantas de interior en los laboratorios del Centro de Diagn\u00f3stico Biom\u00e9dico (CDB) del hospital. El objetivo del proyecto <em><strong>CDB Respira<\/strong> <\/em>es mejorar la calidad del aire en los laboratorios y el confort de los pacientes en los espacios comunes, como el centro de extracciones.<\/span><\/p>\n<p><span style=\"color: #000000;\">El proyecto se present\u00f3 el lunes 13 de febrero en el hospital Cl\u00ednic de Barcelona en un acto en el que participaron el Consejero de Salud de la Generalitat de Catalunya, el <strong>Dr. Manel Balcells<\/strong>; la Consejera de Acci\u00f3n Clim\u00e1tica, Alimentaci\u00f3n y Agenda Rural de la Generalitat de Catalunya, la<strong> Sra. Teresa Jord\u00e0<\/strong>; el <strong>Dr. Josep M. Campistol<\/strong>, director general del Cl\u00ednic; la <strong>Dra. Aurea Mira<\/strong>, directora del CDB; la <strong>Sra. Merc\u00e8 Mart\u00ednez<\/strong>, presidenta del Mercat de Flor i Planta Ornamental de Catalunya; y el <strong>Dr. Antonio Mart\u00ednez<\/strong>, jefe del Servicio Anatom\u00eda Patol\u00f3gica del CDB.<\/span><\/p>\n<p><span style=\"color: #000000;\"><a style=\"color: #000000;\" href=\"https:\/\/www.mercatflor.cat\/wp-content\/uploads\/2023\/02\/franciscoavia-clinic-barcelonadsc_4289_52686298696_o.jpg\"><img loading=\"lazy\" decoding=\"async\" class=\"alignnone size-full wp-image-14089\" src=\"https:\/\/www.mercatflor.cat\/wp-content\/uploads\/2023\/02\/franciscoavia-clinic-barcelonadsc_4289_52686298696_o.jpg\" alt=\"\" width=\"2048\" height=\"1365\" srcset=\"https:\/\/www.mercatflor.cat\/wp-content\/uploads\/2023\/02\/franciscoavia-clinic-barcelonadsc_4289_52686298696_o.jpg 2048w, https:\/\/www.mercatflor.cat\/wp-content\/uploads\/2023\/02\/franciscoavia-clinic-barcelonadsc_4289_52686298696_o-300x200.jpg 300w, https:\/\/www.mercatflor.cat\/wp-content\/uploads\/2023\/02\/franciscoavia-clinic-barcelonadsc_4289_52686298696_o-1024x683.jpg 1024w, https:\/\/www.mercatflor.cat\/wp-content\/uploads\/2023\/02\/franciscoavia-clinic-barcelonadsc_4289_52686298696_o-214x143.jpg 214w, https:\/\/www.mercatflor.cat\/wp-content\/uploads\/2023\/02\/franciscoavia-clinic-barcelonadsc_4289_52686298696_o-768x512.jpg 768w, https:\/\/www.mercatflor.cat\/wp-content\/uploads\/2023\/02\/franciscoavia-clinic-barcelonadsc_4289_52686298696_o-1536x1024.jpg 1536w\" sizes=\"auto, (max-width: 2048px) 100vw, 2048px\" \/><\/a><\/span><\/p>\n<p><span style=\"color: #000000;\">El <strong>Dr. Manel Balcells<\/strong> valor\u00f3 esta iniciativa \u201ccomo muy necesaria para mejorar de forma natural la contaminaci\u00f3n ambiental y el estado de \u00e1nimo de las personas. La transformaci\u00f3n verde de los laboratorios y espacios sanitarios humaniza el entorno y mejora la calidad de vida de profesionales y pacientes\u201d.<\/span><\/p>\n<p><span style=\"color: #000000;\">Sobre el acuerdo entre el Cl\u00ednic y el Mercat, <strong>Teresa Jord\u00e0<\/strong> dijo que \u201clas plantas y flores nos ayudan a reducir el estr\u00e9s, nos aportan ox\u00edgeno y humedad ambiental, relajan y mejoran la est\u00e9tica de muchos espacios. Sin duda, todos estos beneficios tienen un impacto tambi\u00e9n en situaciones en las que ya de por s\u00ed las condiciones no son las m\u00e1s deseadas. Los hospitales, residencias, centros de salud, etc., necesitan ser espacios en los que quienes conviven encuentren no s\u00f3lo atractivo lo que les rodea sino beneficioso\u201d.<\/span><\/p>\n<p><span style=\"color: #000000;\">El <strong>Dr. Josep M. Campistol<\/strong> apunt\u00f3 que, \u201ccon este proyecto buscamos mejorar el confort de los pacientes y el de los profesionales que trabajan en los laboratorios del CDB, pero tambi\u00e9n evaluar c\u00f3mo las plantas pueden mejorar la calidad del aire en estos espacios. Es un ejemplo de mejora continua y de c\u00f3mo desde el hospital se vela por el bienestar de las personas\u201d.<\/span><\/p>\n<p><span style=\"color: #000000;\"><strong>Mejorar el confort y la calidad del aire<\/strong><\/span><\/p>\n<p><span style=\"color: #000000;\">El proyecto CDB Respira consiste en la colocaci\u00f3n de plantas de interior dentro de los laboratorios del hospital y en los espacios comunes del Centro de Diagn\u00f3stico Biom\u00e9dico con el objetivo principal de construir un espacio m\u00e1s confortable para pacientes y profesionales.<\/span><\/p>\n<p><span style=\"color: #000000;\"><a style=\"color: #000000;\" href=\"https:\/\/www.mercatflor.cat\/wp-content\/uploads\/2023\/02\/franciscoavia-clinic-barcelonadsc_4375_52686580564_o-1.jpg\"><img loading=\"lazy\" decoding=\"async\" class=\"alignnone size-full wp-image-14124\" src=\"https:\/\/www.mercatflor.cat\/wp-content\/uploads\/2023\/02\/franciscoavia-clinic-barcelonadsc_4375_52686580564_o-1.jpg\" alt=\"\" width=\"2048\" height=\"1365\" srcset=\"https:\/\/www.mercatflor.cat\/wp-content\/uploads\/2023\/02\/franciscoavia-clinic-barcelonadsc_4375_52686580564_o-1.jpg 2048w, https:\/\/www.mercatflor.cat\/wp-content\/uploads\/2023\/02\/franciscoavia-clinic-barcelonadsc_4375_52686580564_o-1-300x200.jpg 300w, https:\/\/www.mercatflor.cat\/wp-content\/uploads\/2023\/02\/franciscoavia-clinic-barcelonadsc_4375_52686580564_o-1-1024x683.jpg 1024w, https:\/\/www.mercatflor.cat\/wp-content\/uploads\/2023\/02\/franciscoavia-clinic-barcelonadsc_4375_52686580564_o-1-214x143.jpg 214w, https:\/\/www.mercatflor.cat\/wp-content\/uploads\/2023\/02\/franciscoavia-clinic-barcelonadsc_4375_52686580564_o-1-768x512.jpg 768w, https:\/\/www.mercatflor.cat\/wp-content\/uploads\/2023\/02\/franciscoavia-clinic-barcelonadsc_4375_52686580564_o-1-1536x1024.jpg 1536w\" sizes=\"auto, (max-width: 2048px) 100vw, 2048px\" \/><\/a><\/span><\/p>\n<p><span style=\"color: #000000;\">Por un lado, se quiere mejorar la calidad del aire de forma transversal en los laboratorios y \u00e1reas operativas del CDB. Se evaluar\u00e1 a trav\u00e9s de mediciones de sustancias ambientales potencialmente t\u00f3xicas que realiza el Servicio de Prevenci\u00f3n de riesgos laborales del hospital. Por otro, proporcionar a los pacientes una sensaci\u00f3n de tranquilidad y bienestar antes de la atenci\u00f3n sanitaria. \u00abTambi\u00e9n se quiere crear un espacio de trabajo m\u00e1s confortable para los profesionales y favorecer el sentimiento de pertenencia y responsabilidad dentro del equipo, ya que el mantenimiento de los espacios verdes ir\u00e1 a cargo de los profesionales del CDB\u00bb, se\u00f1al\u00f3 la <strong>Sra. Dolores Ja\u00e9n<\/strong>, Jefe de Gesti\u00f3n de Enfermer\u00eda del CDB.<\/span><\/p>\n<p><span style=\"color: #000000;\">Desde el Mercat de Flor i Planta Ornamental de Catalunya se ha asesorado al CDB en relaci\u00f3n a las especies de plantas m\u00e1s adecuadas para los procesos de detoxificaci\u00f3n y purificaci\u00f3n de los diferentes laboratorios y servicios de Anatom\u00eda Patol\u00f3gica, donde se opera con agentes nocivos para el organismo, como el formaldeh\u00eddo, as\u00ed como de las especies m\u00e1s favorables para mejorar la confortabilidad de otros espacios de trabajo.<\/span><\/p>\n<p><span style=\"color: #000000;\">\u00abLos resultados preliminares de las mediciones de la calidad del aire en los laboratorios demuestran claramente una mejora de todos los par\u00e1metros despu\u00e9s de la implementaci\u00f3n de estos espacios verdes de interior\u00bb, constat\u00f3 el <strong>Dr. Antonio Mart\u00ednez.<\/strong><\/span><\/p>\n<p>&nbsp;<\/p>\n<p><span style=\"color: #000000;\"><a style=\"color: #000000;\" href=\"https:\/\/www.mercatflor.cat\/wp-content\/uploads\/2023\/02\/Medicions-scaled.jpg\"><img loading=\"lazy\" decoding=\"async\" class=\"alignnone size-full wp-image-14129\" src=\"https:\/\/www.mercatflor.cat\/wp-content\/uploads\/2023\/02\/Medicions-scaled.jpg\" alt=\"\" width=\"2560\" height=\"1669\" srcset=\"https:\/\/www.mercatflor.cat\/wp-content\/uploads\/2023\/02\/Medicions-scaled.jpg 2560w, https:\/\/www.mercatflor.cat\/wp-content\/uploads\/2023\/02\/Medicions-300x196.jpg 300w, https:\/\/www.mercatflor.cat\/wp-content\/uploads\/2023\/02\/Medicions-1024x668.jpg 1024w, https:\/\/www.mercatflor.cat\/wp-content\/uploads\/2023\/02\/Medicions-214x140.jpg 214w, https:\/\/www.mercatflor.cat\/wp-content\/uploads\/2023\/02\/Medicions-768x501.jpg 768w, https:\/\/www.mercatflor.cat\/wp-content\/uploads\/2023\/02\/Medicions-1536x1001.jpg 1536w, https:\/\/www.mercatflor.cat\/wp-content\/uploads\/2023\/02\/Medicions-2048x1335.jpg 2048w\" sizes=\"auto, (max-width: 2560px) 100vw, 2560px\" \/><\/a><\/span><\/p>\n<p><span style=\"color: #000000;\">El Mercat ha proporcionado cerca de 500 plantas, que han sido cultivadas por productores catalanes del Maresme, Tarragona, Girona y Lleida. Se ha trabajado con materiales de proximidad, como los sustratos o las macetas de pared, de Citysens, una empresa de Tarragona que fabrica las jardineras con polipropileno reciclado y 100% reciclable. La selecci\u00f3n de plantas y el asesoramiento para la instalaci\u00f3n ha corrido a cargo del ingeniero-paisajista y jardinero Jorge Mu\u00f1iz, colaborador del Mercat de Flor i Planta, miembro del Gremi de Jardineria de Catalunya.<\/span><\/p>\n<p><span style=\"color: #000000;\">\u201cPara nosotros este proyecto es la oportunidad de poner de manifiesto y mostrar el potencial de las plantas vivas m\u00e1s all\u00e1 de su reconocido valor ornamental. Las plantas purifican el aire y generan bienestar f\u00edsico y emocional y deben convertirse en un elemento a tener muy en cuenta en el cuidado de las personas. Para nosotros ha sido una gran recompensa la acogida por parte de profesionales y usuarios que evidencia la realidad y la importancia de la terapia verde\u201d, explic\u00f3 la <strong>Sra. Merc\u00e8 Mart\u00ednez<\/strong>.<\/span><\/p>\n<p><span style=\"color: #000000;\">Para la colocaci\u00f3n de las plantas, se han priorizado varios espacios del Centro de Diagn\u00f3stico Biom\u00e9dico, como son el Centro de extracciones, tanto en las salas de espera como en la zona del box de extracciones; el laboratorio de Anatom\u00eda Patol\u00f3gica; la zona de ventanas y la entrada del laboratorio CORE, donde se realiza el an\u00e1lisis de las muestras; y en las zonas de recepci\u00f3n de muestras, compras y direcci\u00f3n del Centro.<\/span><\/p>\n<p><span style=\"color: #000000;\">\u201cEl laboratorio Core es un gran espacio abierto, lleno de analizadores y miles de muestras por analizar, que trabaja 24 horas y donde a veces cuesta tener referencias de lo que est\u00e1 pasando en el exterior. Disfrutar de las plantas y flores nos permite mejorar la calidad del aire y, al mismo tiempo, hacer m\u00e1s alegre, vivo y humano un espacio dominado por la tecnolog\u00eda\u201d, comentaba el <strong>Dr. Josep Llu\u00eds Bedini<\/strong>, Jefe Operativo del Laboratorio Core.<\/span><\/p>\n<p><span style=\"color: #000000;\">\u201cEsta iniciativa es un plan piloto que tiene una duraci\u00f3n de un a\u00f1o y que est\u00e1 incluida dentro del plan estrat\u00e9gico del Hospital, para realizar un Cl\u00ednico m\u00e1s cercano, inteligente, sostenible y pionero. Los pacientes y profesionales del CDB son el centro de este proyecto\u201d, concluy\u00f3 la <strong>Dra. Aurea Mira<\/strong>.<\/span><\/p>\n<p><span style=\"color: #000000;\">Esta iniciativa recibi\u00f3 una menci\u00f3n especial de la Confederaci\u00f3 de Horticultura Ornamental de Catalunya en la \u00faltima edici\u00f3n del certamen Viles Florides de Catalunya.<\/span><\/p>\n<p><span style=\"color: #808080;\"><strong><em>Fotos: Hospital Cl\u00ednic (Francisco Avia) y Mercat de Flor i Planta.<\/em><\/strong><\/span><\/p>\n<p>[slideshow_deploy id=&#8217;14122&#8242;]<\/p>\n<p>&nbsp;<\/p>\n","protected":false},"excerpt":{"rendered":"<p>El Hospital Cl\u00ednic de Barcelona y el Mercat de Flor i Planta Ornamental de Catalunya impulsan un proyecto para crear una infraestructura verde de plantas de interior en los laboratorios del Centro de Diagn\u00f3stico Biom\u00e9dico (CDB) del hospital. El objetivo del proyecto CDB Respira es mejorar la calidad del aire en los laboratorios y el [&hellip;]<\/p>\n","protected":false},"author":2,"featured_media":14120,"comment_status":"closed","ping_status":"closed","sticky":false,"template":"","format":"standard","meta":{"footnotes":""},"categories":[125],"tags":[],"class_list":["post-14181","post","type-post","status-publish","format-standard","has-post-thumbnail","hentry","category-noticias"],"aioseo_notices":[],"_links":{"self":[{"href":"https:\/\/www.mercatflor.cat\/es\/wp-json\/wp\/v2\/posts\/14181","targetHints":{"allow":["GET"]}}],"collection":[{"href":"https:\/\/www.mercatflor.cat\/es\/wp-json\/wp\/v2\/posts"}],"about":[{"href":"https:\/\/www.mercatflor.cat\/es\/wp-json\/wp\/v2\/types\/post"}],"author":[{"embeddable":true,"href":"https:\/\/www.mercatflor.cat\/es\/wp-json\/wp\/v2\/users\/2"}],"replies":[{"embeddable":true,"href":"https:\/\/www.mercatflor.cat\/es\/wp-json\/wp\/v2\/comments?post=14181"}],"version-history":[{"count":4,"href":"https:\/\/www.mercatflor.cat\/es\/wp-json\/wp\/v2\/posts\/14181\/revisions"}],"predecessor-version":[{"id":14185,"href":"https:\/\/www.mercatflor.cat\/es\/wp-json\/wp\/v2\/posts\/14181\/revisions\/14185"}],"wp:featuredmedia":[{"embeddable":true,"href":"https:\/\/www.mercatflor.cat\/es\/wp-json\/wp\/v2\/media\/14120"}],"wp:attachment":[{"href":"https:\/\/www.mercatflor.cat\/es\/wp-json\/wp\/v2\/media?parent=14181"}],"wp:term":[{"taxonomy":"category","embeddable":true,"href":"https:\/\/www.mercatflor.cat\/es\/wp-json\/wp\/v2\/categories?post=14181"},{"taxonomy":"post_tag","embeddable":true,"href":"https:\/\/www.mercatflor.cat\/es\/wp-json\/wp\/v2\/tags?post=14181"}],"curies":[{"name":"wp","href":"https:\/\/api.w.org\/{rel}","templated":true}]}}