{"id":13762,"date":"2022-06-09T13:12:00","date_gmt":"2022-06-09T13:12:00","guid":{"rendered":"https:\/\/www.mercatflor.cat\/?p=13762"},"modified":"2022-06-21T13:47:53","modified_gmt":"2022-06-21T13:47:53","slug":"inauguramos-viridalia-2022","status":"publish","type":"post","link":"https:\/\/www.mercatflor.cat\/es\/noticias\/2022\/06\/inauguramos-viridalia-2022\/","title":{"rendered":"Inauguramos Viridalia 2022"},"content":{"rendered":"\n<p>El Mercat acogimos el mi\u00e9rcoles 8 de junio la inauguraci\u00f3n de la 9\u00aa edici\u00f3n de Viridalia, las jornadas de puertas abiertas bianuales organizadas por la Associaci\u00f3 d&#8217;Agricultors Viveristes de Barcelona en las que varios viveros y comercializadores muestran sus productos y novedades a profesionales del sector venidos de todo el mundo.<\/p>\n\n\n\n<p>Bajo el lema \u201cEl regreso m\u00e1s deseado\u201d, VIRIDALIA se celebra durante 3 d\u00edas (el 8, 9 y 10 de junio), en diferentes sedes repartidas entre las localidades de Premi\u00e0 de Dalt, Vilassar de Mar, Vilassar de Dalt y Sant Andreu de Llavaneres.<\/p>\n\n\n\n<p>Despu\u00e9s de 8 ediciones, VIRIDALIA es ya una exhibici\u00f3n consolidada, esperada y positivamente valorada por su car\u00e1cter abierto y participativo. Un evento que permite a los asistentes descubrir e intercambiar informaci\u00f3n a ra\u00edz de las colecciones actuales, las novedades y tendencias del sector, adem\u00e1s de dar a conocer las instalaciones y la oferta de servicios de los exhibidores. Es el punto de reuni\u00f3n, colaborativo y de intercambio, en el que convergen todos los agentes del mercado de la planta ornamental. Desde los productores de semillero hasta los de planta acabada pasando por los comercializadores y los mayoristas.<\/p>\n\n\n\n<figure class=\"wp-block-image size-large\"><img loading=\"lazy\" decoding=\"async\" width=\"1024\" height=\"769\" src=\"https:\/\/www.mercatflor.cat\/wp-content\/uploads\/2022\/06\/Post-Viridalia-3-1024x769.jpg\" alt=\"\" class=\"wp-image-13620\" srcset=\"https:\/\/www.mercatflor.cat\/wp-content\/uploads\/2022\/06\/Post-Viridalia-3-1024x769.jpg 1024w, https:\/\/www.mercatflor.cat\/wp-content\/uploads\/2022\/06\/Post-Viridalia-3-300x225.jpg 300w, https:\/\/www.mercatflor.cat\/wp-content\/uploads\/2022\/06\/Post-Viridalia-3-214x160.jpg 214w, https:\/\/www.mercatflor.cat\/wp-content\/uploads\/2022\/06\/Post-Viridalia-3-768x577.jpg 768w, https:\/\/www.mercatflor.cat\/wp-content\/uploads\/2022\/06\/Post-Viridalia-3-1536x1153.jpg 1536w, https:\/\/www.mercatflor.cat\/wp-content\/uploads\/2022\/06\/Post-Viridalia-3-2048x1538.jpg 2048w\" sizes=\"auto, (max-width: 1024px) 100vw, 1024px\" \/><figcaption><em><strong>La presidenta del Mercat, Merc\u00e8 Mart\u00ednez, fue la encargada de dar la bienvenida a esta 9a edici\u00f3n de Viridalia<\/strong><\/em><\/figcaption><\/figure>\n\n\n\n<p>El Mercat de Flor i Planta participamos como \u00fanico mercado en origen del sur de Europa con el objetivo de mostrar nuestra ampl\u00edsima oferta de producto, junto a destacadas empresas del sector como son Bulbos Espa\u00f1a, Corma, D\u00fcmmen Orange, Grupo Roig, Planteles Lloveras, Plantinova, Poleplants, Vivers SalaGraupera, Syngenta y Volmary.<\/p>\n\n\n\n<p>Como en ocasiones anteriores, VIRIDALIA tambi\u00e9n cuenta con el apoyo y colaboraci\u00f3n de VilesFlorides, el certamen que valora y distingue a los municipios con mejores iniciativas verdes y que contribuye a aproximar m\u00e1s a los productores y comercializadores de planta y sus usuarios. Una iniciativa que ayuda a la cohesi\u00f3n del sector a beneficio del entorno y de quienes lo habitamos.<\/p>\n\n\n\n<figure class=\"wp-block-image size-large\"><img loading=\"lazy\" decoding=\"async\" width=\"1024\" height=\"498\" src=\"https:\/\/www.mercatflor.cat\/wp-content\/uploads\/2022\/06\/Post-Viridalia-1-1024x498.jpg\" alt=\"\" class=\"wp-image-13616\" srcset=\"https:\/\/www.mercatflor.cat\/wp-content\/uploads\/2022\/06\/Post-Viridalia-1-1024x498.jpg 1024w, https:\/\/www.mercatflor.cat\/wp-content\/uploads\/2022\/06\/Post-Viridalia-1-300x146.jpg 300w, https:\/\/www.mercatflor.cat\/wp-content\/uploads\/2022\/06\/Post-Viridalia-1-214x104.jpg 214w, https:\/\/www.mercatflor.cat\/wp-content\/uploads\/2022\/06\/Post-Viridalia-1-768x373.jpg 768w, https:\/\/www.mercatflor.cat\/wp-content\/uploads\/2022\/06\/Post-Viridalia-1-1536x747.jpg 1536w, https:\/\/www.mercatflor.cat\/wp-content\/uploads\/2022\/06\/Post-Viridalia-1-2048x995.jpg 2048w\" sizes=\"auto, (max-width: 1024px) 100vw, 1024px\" \/><figcaption><em><strong>En la inauguraci\u00f3n participaron representantes de distintas empresas participantes, as\u00ed como la Cap del Servei de Coordinaci\u00f3 i Gesti\u00f3 Territorial de Barcelona del Departament d\u2019Acci\u00f3 Clim\u00e0tica, Alimentaci\u00f3 i Agenda Rural, Marta Esparza, y responsables pol\u00edticos de Vilassar de Mar y Sant Andreu de Llavaneres.<\/strong><\/em><\/figcaption><\/figure>\n\n\n\n<figure class=\"wp-block-image size-large\"><img loading=\"lazy\" decoding=\"async\" width=\"1024\" height=\"769\" src=\"https:\/\/www.mercatflor.cat\/wp-content\/uploads\/2022\/06\/Post-Viridalia2-1024x769.jpg\" alt=\"\" class=\"wp-image-13628\" srcset=\"https:\/\/www.mercatflor.cat\/wp-content\/uploads\/2022\/06\/Post-Viridalia2-1024x769.jpg 1024w, https:\/\/www.mercatflor.cat\/wp-content\/uploads\/2022\/06\/Post-Viridalia2-300x225.jpg 300w, https:\/\/www.mercatflor.cat\/wp-content\/uploads\/2022\/06\/Post-Viridalia2-214x160.jpg 214w, https:\/\/www.mercatflor.cat\/wp-content\/uploads\/2022\/06\/Post-Viridalia2-768x577.jpg 768w, https:\/\/www.mercatflor.cat\/wp-content\/uploads\/2022\/06\/Post-Viridalia2-1536x1153.jpg 1536w, https:\/\/www.mercatflor.cat\/wp-content\/uploads\/2022\/06\/Post-Viridalia2-2048x1538.jpg 2048w\" sizes=\"auto, (max-width: 1024px) 100vw, 1024px\" \/><\/figure>\n\n\n\n<p><\/p>\n\n\n\n<p><strong>Puedes ver un v\u00eddeo resumen en la plataforma informativa Gu\u00eda Verde: <a href=\"https:\/\/youtu.be\/15OnJwsSDfU\">https:\/\/youtu.be\/15OnJwsSDfU<\/a><\/strong><\/p>\n","protected":false},"excerpt":{"rendered":"<p>El Mercat acogimos el mi\u00e9rcoles 8 de junio la inauguraci\u00f3n de la 9\u00aa edici\u00f3n de Viridalia, las jornadas de puertas abiertas bianuales organizadas por la Associaci\u00f3 d&#8217;Agricultors Viveristes de Barcelona en las que varios viveros y comercializadores muestran sus productos y novedades a profesionales del sector venidos de todo el mundo. Bajo el lema \u201cEl [&hellip;]<\/p>\n","protected":false},"author":2,"featured_media":13627,"comment_status":"closed","ping_status":"closed","sticky":false,"template":"","format":"standard","meta":{"footnotes":""},"categories":[125],"tags":[],"class_list":["post-13762","post","type-post","status-publish","format-standard","has-post-thumbnail","hentry","category-noticias"],"aioseo_notices":[],"_links":{"self":[{"href":"https:\/\/www.mercatflor.cat\/es\/wp-json\/wp\/v2\/posts\/13762","targetHints":{"allow":["GET"]}}],"collection":[{"href":"https:\/\/www.mercatflor.cat\/es\/wp-json\/wp\/v2\/posts"}],"about":[{"href":"https:\/\/www.mercatflor.cat\/es\/wp-json\/wp\/v2\/types\/post"}],"author":[{"embeddable":true,"href":"https:\/\/www.mercatflor.cat\/es\/wp-json\/wp\/v2\/users\/2"}],"replies":[{"embeddable":true,"href":"https:\/\/www.mercatflor.cat\/es\/wp-json\/wp\/v2\/comments?post=13762"}],"version-history":[{"count":2,"href":"https:\/\/www.mercatflor.cat\/es\/wp-json\/wp\/v2\/posts\/13762\/revisions"}],"predecessor-version":[{"id":13764,"href":"https:\/\/www.mercatflor.cat\/es\/wp-json\/wp\/v2\/posts\/13762\/revisions\/13764"}],"wp:featuredmedia":[{"embeddable":true,"href":"https:\/\/www.mercatflor.cat\/es\/wp-json\/wp\/v2\/media\/13627"}],"wp:attachment":[{"href":"https:\/\/www.mercatflor.cat\/es\/wp-json\/wp\/v2\/media?parent=13762"}],"wp:term":[{"taxonomy":"category","embeddable":true,"href":"https:\/\/www.mercatflor.cat\/es\/wp-json\/wp\/v2\/categories?post=13762"},{"taxonomy":"post_tag","embeddable":true,"href":"https:\/\/www.mercatflor.cat\/es\/wp-json\/wp\/v2\/tags?post=13762"}],"curies":[{"name":"wp","href":"https:\/\/api.w.org\/{rel}","templated":true}]}}