{"id":12707,"date":"2020-10-29T12:00:05","date_gmt":"2020-10-29T12:00:05","guid":{"rendered":"https:\/\/www.mercatflor.cat\/?p=12707"},"modified":"2020-11-11T13:30:26","modified_gmt":"2020-11-11T13:30:26","slug":"el-mercat-seguira-obert-tot-i-les-noves-restriccions","status":"publish","type":"post","link":"https:\/\/www.mercatflor.cat\/es\/noticias\/2020\/10\/el-mercat-seguira-obert-tot-i-les-noves-restriccions\/","title":{"rendered":"El Mercat seguir\u00e1 abierto (a pesar de las nuevas restricciones)"},"content":{"rendered":"\n<p>COMUNICADO DEL MERCAT SOBRE LAS NUEVAS MEDIDAS RESTRICTIVAS DEL GOBIERNO DE LA GENERALITAT EN RELACI\u00d3N AL COVID-19 PARA LOS PR\u00d3XIMOS 15 D\u00cdAS<\/p>\n\n\n\n<p>El Mercat de Flor i Planta Ornamental de Catalunya permanecer\u00e1 ABIERTO en su horario habitual, los lunes, mi\u00e9rcoles y viernes de 8 a 13h, ya que somos un MERCADO MAYORISTA PROFESIONAL.<\/p>\n\n\n\n<p>En cuanto al confinamiento municipal los fines de semana, ma\u00f1ana viernes 30 de octubre, y tambi\u00e9n el pr\u00f3ximo viernes 6 de noviembre, nuestros clientes podr\u00e1n venir al Mercat vengan de donde vengan, siempre y cuando se acompa\u00f1en de un certificado que especifique que se desplazan por motivos laborales.<\/p>\n\n\n\n<p>Es necesario que todas las empresas certifiquen las jornadas de sus trabajadores conforme est\u00e1n realizando actividad laboral, para que puedan acudir a cargar, descargar, vender, comprar y operar en el Mercat. Emitiros tambi\u00e9n los certificados de autorresponsabilidad para hacer cualquier tipo de desplazamiento: https:\/\/certificatdes.confinapp.cat\/#\/<\/p>\n\n\n\n<p>Asimismo, haceros saber que desde presidencia, Merc\u00e8 Mart\u00ednez est\u00e1 en contacto permanente con los responsables de Agricultura de la Generalitat de Catalu\u00f1a para resolver todas las dudas que puedan surgir sobre la actividad de nuestro sector. Ya el lunes, por este mismo motivo, se envi\u00f3 carta a la consejera de Agricultura y la directora general de Comercio pidiendo que en el marco del nuevo Estado de Alarma se preserve la actividad tanto del Mercat como de las empresas del sector , desde almacenes mayoristas, hasta centros de jardiner\u00eda y florister\u00edas.<\/p>\n","protected":false},"excerpt":{"rendered":"<p>COMUNICADO DEL MERCAT SOBRE LAS NUEVAS MEDIDAS RESTRICTIVAS DEL GOBIERNO DE LA GENERALITAT EN RELACI\u00d3N AL COVID-19 PARA LOS PR\u00d3XIMOS 15 D\u00cdAS El Mercat de Flor i Planta Ornamental de Catalunya permanecer\u00e1 ABIERTO en su horario habitual, los lunes, mi\u00e9rcoles y viernes de 8 a 13h, ya que somos un MERCADO MAYORISTA PROFESIONAL. En cuanto [&hellip;]<\/p>\n","protected":false},"author":2,"featured_media":12705,"comment_status":"closed","ping_status":"closed","sticky":false,"template":"","format":"standard","meta":{"footnotes":""},"categories":[125],"tags":[],"class_list":["post-12707","post","type-post","status-publish","format-standard","has-post-thumbnail","hentry","category-noticias"],"aioseo_notices":[],"_links":{"self":[{"href":"https:\/\/www.mercatflor.cat\/es\/wp-json\/wp\/v2\/posts\/12707","targetHints":{"allow":["GET"]}}],"collection":[{"href":"https:\/\/www.mercatflor.cat\/es\/wp-json\/wp\/v2\/posts"}],"about":[{"href":"https:\/\/www.mercatflor.cat\/es\/wp-json\/wp\/v2\/types\/post"}],"author":[{"embeddable":true,"href":"https:\/\/www.mercatflor.cat\/es\/wp-json\/wp\/v2\/users\/2"}],"replies":[{"embeddable":true,"href":"https:\/\/www.mercatflor.cat\/es\/wp-json\/wp\/v2\/comments?post=12707"}],"version-history":[{"count":2,"href":"https:\/\/www.mercatflor.cat\/es\/wp-json\/wp\/v2\/posts\/12707\/revisions"}],"predecessor-version":[{"id":12715,"href":"https:\/\/www.mercatflor.cat\/es\/wp-json\/wp\/v2\/posts\/12707\/revisions\/12715"}],"wp:featuredmedia":[{"embeddable":true,"href":"https:\/\/www.mercatflor.cat\/es\/wp-json\/wp\/v2\/media\/12705"}],"wp:attachment":[{"href":"https:\/\/www.mercatflor.cat\/es\/wp-json\/wp\/v2\/media?parent=12707"}],"wp:term":[{"taxonomy":"category","embeddable":true,"href":"https:\/\/www.mercatflor.cat\/es\/wp-json\/wp\/v2\/categories?post=12707"},{"taxonomy":"post_tag","embeddable":true,"href":"https:\/\/www.mercatflor.cat\/es\/wp-json\/wp\/v2\/tags?post=12707"}],"curies":[{"name":"wp","href":"https:\/\/api.w.org\/{rel}","templated":true}]}}