{"id":12210,"date":"2020-03-15T13:43:26","date_gmt":"2020-03-15T13:43:26","guid":{"rendered":"https:\/\/www.mercatflor.cat\/?p=12210"},"modified":"2020-03-15T13:44:45","modified_gmt":"2020-03-15T13:44:45","slug":"medidas-especiales-covid-19","status":"publish","type":"post","link":"https:\/\/www.mercatflor.cat\/es\/noticias\/2020\/03\/medidas-especiales-covid-19\/","title":{"rendered":"MEDIDAS ESPECIALES COVID-19"},"content":{"rendered":"\n<p>El Mercat de Flor i Planta hemos establecido las siguientes medidas especiales durante el confinamiento por el Covid-19.<\/p>\n\n\n\n<p>La informaci\u00f3n se actualitzar\u00e1 peri\u00f3dicamente. <\/p>\n\n\n\n<p style=\"color:#ffffff\" class=\"has-text-color\">X<\/p>\n\n\n\n<p style=\"color:#ffffff\" class=\"has-text-color\"> X <\/p>\n\n\n\n<p style=\"color:#ffffff\" class=\"has-text-color\"> X <\/p>\n\n\n\n<p><br><\/p>\n\n\n\n<figure class=\"wp-block-image size-large\"><img loading=\"lazy\" decoding=\"async\" width=\"724\" height=\"1024\" src=\"https:\/\/www.mercatflor.cat\/wp-content\/uploads\/2020\/03\/Infografia-Mesures-especials-ESP-724x1024.jpg\" alt=\"\" class=\"wp-image-12202\" srcset=\"https:\/\/www.mercatflor.cat\/wp-content\/uploads\/2020\/03\/Infografia-Mesures-especials-ESP-724x1024.jpg 724w, https:\/\/www.mercatflor.cat\/wp-content\/uploads\/2020\/03\/Infografia-Mesures-especials-ESP-212x300.jpg 212w, https:\/\/www.mercatflor.cat\/wp-content\/uploads\/2020\/03\/Infografia-Mesures-especials-ESP-113x160.jpg 113w, https:\/\/www.mercatflor.cat\/wp-content\/uploads\/2020\/03\/Infografia-Mesures-especials-ESP-768x1086.jpg 768w, https:\/\/www.mercatflor.cat\/wp-content\/uploads\/2020\/03\/Infografia-Mesures-especials-ESP-1086x1536.jpg 1086w, https:\/\/www.mercatflor.cat\/wp-content\/uploads\/2020\/03\/Infografia-Mesures-especials-ESP.jpg 1240w\" sizes=\"auto, (max-width: 724px) 100vw, 724px\" \/><\/figure>\n","protected":false},"excerpt":{"rendered":"<p>El Mercat de Flor i Planta hemos establecido las siguientes medidas especiales durante el confinamiento por el Covid-19. La informaci\u00f3n se actualitzar\u00e1 peri\u00f3dicamente. X X X<\/p>\n","protected":false},"author":2,"featured_media":12198,"comment_status":"closed","ping_status":"closed","sticky":false,"template":"","format":"standard","meta":{"footnotes":""},"categories":[125],"tags":[],"class_list":["post-12210","post","type-post","status-publish","format-standard","has-post-thumbnail","hentry","category-noticias"],"aioseo_notices":[],"_links":{"self":[{"href":"https:\/\/www.mercatflor.cat\/es\/wp-json\/wp\/v2\/posts\/12210","targetHints":{"allow":["GET"]}}],"collection":[{"href":"https:\/\/www.mercatflor.cat\/es\/wp-json\/wp\/v2\/posts"}],"about":[{"href":"https:\/\/www.mercatflor.cat\/es\/wp-json\/wp\/v2\/types\/post"}],"author":[{"embeddable":true,"href":"https:\/\/www.mercatflor.cat\/es\/wp-json\/wp\/v2\/users\/2"}],"replies":[{"embeddable":true,"href":"https:\/\/www.mercatflor.cat\/es\/wp-json\/wp\/v2\/comments?post=12210"}],"version-history":[{"count":1,"href":"https:\/\/www.mercatflor.cat\/es\/wp-json\/wp\/v2\/posts\/12210\/revisions"}],"predecessor-version":[{"id":12211,"href":"https:\/\/www.mercatflor.cat\/es\/wp-json\/wp\/v2\/posts\/12210\/revisions\/12211"}],"wp:featuredmedia":[{"embeddable":true,"href":"https:\/\/www.mercatflor.cat\/es\/wp-json\/wp\/v2\/media\/12198"}],"wp:attachment":[{"href":"https:\/\/www.mercatflor.cat\/es\/wp-json\/wp\/v2\/media?parent=12210"}],"wp:term":[{"taxonomy":"category","embeddable":true,"href":"https:\/\/www.mercatflor.cat\/es\/wp-json\/wp\/v2\/categories?post=12210"},{"taxonomy":"post_tag","embeddable":true,"href":"https:\/\/www.mercatflor.cat\/es\/wp-json\/wp\/v2\/tags?post=12210"}],"curies":[{"name":"wp","href":"https:\/\/api.w.org\/{rel}","templated":true}]}}