{"id":12110,"date":"2020-02-27T08:49:18","date_gmt":"2020-02-27T08:49:18","guid":{"rendered":"https:\/\/www.mercatflor.cat\/?p=12110"},"modified":"2020-03-10T09:40:39","modified_gmt":"2020-03-10T09:40:39","slug":"un-ano-mas-el-mercat-fem-primavera","status":"publish","type":"post","link":"https:\/\/www.mercatflor.cat\/es\/noticias\/2020\/02\/un-ano-mas-el-mercat-fem-primavera\/","title":{"rendered":"Un a\u00f1o m\u00e1s, el Mercat &#8216;FEM PRIMAVERA&#8217;!"},"content":{"rendered":"\n<p>El pr\u00f3ximo <strong>MI\u00c9RCOLES 11 DE MARZO<\/strong> daremos la bienvenida a la nueva temporada primaveral con una gran fiesta que queremos compartir contigo.<\/p>\n\n\n\n<p>Una celebraci\u00f3n en la que no va a faltar de nada: grandes promociones, talleres, una demostraci\u00f3n de florister\u00eda&#8230; y en la que te vamos a invitar a desayunar, comer y merendar.<\/p>\n\n\n\n<p class=\"has-text-color has-vivid-red-color\"><strong>Descuentos del 15% en todas las compras<\/strong><\/p>\n\n\n\n<p><strong>FEM PRIMAVERA<\/strong> ser\u00e1 una jornada en la que la Venta Directa abrir\u00e1 de modo continuado entre las 9 y las 17 horas, y en la que te ofreceremos un descuento del 15% sobre todas las compras, ya sean de flor, planta o complementos (<em>Consulta <strong><a href=\"https:\/\/www.mercatflor.cat\/wp-content\/uploads\/2020\/03\/20200304-Bases-VALS-DE-COMPRA.pdf\">AQUI <\/a><\/strong>las bases<\/em>).<strong> <\/strong>Adem\u00e1s, muchas paradas contar\u00e1n con ofertas especiales en sus productos.<\/p>\n\n\n\n<p class=\"has-text-color has-vivid-red-color\"><strong>Aprovecha para formarte: talleres y demostraciones gratuitos<\/strong><\/p>\n\n\n\n<p>Por la ma\u00f1ana podr\u00e1s participar en un taller de florister\u00eda que impartir\u00e1 D\u00eddac P\u00e9rez de la escuela SMILAX. La idea es que cojas ideas para San Jordi y el D\u00eda de la Madre. Ser\u00e1 un taller gratuito, pero como las plazas son limitadas, es necesario que te inscribas antes en Informaci\u00f3n rellenando un peque\u00f1o formulario.<\/p>\n\n\n\n<p>Tambi\u00e9n por la ma\u00f1ana, a las 11h, el GREMI DE FLORISTES nos ofrecer\u00e1 uan interesante formaci\u00f3n que bajo el t\u00edtulo Cu\u00e1l es la mejor red social para promocionar tu negocio? buscar\u00e1 ayudarnos a ser m\u00e1s competitivos en nuestros negocios, y donde nos presentar\u00e1 un ambicioso proyecto que quiere dotar a las florister\u00edas de webs personales de calidad para incrementar su presencia en Internet.<\/p>\n\n\n\n<p>Por la tarde, SMILAX nos har\u00e1 una demostraci\u00f3n de arte floral para mostrarnos las tendencias  de esta primavera y preparar sus principales campa\u00f1as.<\/p>\n\n\n\n<p class=\"has-text-color has-vivid-red-color\"><strong>Y te invitamos a comer!<\/strong><\/p>\n\n\n\n<p>Para que disfrutes del d\u00eda sin prisas, que puedas comprar con tiempo y participar en las distintas actividades, el Mercat hemos previsto invitarte a desayunar, comer e incluso merendar. Solo es necesario que, el mismo d\u00eda 11, recojas tu tiquet en Informaci\u00f3n.<\/p>\n\n\n\n<p>\u00bfVerdad que vas a venir?<strong> \u00a1Te esperamos!<\/strong><\/p>\n\n\n\n<figure class=\"wp-block-image size-large\"><img loading=\"lazy\" decoding=\"async\" width=\"724\" height=\"1024\" src=\"https:\/\/www.mercatflor.cat\/wp-content\/uploads\/2020\/02\/Programa-Web-724x1024.jpg\" alt=\"\" class=\"wp-image-12066\" srcset=\"https:\/\/www.mercatflor.cat\/wp-content\/uploads\/2020\/02\/Programa-Web-724x1024.jpg 724w, https:\/\/www.mercatflor.cat\/wp-content\/uploads\/2020\/02\/Programa-Web-212x300.jpg 212w, https:\/\/www.mercatflor.cat\/wp-content\/uploads\/2020\/02\/Programa-Web-113x160.jpg 113w, https:\/\/www.mercatflor.cat\/wp-content\/uploads\/2020\/02\/Programa-Web-768x1086.jpg 768w, https:\/\/www.mercatflor.cat\/wp-content\/uploads\/2020\/02\/Programa-Web.jpg 794w\" sizes=\"auto, (max-width: 724px) 100vw, 724px\" \/><\/figure>\n","protected":false},"excerpt":{"rendered":"<p>El pr\u00f3ximo MI\u00c9RCOLES 11 DE MARZO daremos la bienvenida a la nueva temporada primaveral con una gran fiesta que queremos compartir contigo. Una celebraci\u00f3n en la que no va a faltar de nada: grandes promociones, talleres, una demostraci\u00f3n de florister\u00eda&#8230; y en la que te vamos a invitar a desayunar, comer y merendar. Descuentos del [&hellip;]<\/p>\n","protected":false},"author":2,"featured_media":12065,"comment_status":"closed","ping_status":"closed","sticky":false,"template":"","format":"standard","meta":{"footnotes":""},"categories":[125],"tags":[],"class_list":["post-12110","post","type-post","status-publish","format-standard","has-post-thumbnail","hentry","category-noticias"],"aioseo_notices":[],"_links":{"self":[{"href":"https:\/\/www.mercatflor.cat\/es\/wp-json\/wp\/v2\/posts\/12110","targetHints":{"allow":["GET"]}}],"collection":[{"href":"https:\/\/www.mercatflor.cat\/es\/wp-json\/wp\/v2\/posts"}],"about":[{"href":"https:\/\/www.mercatflor.cat\/es\/wp-json\/wp\/v2\/types\/post"}],"author":[{"embeddable":true,"href":"https:\/\/www.mercatflor.cat\/es\/wp-json\/wp\/v2\/users\/2"}],"replies":[{"embeddable":true,"href":"https:\/\/www.mercatflor.cat\/es\/wp-json\/wp\/v2\/comments?post=12110"}],"version-history":[{"count":4,"href":"https:\/\/www.mercatflor.cat\/es\/wp-json\/wp\/v2\/posts\/12110\/revisions"}],"predecessor-version":[{"id":12115,"href":"https:\/\/www.mercatflor.cat\/es\/wp-json\/wp\/v2\/posts\/12110\/revisions\/12115"}],"wp:featuredmedia":[{"embeddable":true,"href":"https:\/\/www.mercatflor.cat\/es\/wp-json\/wp\/v2\/media\/12065"}],"wp:attachment":[{"href":"https:\/\/www.mercatflor.cat\/es\/wp-json\/wp\/v2\/media?parent=12110"}],"wp:term":[{"taxonomy":"category","embeddable":true,"href":"https:\/\/www.mercatflor.cat\/es\/wp-json\/wp\/v2\/categories?post=12110"},{"taxonomy":"post_tag","embeddable":true,"href":"https:\/\/www.mercatflor.cat\/es\/wp-json\/wp\/v2\/tags?post=12110"}],"curies":[{"name":"wp","href":"https:\/\/api.w.org\/{rel}","templated":true}]}}