{"id":11382,"date":"2019-06-21T06:36:34","date_gmt":"2019-06-21T06:36:34","guid":{"rendered":"https:\/\/www.mercatflor.cat\/?p=11382"},"modified":"2019-06-21T06:36:38","modified_gmt":"2019-06-21T06:36:38","slug":"horario-de-verano-julio-y-agosto-abrimos-solo-de-8-a-13-horas","status":"publish","type":"post","link":"https:\/\/www.mercatflor.cat\/es\/noticias\/2019\/06\/horario-de-verano-julio-y-agosto-abrimos-solo-de-8-a-13-horas\/","title":{"rendered":"HORARIO DE VERANO: Julio y agosto abrimos solo de 8 a 13 horas"},"content":{"rendered":"\n<p><strong>Del 1 de julio al 3 de agosto<\/strong>\u00a0-ambos inclu\u00eddos- la Venta Directa del Mercat de Flor i Planta Ornamental de Catalunya abriremos de acuerdo al horario de verano que ya hemos aplicado en los \u00faltimos a\u00f1os.<\/p>\n\n\n\n<p>De este modo, los d\u00edas y horarios de apertura de la&nbsp;<strong>Venta Directa del Mercat<\/strong>&nbsp;ser\u00e1n:<\/p>\n\n\n\n<p class=\"has-text-color has-medium-font-size has-vivid-red-color\"><strong>Lunes, Mi\u00e9rcoles y Viernes de 8 a 13 horas.<\/strong><\/p>\n\n\n\n<p class=\"has-text-color has-vivid-red-color\"><strong>Tardes cerrado.<\/strong><\/p>\n\n\n\n<p>Y por lo que se refiere al horario de&nbsp;<strong>oficinas<\/strong>, el Mercat ofrecer\u00e1 servicio de lunes a viernes de 8 a 16 horas.<\/p>\n","protected":false},"excerpt":{"rendered":"<p>Del 1 de julio al 3 de agosto\u00a0-ambos inclu\u00eddos- la Venta Directa del Mercat de Flor i Planta Ornamental de Catalunya abriremos de acuerdo al horario de verano que ya hemos aplicado en los \u00faltimos a\u00f1os. De este modo, los d\u00edas y horarios de apertura de la&nbsp;Venta Directa del Mercat&nbsp;ser\u00e1n: Lunes, Mi\u00e9rcoles y Viernes de [&hellip;]<\/p>\n","protected":false},"author":2,"featured_media":11375,"comment_status":"closed","ping_status":"closed","sticky":false,"template":"","format":"standard","meta":{"footnotes":""},"categories":[125],"tags":[],"class_list":["post-11382","post","type-post","status-publish","format-standard","has-post-thumbnail","hentry","category-noticias"],"aioseo_notices":[],"_links":{"self":[{"href":"https:\/\/www.mercatflor.cat\/es\/wp-json\/wp\/v2\/posts\/11382","targetHints":{"allow":["GET"]}}],"collection":[{"href":"https:\/\/www.mercatflor.cat\/es\/wp-json\/wp\/v2\/posts"}],"about":[{"href":"https:\/\/www.mercatflor.cat\/es\/wp-json\/wp\/v2\/types\/post"}],"author":[{"embeddable":true,"href":"https:\/\/www.mercatflor.cat\/es\/wp-json\/wp\/v2\/users\/2"}],"replies":[{"embeddable":true,"href":"https:\/\/www.mercatflor.cat\/es\/wp-json\/wp\/v2\/comments?post=11382"}],"version-history":[{"count":1,"href":"https:\/\/www.mercatflor.cat\/es\/wp-json\/wp\/v2\/posts\/11382\/revisions"}],"predecessor-version":[{"id":11383,"href":"https:\/\/www.mercatflor.cat\/es\/wp-json\/wp\/v2\/posts\/11382\/revisions\/11383"}],"wp:featuredmedia":[{"embeddable":true,"href":"https:\/\/www.mercatflor.cat\/es\/wp-json\/wp\/v2\/media\/11375"}],"wp:attachment":[{"href":"https:\/\/www.mercatflor.cat\/es\/wp-json\/wp\/v2\/media?parent=11382"}],"wp:term":[{"taxonomy":"category","embeddable":true,"href":"https:\/\/www.mercatflor.cat\/es\/wp-json\/wp\/v2\/categories?post=11382"},{"taxonomy":"post_tag","embeddable":true,"href":"https:\/\/www.mercatflor.cat\/es\/wp-json\/wp\/v2\/tags?post=11382"}],"curies":[{"name":"wp","href":"https:\/\/api.w.org\/{rel}","templated":true}]}}