{"id":11238,"date":"2019-05-29T11:21:49","date_gmt":"2019-05-29T11:21:49","guid":{"rendered":"https:\/\/www.mercatflor.cat\/?p=11238"},"modified":"2019-06-11T14:24:59","modified_gmt":"2019-06-11T14:24:59","slug":"el-mercat-abre-sus-puertas-a-los-profesionales-de-viridalia","status":"publish","type":"post","link":"https:\/\/www.mercatflor.cat\/es\/noticias\/2019\/05\/el-mercat-abre-sus-puertas-a-los-profesionales-de-viridalia\/","title":{"rendered":"El Mercat abre sus puertas a los profesionales de Viridalia"},"content":{"rendered":"\n<p>El Mercat de Flor i Planta Ornamental de Catalunya tomamos parte en la edici\u00f3n de este a\u00f1o de Viridalia, las jornadas de puertas abiertas de viveros y comercializadoras que tendr\u00e1n lugar los d\u00edas 5, 6 y 7 de junio.<\/p>\n\n\n\n<p>El Mercat seremos el punto de partida de estas visitas que invitan a los profesionales del sector a conocer de primera mano los productos ornamentales de obtentores, horticultores y comercializadores que se encuentran en el Maresme.<\/p>\n\n\n\n<p>En el Mercat mostraremos la ampl\u00edsima oferta de flor, planta y complementos con que contamos en la sala de Venta Directa, y adem\u00e1s, expondremos el producto de los 23 socios productores adheridos a la marca de calidad CULTIU D&#8217;AQU\u00cd.<\/p>\n\n\n\n<p>Aprovecha la oportunidad que te brindamos y ven a visitar el Mercat y los viveros de algunos de nuestros socios!<\/p>\n\n\n\n<p>M\u00e1s informaci\u00f3n e inscripciones <a href=\"http:\/\/www.viridalia.com\">AQU\u00cd<\/a><\/p>\n","protected":false},"excerpt":{"rendered":"<p>El Mercat de Flor i Planta Ornamental de Catalunya tomamos parte en la edici\u00f3n de este a\u00f1o de Viridalia, las jornadas de puertas abiertas de viveros y comercializadoras que tendr\u00e1n lugar los d\u00edas 5, 6 y 7 de junio. El Mercat seremos el punto de partida de estas visitas que invitan a los profesionales del [&hellip;]<\/p>\n","protected":false},"author":2,"featured_media":11215,"comment_status":"closed","ping_status":"closed","sticky":false,"template":"","format":"standard","meta":{"footnotes":""},"categories":[125],"tags":[],"class_list":["post-11238","post","type-post","status-publish","format-standard","has-post-thumbnail","hentry","category-noticias"],"aioseo_notices":[],"_links":{"self":[{"href":"https:\/\/www.mercatflor.cat\/es\/wp-json\/wp\/v2\/posts\/11238","targetHints":{"allow":["GET"]}}],"collection":[{"href":"https:\/\/www.mercatflor.cat\/es\/wp-json\/wp\/v2\/posts"}],"about":[{"href":"https:\/\/www.mercatflor.cat\/es\/wp-json\/wp\/v2\/types\/post"}],"author":[{"embeddable":true,"href":"https:\/\/www.mercatflor.cat\/es\/wp-json\/wp\/v2\/users\/2"}],"replies":[{"embeddable":true,"href":"https:\/\/www.mercatflor.cat\/es\/wp-json\/wp\/v2\/comments?post=11238"}],"version-history":[{"count":1,"href":"https:\/\/www.mercatflor.cat\/es\/wp-json\/wp\/v2\/posts\/11238\/revisions"}],"predecessor-version":[{"id":11239,"href":"https:\/\/www.mercatflor.cat\/es\/wp-json\/wp\/v2\/posts\/11238\/revisions\/11239"}],"wp:featuredmedia":[{"embeddable":true,"href":"https:\/\/www.mercatflor.cat\/es\/wp-json\/wp\/v2\/media\/11215"}],"wp:attachment":[{"href":"https:\/\/www.mercatflor.cat\/es\/wp-json\/wp\/v2\/media?parent=11238"}],"wp:term":[{"taxonomy":"category","embeddable":true,"href":"https:\/\/www.mercatflor.cat\/es\/wp-json\/wp\/v2\/categories?post=11238"},{"taxonomy":"post_tag","embeddable":true,"href":"https:\/\/www.mercatflor.cat\/es\/wp-json\/wp\/v2\/tags?post=11238"}],"curies":[{"name":"wp","href":"https:\/\/api.w.org\/{rel}","templated":true}]}}